{"id":4404,"date":"2014-07-02T10:46:14","date_gmt":"2014-07-02T07:46:14","guid":{"rendered":"http:\/\/www.sana.sy\/tr\/?p=4404"},"modified":"2014-07-02T10:46:14","modified_gmt":"2014-07-02T07:46:14","slug":"bomba-duzenegini-ekerken-patladi","status":"publish","type":"post","link":"https:\/\/archive.sana.sy\/tr\/?p=4404","title":{"rendered":"Bomba D\u00fczene\u011fini Ekerken Patlad\u0131"},"content":{"rendered":"<p><span>HAMA \u2013<\/span> Bir ter\u00f6ristin Selemiye kenti Bat\u0131 Semtinde bomba d\u00fczene\u011fini ekme giri\u015fimi s\u0131ras\u0131nda meydana gelen patlama sonucunda \u00f6ld\u00fc.<\/p>\n<p>Hama Emniyet M\u00fcd\u00fcrl\u00fc\u011f\u00fcnde Kaynak SANA\u2019ya a\u00e7\u0131klamas\u0131nda, patlaman\u0131n d\u00fcn ak\u015fam ter\u00f6ristin bomba d\u00fczene\u011fini masum sivil vatanda\u015flar\u0131 hedef almak i\u00e7in yerle\u015fim binalar\u0131 yak\u0131nlar\u0131ndaki bir caddenin kald\u0131r\u0131m\u0131 yak\u0131nlar\u0131nda ekmeye \u00e7al\u0131\u015fmas\u0131 esnas\u0131nda meydana geldi\u011fini s\u00f6yledi.<\/p>\n<p>&nbsp;<\/p>\n","protected":false},"excerpt":{"rendered":"<p>HAMA \u2013 Bir ter\u00f6ristin Selemiye kenti Bat\u0131 Semtinde bomba d\u00fczene\u011fini ekme giri\u015fimi s\u0131ras\u0131nda meydana gelen patlama sonucunda \u00f6ld\u00fc. Hama Emniyet M\u00fcd\u00fcrl\u00fc\u011f\u00fcnde Kaynak SANA\u2019ya a\u00e7\u0131klamas\u0131nda, patlaman\u0131n d\u00fcn ak\u015fam ter\u00f6ristin bomba d\u00fczene\u011fini masum sivil vatanda\u015flar\u0131 hedef almak i\u00e7in yerle\u015fim binalar\u0131 yak\u0131nlar\u0131ndaki bir caddenin kald\u0131r\u0131m\u0131 yak\u0131nlar\u0131nda ekmeye \u00e7al\u0131\u015fmas\u0131 esnas\u0131nda meydana geldi\u011fini s\u00f6yledi. &nbsp;<\/p>\n","protected":false},"author":1,"featured_media":4405,"comment_status":"closed","ping_status":"closed","sticky":false,"template":"","format":"standard","meta":{"footnotes":""},"categories":[575],"tags":[954],"class_list":["post-4404","post","type-post","status-publish","format-standard","has-post-thumbnail","","category-olaylar-ve-gercekler","tag-bomba-duzenegini-ekerken-patladi"],"_links":{"self":[{"href":"https:\/\/archive.sana.sy\/tr\/index.php?rest_route=\/wp\/v2\/posts\/4404","targetHints":{"allow":["GET"]}}],"collection":[{"href":"https:\/\/archive.sana.sy\/tr\/index.php?rest_route=\/wp\/v2\/posts"}],"about":[{"href":"https:\/\/archive.sana.sy\/tr\/index.php?rest_route=\/wp\/v2\/types\/post"}],"author":[{"embeddable":true,"href":"https:\/\/archive.sana.sy\/tr\/index.php?rest_route=\/wp\/v2\/users\/1"}],"replies":[{"embeddable":true,"href":"https:\/\/archive.sana.sy\/tr\/index.php?rest_route=%2Fwp%2Fv2%2Fcomments&post=4404"}],"version-history":[{"count":0,"href":"https:\/\/archive.sana.sy\/tr\/index.php?rest_route=\/wp\/v2\/posts\/4404\/revisions"}],"wp:featuredmedia":[{"embeddable":true,"href":"https:\/\/archive.sana.sy\/tr\/index.php?rest_route=\/wp\/v2\/media\/4405"}],"wp:attachment":[{"href":"https:\/\/archive.sana.sy\/tr\/index.php?rest_route=%2Fwp%2Fv2%2Fmedia&parent=4404"}],"wp:term":[{"taxonomy":"category","embeddable":true,"href":"https:\/\/archive.sana.sy\/tr\/index.php?rest_route=%2Fwp%2Fv2%2Fcategories&post=4404"},{"taxonomy":"post_tag","embeddable":true,"href":"https:\/\/archive.sana.sy\/tr\/index.php?rest_route=%2Fwp%2Fv2%2Ftags&post=4404"}],"curies":[{"name":"wp","href":"https:\/\/api.w.org\/{rel}","templated":true}]}}