{"id":44082,"date":"2015-08-17T12:22:48","date_gmt":"2015-08-17T09:22:48","guid":{"rendered":"http:\/\/www.sana.sy\/tr\/?p=44082"},"modified":"2015-08-17T12:22:48","modified_gmt":"2015-08-17T09:22:48","slug":"erdogana-bagli-ceteler-biri-cocuk-iki-vatandasimizi-sehit-dusurdu","status":"publish","type":"post","link":"https:\/\/archive.sana.sy\/tr\/?p=44082","title":{"rendered":"Erdo\u011fan\u2019a Ba\u011fl\u0131 \u00c7eteler Biri \u00c7ocuk \u0130ki Vatanda\u015f\u0131m\u0131z\u0131 \u015eehit D\u00fc\u015f\u00fcrd\u00fc"},"content":{"rendered":"<p>HALEP \u2013 Katil Erdo\u011fan\u2019a ba\u011fl\u0131 silahl\u0131 ter\u00f6r gruplar\u0131n\u0131n Halep Kentinin el Hamdaniye Semtinde d\u00fczenledi\u011fi roket sald\u0131r\u0131lar\u0131 sonucunda 2 vatanda\u015f\u0131m\u0131z \u015fehit d\u00fc\u015ft\u00fc 17 vatanda\u015f\u0131m\u0131z yaraland\u0131.<\/p>\n<p>Halep Emniyet M\u00fcd\u00fcrl\u00fc\u011f\u00fcnde yetkili bir kaynak ter\u00f6ristlerin Hamdaniye semtinde d\u00fczenledikleri roket sald\u0131r\u0131lar\u0131nda biri \u00e7ocuk iki vatanda\u015f\u0131m\u0131z \u015fehit d\u00fc\u015ferken 17 vatanda\u015f\u0131m\u0131z\u0131n da yaraland\u0131\u011f\u0131n\u0131 belirtti.<\/p>\n<p>Yaral\u0131 vatanda\u015flar\u0131m\u0131z\u0131n hastaneye kald\u0131r\u0131larak tedavi alt\u0131na al\u0131nd\u0131klar\u0131n\u0131 ifade eden kaynak, roket sald\u0131r\u0131lar\u0131n\u0131n ayr\u0131ca b\u00fcy\u00fck bir maddi hasara yol a\u00e7t\u0131\u011f\u0131n\u0131 da ekledi.<\/p>\n<p>F.B. &#8211; R.H.<\/p>\n","protected":false},"excerpt":{"rendered":"<p>HALEP \u2013 Katil Erdo\u011fan\u2019a ba\u011fl\u0131 silahl\u0131 ter\u00f6r gruplar\u0131n\u0131n Halep Kentinin el Hamdaniye Semtinde d\u00fczenledi\u011fi roket sald\u0131r\u0131lar\u0131 sonucunda 2 vatanda\u015f\u0131m\u0131z \u015fehit d\u00fc\u015ft\u00fc 17 vatanda\u015f\u0131m\u0131z yaraland\u0131. Halep Emniyet M\u00fcd\u00fcrl\u00fc\u011f\u00fcnde yetkili bir kaynak ter\u00f6ristlerin Hamdaniye semtinde d\u00fczenledikleri roket sald\u0131r\u0131lar\u0131nda biri \u00e7ocuk iki vatanda\u015f\u0131m\u0131z \u015fehit d\u00fc\u015ferken 17 vatanda\u015f\u0131m\u0131z\u0131n da yaraland\u0131\u011f\u0131n\u0131 belirtti. Yaral\u0131 vatanda\u015flar\u0131m\u0131z\u0131n hastaneye kald\u0131r\u0131larak tedavi alt\u0131na al\u0131nd\u0131klar\u0131n\u0131 ifade &hellip;<\/p>\n","protected":false},"author":1,"featured_media":44083,"comment_status":"closed","ping_status":"closed","sticky":false,"template":"","format":"standard","meta":{"footnotes":""},"categories":[479,575],"tags":[],"class_list":["post-44082","post","type-post","status-publish","format-standard","has-post-thumbnail","","category-haberler-yerel","category-olaylar-ve-gercekler"],"_links":{"self":[{"href":"https:\/\/archive.sana.sy\/tr\/index.php?rest_route=\/wp\/v2\/posts\/44082","targetHints":{"allow":["GET"]}}],"collection":[{"href":"https:\/\/archive.sana.sy\/tr\/index.php?rest_route=\/wp\/v2\/posts"}],"about":[{"href":"https:\/\/archive.sana.sy\/tr\/index.php?rest_route=\/wp\/v2\/types\/post"}],"author":[{"embeddable":true,"href":"https:\/\/archive.sana.sy\/tr\/index.php?rest_route=\/wp\/v2\/users\/1"}],"replies":[{"embeddable":true,"href":"https:\/\/archive.sana.sy\/tr\/index.php?rest_route=%2Fwp%2Fv2%2Fcomments&post=44082"}],"version-history":[{"count":0,"href":"https:\/\/archive.sana.sy\/tr\/index.php?rest_route=\/wp\/v2\/posts\/44082\/revisions"}],"wp:featuredmedia":[{"embeddable":true,"href":"https:\/\/archive.sana.sy\/tr\/index.php?rest_route=\/wp\/v2\/media\/44083"}],"wp:attachment":[{"href":"https:\/\/archive.sana.sy\/tr\/index.php?rest_route=%2Fwp%2Fv2%2Fmedia&parent=44082"}],"wp:term":[{"taxonomy":"category","embeddable":true,"href":"https:\/\/archive.sana.sy\/tr\/index.php?rest_route=%2Fwp%2Fv2%2Fcategories&post=44082"},{"taxonomy":"post_tag","embeddable":true,"href":"https:\/\/archive.sana.sy\/tr\/index.php?rest_route=%2Fwp%2Fv2%2Ftags&post=44082"}],"curies":[{"name":"wp","href":"https:\/\/api.w.org\/{rel}","templated":true}]}}