{"id":44130,"date":"2015-08-17T17:39:12","date_gmt":"2015-08-17T14:39:12","guid":{"rendered":"http:\/\/sana.sy\/tr\/?p=44130"},"modified":"2015-08-17T17:39:12","modified_gmt":"2015-08-17T14:39:12","slug":"obrien-sivillerin-korunmasi-ve-insani-kanunlara-saygi-duyulmasi-cagrisi-yapti","status":"publish","type":"post","link":"https:\/\/archive.sana.sy\/tr\/?p=44130","title":{"rendered":"O\u2019Brien Sivillerin Korunmas\u0131 ve \u0130nsani Kanunlara Sayg\u0131 Duyulmas\u0131 \u00c7a\u011fr\u0131s\u0131 Yapt\u0131"},"content":{"rendered":"<p>\u015eAM \u2013 BM Genel Sekreterinin \u0130nsani Yard\u0131m \u00c7al\u0131\u015fmalardan Sorumlu Yard\u0131mc\u0131s\u0131 Stephen O&#8217;Brien, uluslararas\u0131 toplumdan Suriye\u2019de insani yard\u0131m ihtiya\u00e7lar\u0131n\u0131 kar\u015f\u0131lamak i\u00e7in sa\u011flad\u0131\u011f\u0131 finans\u0131 b\u00fcy\u00fctme \u00e7a\u011fr\u0131s\u0131nda bulunarak yard\u0131m kaynaklar\u0131n\u0131n az olmas\u0131n\u0131n insani yard\u0131m \u00e7al\u0131\u015fmalar\u0131na olumsuz bir \u015fekilde yans\u0131yaca\u011f\u0131 kayg\u0131s\u0131n\u0131 belirtti.<\/p>\n<p><a href=\"http:\/\/sana.sy\/tr\/wp-content\/uploads\/2015\/08\/OBrien-1.jpg\"><img loading=\"lazy\" decoding=\"async\" class=\"alignright wp-image-44132 size-medium\" src=\"http:\/\/sana.sy\/tr\/wp-content\/uploads\/2015\/08\/OBrien-1-300x160.jpg\" alt=\"O'Brien 1\" width=\"300\" height=\"160\" srcset=\"https:\/\/archive.sana.sy\/tr\/wp-content\/uploads\/2015\/08\/OBrien-1-300x160.jpg 300w, https:\/\/archive.sana.sy\/tr\/wp-content\/uploads\/2015\/08\/OBrien-1-150x80.jpg 150w, https:\/\/archive.sana.sy\/tr\/wp-content\/uploads\/2015\/08\/OBrien-1.jpg 620w\" sizes=\"auto, (max-width: 300px) 100vw, 300px\" \/><\/a>Bug\u00fcn Four Seasons Otelinde bir bas\u0131n toplant\u0131s\u0131 d\u00fczenleyen O\u2019Brien; sivillerin korumas\u0131 ve insani kanunlara sayg\u0131 duyulmas\u0131 \u00e7a\u011fr\u0131s\u0131 yaparak siyasi bir \u00e7\u00f6z\u00fcme ula\u015f\u0131lmas\u0131yla insanlar\u0131n Suriye\u2019de normal ya\u015famlar\u0131na d\u00f6nmeleri umudunu dile getirdi.<\/p>\n<p>Silahl\u0131 ter\u00f6r gruplar\u0131n\u0131n \u015eam, Halep ve Dera\u2019da i\u00e7me suyunu kesmelerinin kabul edilemez bir durum oldu\u011funa dikkat \u00e7eken O\u2019Brien; \u0130nsani yard\u0131m \u00e7al\u0131\u015fmalar\u0131nda g\u00f6rev yapanlar\u0131n siyasi ve askeri \u00e7eki\u015fmelerden uzak sadece insani boyuta odaklanmalar\u0131 gerekti\u011finin alt\u0131n\u0131 \u00e7izdi.<\/p>\n<p>SANA muhabirinin; ge\u00e7ici ikame merkezlerindeki Suriyelilerin durumuna ili\u015fkin sorusunu cevaplayan O\u2019Brien, ter\u00f6r ma\u011fdurlar\u0131n\u0131n korunmas\u0131 ve ihtiya\u00e7lar\u0131n\u0131n kar\u015f\u0131lanmas\u0131n\u0131n \u00f6nemine dikkat \u00e7ekerek evlerinden ve topraklar\u0131ndan zor ve bask\u0131 ile ka\u00e7\u0131rt\u0131lan bu insanlarla muamelede insani bir \u00fcslup kullan\u0131lmas\u0131 gere\u011fini vurgulad\u0131.<\/p>\n<p>Suriye ziyareti kapsam\u0131nda ger\u00e7ekle\u015ftirdi\u011fi g\u00f6r\u00fc\u015fmeleri de de\u011ferlendiren O\u2019Brien; Suriyeli yetkililerle yapt\u0131\u011f\u0131 b\u00fct\u00fcn g\u00f6r\u00fc\u015fmelerin insani yard\u0131m faaliyetlerinin peki\u015ftirilmesine odakland\u0131\u011f\u0131n\u0131 dile getirerek insani yard\u0131m faaliyetlerinde \u00e7al\u0131\u015fmakta olan b\u00fct\u00fcn g\u00f6revlileri sorumluluk bilinci ve g\u00f6revlerine olan sadakatleri nedeniyle takdir etti\u011fini ekledi.<\/p>\n<p>F.B. &#8211; M.M.<\/p>\n","protected":false},"excerpt":{"rendered":"<p>\u015eAM \u2013 BM Genel Sekreterinin \u0130nsani Yard\u0131m \u00c7al\u0131\u015fmalardan Sorumlu Yard\u0131mc\u0131s\u0131 Stephen O&#8217;Brien, uluslararas\u0131 toplumdan Suriye\u2019de insani yard\u0131m ihtiya\u00e7lar\u0131n\u0131 kar\u015f\u0131lamak i\u00e7in sa\u011flad\u0131\u011f\u0131 finans\u0131 b\u00fcy\u00fctme \u00e7a\u011fr\u0131s\u0131nda bulunarak yard\u0131m kaynaklar\u0131n\u0131n az olmas\u0131n\u0131n insani yard\u0131m \u00e7al\u0131\u015fmalar\u0131na olumsuz bir \u015fekilde yans\u0131yaca\u011f\u0131 kayg\u0131s\u0131n\u0131 belirtti. Bug\u00fcn Four Seasons Otelinde bir bas\u0131n toplant\u0131s\u0131 d\u00fczenleyen O\u2019Brien; sivillerin korumas\u0131 ve insani kanunlara sayg\u0131 duyulmas\u0131 \u00e7a\u011fr\u0131s\u0131 &hellip;<\/p>\n","protected":false},"author":1,"featured_media":44131,"comment_status":"closed","ping_status":"closed","sticky":false,"template":"","format":"standard","meta":{"footnotes":""},"categories":[479,447,478],"tags":[16298],"class_list":["post-44130","post","type-post","status-publish","format-standard","has-post-thumbnail","","category-haberler-yerel","category-politika","category-yerel","tag-obrien-sivillerin-korunmasi-ve-insani-kanunlara-saygi-duyulmasi-cagrisi-yapti"],"_links":{"self":[{"href":"https:\/\/archive.sana.sy\/tr\/index.php?rest_route=\/wp\/v2\/posts\/44130","targetHints":{"allow":["GET"]}}],"collection":[{"href":"https:\/\/archive.sana.sy\/tr\/index.php?rest_route=\/wp\/v2\/posts"}],"about":[{"href":"https:\/\/archive.sana.sy\/tr\/index.php?rest_route=\/wp\/v2\/types\/post"}],"author":[{"embeddable":true,"href":"https:\/\/archive.sana.sy\/tr\/index.php?rest_route=\/wp\/v2\/users\/1"}],"replies":[{"embeddable":true,"href":"https:\/\/archive.sana.sy\/tr\/index.php?rest_route=%2Fwp%2Fv2%2Fcomments&post=44130"}],"version-history":[{"count":0,"href":"https:\/\/archive.sana.sy\/tr\/index.php?rest_route=\/wp\/v2\/posts\/44130\/revisions"}],"wp:featuredmedia":[{"embeddable":true,"href":"https:\/\/archive.sana.sy\/tr\/index.php?rest_route=\/wp\/v2\/media\/44131"}],"wp:attachment":[{"href":"https:\/\/archive.sana.sy\/tr\/index.php?rest_route=%2Fwp%2Fv2%2Fmedia&parent=44130"}],"wp:term":[{"taxonomy":"category","embeddable":true,"href":"https:\/\/archive.sana.sy\/tr\/index.php?rest_route=%2Fwp%2Fv2%2Fcategories&post=44130"},{"taxonomy":"post_tag","embeddable":true,"href":"https:\/\/archive.sana.sy\/tr\/index.php?rest_route=%2Fwp%2Fv2%2Ftags&post=44130"}],"curies":[{"name":"wp","href":"https:\/\/api.w.org\/{rel}","templated":true}]}}