{"id":4414,"date":"2014-07-02T13:15:35","date_gmt":"2014-07-02T10:15:35","guid":{"rendered":"http:\/\/www.sana.sy\/tr\/?p=4414"},"modified":"2014-07-02T13:15:35","modified_gmt":"2014-07-02T10:15:35","slug":"askeri-kaynak-sanaya-aciklamasinda-ordu-birlikleri-ve-silahli-kuvvetlerimizin-sam-kirsali-han-el-sihte-terorist-toplanma-merkezleri-ve-hucrelerini-hedef-aldiklarini-aralarinda-teror","status":"publish","type":"post","link":"https:\/\/archive.sana.sy\/tr\/?p=4414","title":{"rendered":"Askeri kaynak SANA\u2019ya a\u00e7\u0131klamas\u0131nda ordu birlikleri ve silahl\u0131 kuvvetlerimizin \u015eam K\u0131rsal\u0131 Han el \u015eih\u2019te ter\u00f6rist toplanma merkezleri ve h\u00fccrelerini hedef ald\u0131klar\u0131n\u0131 aralar\u0131nda ter\u00f6r leba\u015flar\u0131n\u0131n da bulundu\u011fu 15 ter\u00f6risti \u00f6ld\u00fcrd\u00fc baz\u0131lar\u0131n\u0131 da yaralad\u0131."},"content":{"rendered":"<p>Askeri kaynak SANA\u2019ya a\u00e7\u0131klamas\u0131nda ordu birlikleri ve silahl\u0131 kuvvetlerimizin \u015eam K\u0131rsal\u0131 Han el \u015eih\u2019te ter\u00f6rist toplanma merkezleri ve h\u00fccrelerini hedef ald\u0131klar\u0131n\u0131 aralar\u0131nda ter\u00f6r leba\u015flar\u0131n\u0131n da bulundu\u011fu 15 ter\u00f6risti \u00f6ld\u00fcrd\u00fc baz\u0131lar\u0131n\u0131 da yaralad\u0131.<\/p>\n","protected":false},"excerpt":{"rendered":"<p>Askeri kaynak SANA\u2019ya a\u00e7\u0131klamas\u0131nda ordu birlikleri ve silahl\u0131 kuvvetlerimizin \u015eam K\u0131rsal\u0131 Han el \u015eih\u2019te ter\u00f6rist toplanma merkezleri ve h\u00fccrelerini hedef ald\u0131klar\u0131n\u0131 aralar\u0131nda ter\u00f6r leba\u015flar\u0131n\u0131n da bulundu\u011fu 15 ter\u00f6risti \u00f6ld\u00fcrd\u00fc baz\u0131lar\u0131n\u0131 da yaralad\u0131.<\/p>\n","protected":false},"author":1,"featured_media":0,"comment_status":"closed","ping_status":"closed","sticky":false,"template":"","format":"standard","meta":{"footnotes":""},"categories":[1],"tags":[958],"class_list":["post-4414","post","type-post","status-publish","format-standard","","category-news-not-sorted","tag-askeri-kaynak-sanaya-aciklamasinda-ordu-birlikleri-ve-silahli-kuvvetlerimizin-sam-kirsali-han-el-sihte-terorist-toplanma-merkezleri-ve-hucrelerini-hedef-aldiklarini-aralarinda-teror"],"_links":{"self":[{"href":"https:\/\/archive.sana.sy\/tr\/index.php?rest_route=\/wp\/v2\/posts\/4414","targetHints":{"allow":["GET"]}}],"collection":[{"href":"https:\/\/archive.sana.sy\/tr\/index.php?rest_route=\/wp\/v2\/posts"}],"about":[{"href":"https:\/\/archive.sana.sy\/tr\/index.php?rest_route=\/wp\/v2\/types\/post"}],"author":[{"embeddable":true,"href":"https:\/\/archive.sana.sy\/tr\/index.php?rest_route=\/wp\/v2\/users\/1"}],"replies":[{"embeddable":true,"href":"https:\/\/archive.sana.sy\/tr\/index.php?rest_route=%2Fwp%2Fv2%2Fcomments&post=4414"}],"version-history":[{"count":0,"href":"https:\/\/archive.sana.sy\/tr\/index.php?rest_route=\/wp\/v2\/posts\/4414\/revisions"}],"wp:attachment":[{"href":"https:\/\/archive.sana.sy\/tr\/index.php?rest_route=%2Fwp%2Fv2%2Fmedia&parent=4414"}],"wp:term":[{"taxonomy":"category","embeddable":true,"href":"https:\/\/archive.sana.sy\/tr\/index.php?rest_route=%2Fwp%2Fv2%2Fcategories&post=4414"},{"taxonomy":"post_tag","embeddable":true,"href":"https:\/\/archive.sana.sy\/tr\/index.php?rest_route=%2Fwp%2Fv2%2Ftags&post=4414"}],"curies":[{"name":"wp","href":"https:\/\/api.w.org\/{rel}","templated":true}]}}