{"id":44213,"date":"2015-08-18T20:00:40","date_gmt":"2015-08-18T17:00:40","guid":{"rendered":"http:\/\/sana.sy\/tr\/?p=44213"},"modified":"2015-08-19T20:16:56","modified_gmt":"2015-08-19T17:16:56","slug":"kahramanlarimiz-askeri-zaferleri-buyutmeyi-surduruyor","status":"publish","type":"post","link":"https:\/\/archive.sana.sy\/tr\/?p=44213","title":{"rendered":"Kahramanlar\u0131m\u0131z Askeri Zaferleri B\u00fcy\u00fctmeyi S\u00fcrd\u00fcr\u00fcyor"},"content":{"rendered":"<p>\u0130LLER \u2013 Kahraman ordu birliklerimiz; \u00fclkenin d\u00f6rt bir yan\u0131nda s\u00fcrd\u00fcrd\u00fckleri ba\u015far\u0131l\u0131 operasyonlarla, Silahl\u0131 ter\u00f6r gruplar\u0131n\u0131n talan etmeye \u00e7al\u0131\u015ft\u0131klar\u0131 vatan topraklar\u0131n\u0131n her k\u00f6\u015fesinde huzur ve istikrar\u0131 yeniden sa\u011flamaya ve askeri alanlarda kazand\u0131klar\u0131 zaferleri b\u00fcy\u00fctmeye devam ediyorlar.<\/p>\n<p><span style=\"color: #0000ff\">LAZK\u0130YE:<\/span><\/p>\n<p>Ordu birliklerimiz halk savunma g\u00fc\u00e7leriyle i\u015fbirli\u011fi i\u00e7inde Lazkiye k\u0131rsal\u0131n\u0131n kuzeyinde Vahhabi Erdo\u011fan rejimine ba\u011fl\u0131 ter\u00f6r \u00f6rg\u00fctlerin yuvalar\u0131n\u0131 muhtevalar\u0131yla birlikte imha etti.<\/p>\n<p>Askeri bir kaynak; Lazkiye k\u0131rsal\u0131n\u0131n kuzeyi Kensabba Nahiyesinde ter\u00f6ristlere ait karargahlara y\u00f6nelik nitelikli operasyonlar\u0131n\u0131 s\u00fcrd\u00fcren ordu birliklerimizin aralar\u0131nda 3 Libyal\u0131 ve yakalanacaklar listesinde en tehlikeli ter\u00f6ristlerden biri olarak ad\u0131 ge\u00e7en Tunuslu Ebu Musab\u2019\u0131n da bulundu\u011fu 8 ter\u00f6risti \u00f6ld\u00fcrd\u00fcklerini ifade etti.<\/p>\n<p><span style=\"color: #0000ff\">\u0130DL\u0130B:<\/span><\/p>\n<p>\u0130dlib k\u0131rsal\u0131nda da hava g\u00fc\u00e7lerimiz Hamka Tepesi, Muzra, Sifohin, Cozif, Kensafra, \u00c2nb, Kefar Aved ve Gassaniye k\u00f6ylerinde \u2018Fetih Ordusu\u2019nun ara\u00e7 ve toplanma merkezlerini imha etmelerine e\u015f zamanl\u0131 olarak Bel\u015f\u015fun K\u00f6y\u00fcnde d\u00fczenledikleri operasyonlarda Nusra Cephesine a\u011f\u0131r kay\u0131plar verdirdiler.<\/p>\n<p>G\u00fcn i\u00e7erisinde a\u00e7\u0131klama yapan bir kaynak; ordu birliklerimizin \u0130dlib iline tabi Cisre\u015f\u015fu\u011fur k\u0131rsal\u0131 Karkur Beldesinin kenarlar\u0131nda Nusra Cephesine ait a\u011f\u0131r makineli silahla donat\u0131lm\u0131\u015f iki arac\u0131 imha ettiklerini dile getirdi.<\/p>\n<p>Bununla birlikte, kaynak \u0130dlib k\u0131rsal\u0131n\u0131n g\u00fcneydo\u011fusu Ebu Zuhur B\u00f6lgesine d\u00fc\u015fen Mecas K\u00f6y\u00fcnde ise hava g\u00fc\u00e7lerimizin bir\u00e7ok yuvay\u0131 muhtevalar\u0131yla imha ettiklerini aktard\u0131.<\/p>\n<p><span style=\"color: #0000ff\">HAMA:<\/span><\/p>\n<p>Di\u011fer yandan askeri kaynak; hava g\u00fc\u00e7lerimizin Hama k\u0131rsal\u0131n\u0131n kuzeybat\u0131s\u0131nda \u0130dlib k\u0131rsal\u0131na yak\u0131n d\u00fc\u015fen Hamidiye, Unkavi, Bab el Taka ve Amiyka b\u00f6lgelerinde Nusra Cephesi ve \u2018Ahrar el \u015eam \u0130slami Hareketi\u2019ne tabi \u00e7etelerin siper ve k\u00fcmelenme yerlerini hedef almalar\u0131yla \u00e7ok say\u0131da ter\u00f6risti \u00f6l\u00fc ve yaral\u0131 d\u00fc\u015f\u00fcrd\u00fcklerini aktard\u0131.<\/p>\n<p>Ordu birliklerimizin Hama k\u0131rsal\u0131 Sermaniye K\u00f6y\u00fcnde ter\u00f6ristlere ait bir havan rampas\u0131n\u0131 imha ettiklerini dile getiren kaynak; 14 \u00f6l\u00fc ve 20 yaral\u0131 d\u00fc\u015f\u00fcrd\u00fcklerini belirtti.<\/p>\n<p>Kaynak; Hama Kentinin 35 km kuzeyine d\u00fc\u015fen Latamina Beldesinde ise hava g\u00fc\u00e7lerimizin ter\u00f6ristlerin siper ve karargahlar\u0131n\u0131 imha ederken onlarca ter\u00f6risti \u00f6l\u00fc ve yaral\u0131 d\u00fc\u015f\u00fcrd\u00fcklerine dikkat \u00e7ekti.<\/p>\n<p><span style=\"color: #0000ff\">HOMS:<\/span><\/p>\n<p>\u00d6te yandan ordu birliklerimiz Homs iline tabi Tedmur Kentinin 10 km kuzeybat\u0131s\u0131na d\u00fc\u015fen Ocaklar B\u00f6lgesinde askeri noktalara I\u015e\u0130D\u2019lilerin sald\u0131rmaya \u00e7al\u0131\u015fan kar\u015f\u0131 koyarak onlarca ter\u00f6risti \u00f6l\u00fc ve yaral\u0131 d\u00fc\u015f\u00fcr\u00fcp havzalar\u0131nda bulunan silah ve m\u00fchimmatlar\u0131n\u0131 imha etti.<\/p>\n<p><span style=\"color: #0000ff\">S\u00dcVEYDA:<\/span><\/p>\n<p>Askeri kaynak; S\u00fcveyda Kentinin 40 km g\u00fcneydo\u011fusuna d\u00fc\u015fen Tel el Sahn B\u00f6lgesinde de ordu birliklerimizin I\u015e\u0130D\u2019li bir ter\u00f6r grubunun t\u00fcm \u00fcyelerinin \u00f6ld\u00fcr\u00fcld\u00fc\u011f\u00fcn\u00fc aktard\u0131.<\/p>\n<p>Ordu birliklerimizin S\u00fcveyda k\u0131rsal\u0131n\u0131n kuzeydo\u011fusu Kasr K\u00f6y\u00fcnde I\u015e\u0130D ter\u00f6r \u00f6rg\u00fct\u00fcne ait toplanma yerleri ve mevkilerini hedef ald\u0131klar\u0131n\u0131 belirten kaynak; burada da bir\u00e7ok ter\u00f6risti \u00f6ld\u00fcr\u00fcp ara\u00e7lar\u0131 ve bir top rampas\u0131n\u0131 imha ettiklerini s\u00f6zlerine ekledi.<\/p>\n<p><span style=\"color: #0000ff\">DERA:<\/span><\/p>\n<p>Askeri kaynak; ordu birliklerimizin Dera Kentinin 75 Kentinin kuzeyine d\u00fc\u015fen Lucat B\u00f6lgesinin Tebbe K\u00f6y\u00fcn\u00fc kontrol\u00fcne alarak Nusra Cephesinden \u00e7ok say\u0131da ter\u00f6risti \u00f6l\u00fc ve yaral\u0131 d\u00fc\u015f\u00fcrd\u00fcklerini ifade etti.<\/p>\n<p>Kaynak; Dera Beled\u2019te de ter\u00f6ristlere ait bir karargah\u0131 hedef alan ordu birliklerimizin \u2018Kentinin T\u00fcmenleri isimli ter\u00f6r grubunun eleba\u015f\u0131 Muhammed \u015eehada ve Fayez Falluca Ebu el \u0130z\u2019inde aralar\u0131nda bulundu\u011fu bir\u00e7ok ter\u00f6risti \u00f6ld\u00fcrd\u00fcklerini s\u00f6yledi.<\/p>\n<p>Kaynak; ordu birliklerimizin Dera k\u0131rsal\u0131 Tel el Mal B\u00f6lgesinde ter\u00f6r \u00f6rg\u00fctlerin ara\u00e7lar bir t\u00fcnelini imha etmelerine e\u015f zamanl\u0131 olarak Akraba B\u00f6lgesinde Nusra Cephesin ba\u011fl\u0131 \u00e7ok say\u0131da ter\u00f6risti \u00f6l\u00fc ve yaral\u0131 d\u00fc\u015f\u00fcrd\u00fcklerini belirtti.<\/p>\n<p>Dera k\u0131rsal\u0131n\u0131n kuzeyi Tafas Beldesi ve Do\u011fu Kark beldelerinde de ordu birliklerimiz Sabir Safar bir ter\u00f6r grubunun eleba\u015f\u0131n\u0131n aralar\u0131nda bulundu\u011fu bir\u00e7ok ter\u00f6risti \u00f6ld\u00fcr\u00fcp havzalar\u0131ndaki silah ve m\u00fchimmatlar\u0131 imha etti.<\/p>\n<p><span style=\"color: #0000ff\">DEYREZZOR:<\/span><\/p>\n<p>Hava g\u00fc\u00e7lerimiz Deyrezzor Kentinin Cniyne B\u00f6lgesinde I\u015e\u0130D ter\u00f6r \u00f6rg\u00fct\u00fcne ait siperlerini hedef almalar\u0131yla onlarca ter\u00f6risti \u00f6l\u00fc ve yaral\u0131 d\u00fc\u015f\u00fcr\u00fcrken 3 a\u011f\u0131r makineli silah\u0131n\u0131 imha etti.<\/p>\n<p><span style=\"color: #0000ff\">HALEP:<\/span><\/p>\n<p>Hava g\u00fc\u00e7lerimiz Halep k\u0131rsal\u0131 Havac\u0131l\u0131k Akademisi civar\u0131 ve Aziziye K\u00f6y\u00fcnde I\u015e\u0130D ter\u00f6r \u00f6rg\u00fct\u00fcn\u00fcn yuva ve k\u00fcmelenme yerlerini hedef al\u0131rken \u00e7ok say\u0131da ter\u00f6risti \u00f6l\u00fc ve yaral\u0131 d\u00fc\u015f\u00fcr\u00fcp a\u011f\u0131r makineli silahlarla donat\u0131lm\u0131\u015f ara\u00e7lar\u0131n\u0131 imha etti.<\/p>\n<p>Halep Kentinin g\u00fcney kenarlar\u0131na d\u00fc\u015fen el Ansari ve Selahattin semtlerinde de ordu birliklerimiz Nusra Cephesinin saflar\u0131nda a\u011f\u0131r kay\u0131plara yol a\u00e7t\u0131.<\/p>\n<p><span style=\"color: #0000ff\">\u015eAM KIRSALI.<\/span><\/p>\n<p>Saha kaynaklar\u0131 SANA muhabirine a\u00e7\u0131klamalar\u0131nda; hava g\u00fc\u00e7lerimizin \u015eam k\u0131rsal\u0131 Do\u011fu \u011euta\u2019n\u0131n Erbin ve Herasta b\u00f6lgelerinde ter\u00f6ristlerin siper ve karargahlar\u0131n\u0131 hedef alarak 60 ter\u00f6risti \u00f6ld\u00fcr\u00fcp ara\u00e7, silah ve m\u00fchimmatlar\u0131 imha ettiklerini i\u015faret etti.<\/p>\n<p>Kaynaklar; \u015eam k\u0131rsal\u0131 Duma Kentinin kuzeyine d\u00fc\u015fen \u00c2liye \u00e7iftliklerinde de hava g\u00fc\u00e7lerimizin ter\u00f6ristlere ait bir f\u00fczenin bataryas\u0131 imha edip 10\u2019dan fazla ter\u00f6risti \u00f6ld\u00fcrd\u00fcklerini aktard\u0131.<\/p>\n<p>https:\/\/www.youtube.com\/watch?v=aQiUMjMTXSA<\/p>\n<p>M.M. &#8211; F.B<\/p>\n","protected":false},"excerpt":{"rendered":"<p>\u0130LLER \u2013 Kahraman ordu birliklerimiz; \u00fclkenin d\u00f6rt bir yan\u0131nda s\u00fcrd\u00fcrd\u00fckleri ba\u015far\u0131l\u0131 operasyonlarla, Silahl\u0131 ter\u00f6r gruplar\u0131n\u0131n talan etmeye \u00e7al\u0131\u015ft\u0131klar\u0131 vatan topraklar\u0131n\u0131n her k\u00f6\u015fesinde huzur ve istikrar\u0131 yeniden sa\u011flamaya ve askeri alanlarda kazand\u0131klar\u0131 zaferleri b\u00fcy\u00fctmeye devam ediyorlar. LAZK\u0130YE: Ordu birliklerimiz halk savunma g\u00fc\u00e7leriyle i\u015fbirli\u011fi i\u00e7inde Lazkiye k\u0131rsal\u0131n\u0131n kuzeyinde Vahhabi Erdo\u011fan rejimine ba\u011fl\u0131 ter\u00f6r \u00f6rg\u00fctlerin yuvalar\u0131n\u0131 muhtevalar\u0131yla birlikte &hellip;<\/p>\n","protected":false},"author":1,"featured_media":44214,"comment_status":"closed","ping_status":"closed","sticky":false,"template":"","format":"standard","meta":{"footnotes":""},"categories":[575],"tags":[16313],"class_list":["post-44213","post","type-post","status-publish","format-standard","has-post-thumbnail","","category-olaylar-ve-gercekler","tag-kahramanlarimiz-askeri-zaferleri-buyutmeyi-surduruyor"],"_links":{"self":[{"href":"https:\/\/archive.sana.sy\/tr\/index.php?rest_route=\/wp\/v2\/posts\/44213","targetHints":{"allow":["GET"]}}],"collection":[{"href":"https:\/\/archive.sana.sy\/tr\/index.php?rest_route=\/wp\/v2\/posts"}],"about":[{"href":"https:\/\/archive.sana.sy\/tr\/index.php?rest_route=\/wp\/v2\/types\/post"}],"author":[{"embeddable":true,"href":"https:\/\/archive.sana.sy\/tr\/index.php?rest_route=\/wp\/v2\/users\/1"}],"replies":[{"embeddable":true,"href":"https:\/\/archive.sana.sy\/tr\/index.php?rest_route=%2Fwp%2Fv2%2Fcomments&post=44213"}],"version-history":[{"count":0,"href":"https:\/\/archive.sana.sy\/tr\/index.php?rest_route=\/wp\/v2\/posts\/44213\/revisions"}],"wp:featuredmedia":[{"embeddable":true,"href":"https:\/\/archive.sana.sy\/tr\/index.php?rest_route=\/wp\/v2\/media\/44214"}],"wp:attachment":[{"href":"https:\/\/archive.sana.sy\/tr\/index.php?rest_route=%2Fwp%2Fv2%2Fmedia&parent=44213"}],"wp:term":[{"taxonomy":"category","embeddable":true,"href":"https:\/\/archive.sana.sy\/tr\/index.php?rest_route=%2Fwp%2Fv2%2Fcategories&post=44213"},{"taxonomy":"post_tag","embeddable":true,"href":"https:\/\/archive.sana.sy\/tr\/index.php?rest_route=%2Fwp%2Fv2%2Ftags&post=44213"}],"curies":[{"name":"wp","href":"https:\/\/api.w.org\/{rel}","templated":true}]}}