{"id":44258,"date":"2015-08-19T21:00:38","date_gmt":"2015-08-19T18:00:38","guid":{"rendered":"http:\/\/sana.sy\/tr\/?p=44258"},"modified":"2015-08-20T19:49:17","modified_gmt":"2015-08-20T16:49:17","slug":"terore-karsi-operasyonlar-araliksiz-devam-ediyor-4","status":"publish","type":"post","link":"https:\/\/archive.sana.sy\/tr\/?p=44258","title":{"rendered":"Ter\u00f6re Kar\u015f\u0131 Operasyonlar Aral\u0131ks\u0131z Devam Ediyor"},"content":{"rendered":"<p>\u0130LLER \u2013 Kahraman ordu birliklerimiz, b\u00fct\u00fcn hezimetlerine ra\u011fmen karanl\u0131k tekfirci d\u00fc\u015f\u00fcnce ve faaliyetlerini s\u00fcrd\u00fcren silahl\u0131 ter\u00f6r gruplar\u0131na kar\u015f\u0131 operasyonlar\u0131na ara vermeden devam ediyorlar. Bu \u00e7er\u00e7evede \u00e7ok say\u0131da ter\u00f6r yuvas\u0131 ve grubu kahraman birliklerimiz taraf\u0131ndan tamamen yok edilirken onlarca ter\u00f6rist \u00f6l\u00fc ve yaral\u0131 olarak ele ge\u00e7irildi.<\/p>\n<p><span style=\"color: #0000ff\">HOMS:<\/span><\/p>\n<p>Ordu birliklerimiz hava kuvvetlerinden ald\u0131klar\u0131 destek ve halk savunma g\u00fc\u00e7leriyle i\u015fbirli\u011fi i\u00e7inde Homs k\u0131rsal\u0131nda I\u015e\u0130D ter\u00f6r \u00f6rg\u00fct\u00fcn\u00fcn siper ve su\u00e7 edatlar\u0131n\u0131 hedef ald\u0131.<\/p>\n<p>Askeri bir kaynak; Homs k\u0131rsal\u0131n\u0131n Tedmur \u2013 Homs Yoluna d\u00fc\u015fen Kokum Do\u011fal Gaz \u0130stasyonu civar\u0131, Kasr el Hiyrve Karyetin Kentinin Kav\u015fa\u011f\u0131 civar\u0131nda I\u015e\u0130D ter\u00f6r \u00f6rg\u00fct\u00fcne ba\u011fl\u0131 \u00e7etelerle kahraman ordu birliklerimiz aras\u0131nda \u015fiddetli \u00e7at\u0131\u015fmalar ya\u015fand\u0131\u011f\u0131n\u0131 a\u00e7\u0131klad\u0131.<\/p>\n<p>Kaynak; \u00e7at\u0131\u015fmalarda \u00e7ok say\u0131da ter\u00f6ristin \u00f6l\u00fc ve yaral\u0131 d\u00fc\u015f\u00fcr\u00fcld\u00fc\u011f\u00fcn\u00fc, z\u0131rhl\u0131 bir ara\u00e7 ve a\u011f\u0131r makineli silahlarla donat\u0131lm\u0131\u015f iki araca ilaveten silah ve m\u00fchimmatlar\u0131n imha edildi\u011fine dikkat \u00e7ekti.<\/p>\n<p>Kaynak; Homs iline tabi Tedmur Kentinin 10 km kuzeybat\u0131s\u0131na d\u00fc\u015fen Ocaklar ve \u00dc\u00e7gen b\u00f6lgelerinde de hava g\u00fc\u00e7lerimizin \u0130\u015e\u0130D ter\u00f6r \u00f6rg\u00fct\u00fcne ba\u011fl\u0131 \u00e7ok say\u0131da ter\u00f6risti \u00f6l\u00fc ve yaral\u0131 d\u00fc\u015f\u00fcrd\u00fcklerini aktard\u0131.<\/p>\n<p>Hava g\u00fc\u00e7lerimizin Homs k\u0131rsal\u0131n\u0131n do\u011fusu, Duaybiye ve Um el Ri\u015f k\u00f6ylerinde I\u015e\u0130D ter\u00f6r \u00f6rg\u00fct\u00fcne ait yuva ve hareket g\u00fczerg\u00e2hlar\u0131n\u0131 hedef ald\u0131klar\u0131n\u0131 dile getiren kaynak; y\u00fcksek say\u0131da ter\u00f6risti \u00f6l\u00fc ve yaral\u0131 d\u00fc\u015f\u00fcr\u00fcrken a\u011f\u0131r makineli silahlarla donat\u0131lm\u0131\u015f ara\u00e7lar\u0131n\u0131 imha ettiklerini belirtti.<\/p>\n<p>Bununla birlikte;kaynak ordu birliklerimizin, Homs k\u0131rsal\u0131n\u0131n kuzeyine d\u00fc\u015fen Hule B\u00f6lgesinin Tel Dahab K\u00f6y\u00fcnde d\u00fczenledikleri operasyonlar sonucunda Nusra Cephesine ba\u011fl\u0131 ter\u00f6r gruplar\u0131na a\u011f\u0131r kay\u0131plar verdirdiklerini s\u00f6zlerine ekledi.<\/p>\n<p>Ordu birliklerimiz Homs k\u0131rsal\u0131 Siyah Suen, Kuzey Suen, G\u00fcney Ayn H\u00fcseyin ve A\u015fa\u011f\u0131 Resten b\u00f6lgelerinde \u00e7ok say\u0131da ter\u00f6risti \u00f6ld\u00fcrd\u00fc.<\/p>\n<p>https:\/\/www.youtube.com\/watch?v=lrzYWhFTzBM<\/p>\n<p><span style=\"color: #0000ff\">\u0130DL\u0130B:<\/span><\/p>\n<p>Askeri kaynak; hava g\u00fc\u00e7lerimizin \u0130dlib iline tabi Cisre\u015f\u015fu\u011fur k\u0131rsal\u0131 \u0130\u015ftebrak K\u00f6y\u00fcnde Fetih Ordusu ter\u00f6r \u00f6rg\u00fct\u00fc \u00fcyelerinin toplanma yerleri ve hareket eksenlerini hedef alarak a\u011f\u0131r makineli silahlarla donat\u0131lm\u0131\u015f ara\u00e7lar\u0131n\u0131 imha edip bir\u00e7ok ter\u00f6risti \u00f6l\u00fc ve yaral\u0131 d\u00fc\u015f\u00fcrd\u00fcklerini ifade etti.<\/p>\n<p>Kaynak; Hava G\u00fc\u00e7lerimizin, \u0130dlib k\u0131rsal\u0131n\u0131n do\u011fusu Ebu Zuhur B\u00f6lgesine tabi Vasita ve Mecas k\u00f6ylerinde Nusra Cephesinin bir\u00e7ok mevki ve arac\u0131n\u0131 imha etmelerine e\u015f zamanl\u0131 olarak Temania Beldesinde de s\u00fcren operasyonlar kapsam\u0131nda \u00e7ok say\u0131da ter\u00f6ristin \u00f6l\u00fc ve yaral\u0131 d\u00fc\u015f\u00fcr\u00fcld\u00fc\u011f\u00fcn\u00fc ibraz etti.<\/p>\n<p>Bu arada \u0130dlib k\u0131rsal\u0131n\u0131n kuzeyi Harim Kentinden yerel kaynaklar; kahraman ordu birliklerimizin operasyonlar\u0131 kapsam\u0131nda \u00f6ld\u00fcr\u00fclen ter\u00f6ristler aras\u0131nda Nusra Cephesi ter\u00f6r \u00f6rg\u00fct\u00fcn\u00fcn en bariz komutanlar\u0131ndan biri olan \u2018el Cezravi\u2019 kod ad\u0131yla bilenen Suudi Arabistanl\u0131 Ebu Anas\u2019\u0131n da bulundu\u011funu aktard\u0131.<\/p>\n<p><span style=\"color: #0000ff\">HAMA:<\/span><\/p>\n<p>\u00d6te yandan askeri kaynak; Hama k\u0131rsal\u0131n\u0131n kuzeybat\u0131s\u0131nda katil Erdo\u011fan rejimine ba\u011fl\u0131 ter\u00f6ristlerin mevzilerine kar\u015f\u0131 ba\u015far\u0131l\u0131 operasyonlar\u0131n\u0131 s\u00fcrd\u00fcren ordu birliklerimizin Mansura, Hurbet el Nakus, Tel Vasit, Ziyara ve Me\u015fikk\u00f6y ve beldelerine ilaveten tah\u0131l silolar\u0131 ve tar\u0131msal Kalk\u0131nma b\u00f6lgelerini tamam\u0131yla kontrol alt\u0131na ald\u0131klar\u0131n\u0131 a\u00e7\u0131klad\u0131.<\/p>\n<p>Kaynak; operasyonlar kapsam\u0131nda y\u00fczlerce ter\u00f6ristin \u00f6ld\u00fcr\u00fcl\u00fcp havzalar\u0131nda bulunan silah ve m\u00fchimmat\u0131n imha edildi\u011fine dikkat \u00e7ekti.<\/p>\n<p>Bu arada hava g\u00fc\u00e7lerimizin Hama k\u0131rsal\u0131 Unkavi, Dukmak, Hamidiye, Kastun ve Tel Zacram b\u00f6lgelerinde ter\u00f6r \u00f6rg\u00fctlerin karargahlar\u0131n\u0131 imha ettiklerine i\u015faret eden kaynak; buralarda da onlarca ter\u00f6risti \u00f6l\u00fc ve yaral\u0131 d\u00fc\u015f\u00fcrd\u00fcklerini aktard\u0131.<\/p>\n<p>https:\/\/www.youtube.com\/watch?v=VmBw9IuehTI<\/p>\n<p><span style=\"color: #0000ff\">DERA:<\/span><\/p>\n<p>Yan\u0131 s\u0131ra ordu birliklerimiz Dera k\u0131rsal\u0131n\u0131n Lucat B\u00f6lgesine d\u00fc\u015fen \u0130yb K\u00f6y\u00fcnde Nusra Cephesine ait siper ve yuvalar\u0131n\u0131 muhtevalar\u0131yla birlikte imha etti.<\/p>\n<p>G\u00fcn i\u00e7ersinde a\u00e7\u0131klama yapan bir kaynak; Dera k\u0131rsal\u0131n\u0131n kuzeydo\u011fusu Bat\u0131 \u011eariye Baraj\u0131n do\u011fusunda \u2018Yerm\u00fck Ordusu\u2019nun bir toplanma yeri hedef almalar\u0131yla \u00e7ok say\u0131da ter\u00f6risti \u00f6l\u00fc ve yaral\u0131 d\u00fc\u015f\u00fcrd\u00fcklerini s\u00f6yledi.<\/p>\n<p>Kaynak; Zemrin Beldesinin g\u00fcneyinde \u0130srail\u2019e ba\u011fl\u0131 Nusra Cephesinin yuva ve karargahlar\u0131n\u0131 imha eden ordu birliklerimizinb\u00fcy\u00fck be\u015feri ve lojistik kay\u0131p verdirdiklerini aktard\u0131.<\/p>\n<p><span style=\"color: #0000ff\">S\u00dcVEYDA:<\/span><\/p>\n<p>Ordu birliklerimiz halk savunma gruplar\u0131yla i\u015fbirli\u011fi i\u00e7inde S\u00fcveyda Kentinin 40 km kuzeydo\u011fusuna d\u00fc\u015fen Buseyna Tepesine I\u015e\u0130D ter\u00f6r \u00f6rg\u00fct\u00fcne ba\u011fl\u0131 bir ter\u00f6r grubunun s\u0131zma giri\u015fimlerini \u00e7\u00f6kertti.<\/p>\n<p>Askeri kaynak; ordu birliklerimizin Dera k\u0131rsal\u0131 Hurbet Sued ve Sued Tepesinden Buseyna Tepesine sald\u0131rmaya \u00e7al\u0131\u015fan \u0130\u015e\u0130D ter\u00f6r \u00f6rg\u00fct\u00fcne ba\u011fl\u0131 ter\u00f6ristlere kar\u015f\u0131 koyarak \u015fiddetli \u00e7at\u0131\u015fmaya girdiklerini ifade etti. Kaynak; \u00e7at\u0131\u015fmalarda ter\u00f6r grubunun b\u00fct\u00fcn \u00fcyelerinin\u00f6ld\u00fcr\u00fcld\u00fc\u011f\u00fcn\u00fc, ara\u00e7- silah ve m\u00fchimmat\u0131n da imha edildi\u011fini s\u00f6zlerine ekledi.<\/p>\n<p><span style=\"color: #0000ff\">LAZK\u0130YE:<\/span><\/p>\n<p>Ordu birliklerimiz,Lazkiye k\u0131rsal\u0131n\u0131n kuzeyinde Rabia Nahiyesinde, halk savunma g\u00fc\u00e7leriyle i\u015fbirli\u011fi i\u00e7inde d\u00fczenledikleri operasyonlarda Nusra Cephesine ait toplanma yerlerini hedef ald\u0131.<\/p>\n<p>Operasyonlarda 17 ter\u00f6rist \u00f6l\u00fc olarak ele ge\u00e7irilirken yap\u0131lan ilk te\u015fhislerde \u00f6len ter\u00f6ristler aras\u0131nda; T\u00fcrkiyeliler ve &#8216;Rayet el \u0130slam&#8217; kod ad\u0131yla bilinen Frans\u0131z uyruklu keskin ni\u015fanc\u0131 bir ter\u00f6rist\u200fin de bulundu\u011fu a\u00e7\u0131kland\u0131.<\/p>\n<p style=\"text-align: center\"><span style=\"color: #0000ff\">TEDMUR<\/span><\/p>\n<div id='gallery-1' class='gallery galleryid-44258 gallery-columns-2 gallery-size-medium'><figure class='gallery-item'>\n\t\t\t<div class='gallery-icon landscape'>\n\t\t\t\t<a href='https:\/\/archive.sana.sy\/tr\/wp-content\/uploads\/2015\/08\/\u062e\u0628\u0631-\u062a\u062f\u0645\u0631-18-8-2015.jpg'><img loading=\"lazy\" decoding=\"async\" width=\"300\" height=\"240\" src=\"https:\/\/archive.sana.sy\/tr\/wp-content\/uploads\/2015\/08\/\u062e\u0628\u0631-\u062a\u062f\u0645\u0631-18-8-2015-300x240.jpg\" class=\"attachment-medium size-medium\" alt=\"\" srcset=\"https:\/\/archive.sana.sy\/tr\/wp-content\/uploads\/2015\/08\/\u062e\u0628\u0631-\u062a\u062f\u0645\u0631-18-8-2015-300x240.jpg 300w, https:\/\/archive.sana.sy\/tr\/wp-content\/uploads\/2015\/08\/\u062e\u0628\u0631-\u062a\u062f\u0645\u0631-18-8-2015-150x120.jpg 150w, https:\/\/archive.sana.sy\/tr\/wp-content\/uploads\/2015\/08\/\u062e\u0628\u0631-\u062a\u062f\u0645\u0631-18-8-2015.jpg 720w\" sizes=\"auto, (max-width: 300px) 100vw, 300px\" \/><\/a>\n\t\t\t<\/div><\/figure><figure class='gallery-item'>\n\t\t\t<div class='gallery-icon landscape'>\n\t\t\t\t<a href='https:\/\/archive.sana.sy\/tr\/wp-content\/uploads\/2015\/08\/\u062e\u0628\u0631-\u062a\u062f\u0645\u0631-18-8-2015.Still003.jpg'><img loading=\"lazy\" decoding=\"async\" width=\"300\" height=\"161\" src=\"https:\/\/archive.sana.sy\/tr\/wp-content\/uploads\/2015\/08\/\u062e\u0628\u0631-\u062a\u062f\u0645\u0631-18-8-2015.Still003-300x161.jpg\" class=\"attachment-medium size-medium\" alt=\"\" srcset=\"https:\/\/archive.sana.sy\/tr\/wp-content\/uploads\/2015\/08\/\u062e\u0628\u0631-\u062a\u062f\u0645\u0631-18-8-2015.Still003-300x160.jpg 300w, https:\/\/archive.sana.sy\/tr\/wp-content\/uploads\/2015\/08\/\u062e\u0628\u0631-\u062a\u062f\u0645\u0631-18-8-2015.Still003-150x81.jpg 150w, https:\/\/archive.sana.sy\/tr\/wp-content\/uploads\/2015\/08\/\u062e\u0628\u0631-\u062a\u062f\u0645\u0631-18-8-2015.Still003.jpg 610w\" sizes=\"auto, (max-width: 300px) 100vw, 300px\" \/><\/a>\n\t\t\t<\/div><\/figure><figure class='gallery-item'>\n\t\t\t<div class='gallery-icon landscape'>\n\t\t\t\t<a href='https:\/\/archive.sana.sy\/tr\/wp-content\/uploads\/2015\/08\/\u062e\u0628\u0631-\u062a\u062f\u0645\u0631-18-8-2015.Still005.jpg'><img loading=\"lazy\" decoding=\"async\" width=\"300\" height=\"171\" src=\"https:\/\/archive.sana.sy\/tr\/wp-content\/uploads\/2015\/08\/\u062e\u0628\u0631-\u062a\u062f\u0645\u0631-18-8-2015.Still005-300x171.jpg\" class=\"attachment-medium size-medium\" alt=\"\" srcset=\"https:\/\/archive.sana.sy\/tr\/wp-content\/uploads\/2015\/08\/\u062e\u0628\u0631-\u062a\u062f\u0645\u0631-18-8-2015.Still005-300x171.jpg 300w, https:\/\/archive.sana.sy\/tr\/wp-content\/uploads\/2015\/08\/\u062e\u0628\u0631-\u062a\u062f\u0645\u0631-18-8-2015.Still005-150x86.jpg 150w, https:\/\/archive.sana.sy\/tr\/wp-content\/uploads\/2015\/08\/\u062e\u0628\u0631-\u062a\u062f\u0645\u0631-18-8-2015.Still005.jpg 512w\" sizes=\"auto, (max-width: 300px) 100vw, 300px\" \/><\/a>\n\t\t\t<\/div><\/figure><figure class='gallery-item'>\n\t\t\t<div class='gallery-icon landscape'>\n\t\t\t\t<a href='https:\/\/archive.sana.sy\/tr\/wp-content\/uploads\/2015\/08\/\u062e\u0628\u0631-\u062a\u062f\u0645\u0631-18-8-2015.Still006.jpg'><img loading=\"lazy\" decoding=\"async\" width=\"300\" height=\"204\" src=\"https:\/\/archive.sana.sy\/tr\/wp-content\/uploads\/2015\/08\/\u062e\u0628\u0631-\u062a\u062f\u0645\u0631-18-8-2015.Still006-300x204.jpg\" class=\"attachment-medium size-medium\" alt=\"\" srcset=\"https:\/\/archive.sana.sy\/tr\/wp-content\/uploads\/2015\/08\/\u062e\u0628\u0631-\u062a\u062f\u0645\u0631-18-8-2015.Still006-300x204.jpg 300w, https:\/\/archive.sana.sy\/tr\/wp-content\/uploads\/2015\/08\/\u062e\u0628\u0631-\u062a\u062f\u0645\u0631-18-8-2015.Still006-150x102.jpg 150w, https:\/\/archive.sana.sy\/tr\/wp-content\/uploads\/2015\/08\/\u062e\u0628\u0631-\u062a\u062f\u0645\u0631-18-8-2015.Still006.jpg 582w\" sizes=\"auto, (max-width: 300px) 100vw, 300px\" \/><\/a>\n\t\t\t<\/div><\/figure><figure class='gallery-item'>\n\t\t\t<div class='gallery-icon landscape'>\n\t\t\t\t<a href='https:\/\/archive.sana.sy\/tr\/wp-content\/uploads\/2015\/08\/\u062e\u0628\u0631-\u062a\u062f\u0645\u0631-18-8-2015.Still007.jpg'><img loading=\"lazy\" decoding=\"async\" width=\"300\" height=\"180\" src=\"https:\/\/archive.sana.sy\/tr\/wp-content\/uploads\/2015\/08\/\u062e\u0628\u0631-\u062a\u062f\u0645\u0631-18-8-2015.Still007-300x180.jpg\" class=\"attachment-medium size-medium\" alt=\"\" srcset=\"https:\/\/archive.sana.sy\/tr\/wp-content\/uploads\/2015\/08\/\u062e\u0628\u0631-\u062a\u062f\u0645\u0631-18-8-2015.Still007-300x180.jpg 300w, https:\/\/archive.sana.sy\/tr\/wp-content\/uploads\/2015\/08\/\u062e\u0628\u0631-\u062a\u062f\u0645\u0631-18-8-2015.Still007-150x90.jpg 150w, https:\/\/archive.sana.sy\/tr\/wp-content\/uploads\/2015\/08\/\u062e\u0628\u0631-\u062a\u062f\u0645\u0631-18-8-2015.Still007.jpg 569w\" sizes=\"auto, (max-width: 300px) 100vw, 300px\" \/><\/a>\n\t\t\t<\/div><\/figure>\n\t\t<\/div>\n\n<p style=\"text-align: center\"><strong><span style=\"color: #0000ff\">HAMA<\/span><\/strong><\/p>\n<div id='gallery-2' class='gallery galleryid-44258 gallery-columns-2 gallery-size-medium'><figure class='gallery-item'>\n\t\t\t<div class='gallery-icon landscape'>\n\t\t\t\t<a href='https:\/\/archive.sana.sy\/tr\/wp-content\/uploads\/2015\/08\/158.jpg'><img loading=\"lazy\" decoding=\"async\" width=\"300\" height=\"216\" src=\"https:\/\/archive.sana.sy\/tr\/wp-content\/uploads\/2015\/08\/158-300x216.jpg\" class=\"attachment-medium size-medium\" alt=\"\" srcset=\"https:\/\/archive.sana.sy\/tr\/wp-content\/uploads\/2015\/08\/158-300x216.jpg 300w, https:\/\/archive.sana.sy\/tr\/wp-content\/uploads\/2015\/08\/158-150x108.jpg 150w, https:\/\/archive.sana.sy\/tr\/wp-content\/uploads\/2015\/08\/158-1024x738.jpg 1024w\" sizes=\"auto, (max-width: 300px) 100vw, 300px\" \/><\/a>\n\t\t\t<\/div><\/figure><figure class='gallery-item'>\n\t\t\t<div class='gallery-icon landscape'>\n\t\t\t\t<a href='https:\/\/archive.sana.sy\/tr\/wp-content\/uploads\/2015\/08\/226.jpg'><img loading=\"lazy\" decoding=\"async\" width=\"300\" height=\"199\" src=\"https:\/\/archive.sana.sy\/tr\/wp-content\/uploads\/2015\/08\/226-300x199.jpg\" class=\"attachment-medium size-medium\" alt=\"\" srcset=\"https:\/\/archive.sana.sy\/tr\/wp-content\/uploads\/2015\/08\/226-300x199.jpg 300w, https:\/\/archive.sana.sy\/tr\/wp-content\/uploads\/2015\/08\/226-150x99.jpg 150w, https:\/\/archive.sana.sy\/tr\/wp-content\/uploads\/2015\/08\/226-1024x678.jpg 1024w\" sizes=\"auto, (max-width: 300px) 100vw, 300px\" \/><\/a>\n\t\t\t<\/div><\/figure><figure class='gallery-item'>\n\t\t\t<div class='gallery-icon landscape'>\n\t\t\t\t<a href='https:\/\/archive.sana.sy\/tr\/wp-content\/uploads\/2015\/08\/314.jpg'><img loading=\"lazy\" decoding=\"async\" width=\"300\" height=\"210\" src=\"https:\/\/archive.sana.sy\/tr\/wp-content\/uploads\/2015\/08\/314-300x210.jpg\" class=\"attachment-medium size-medium\" alt=\"\" srcset=\"https:\/\/archive.sana.sy\/tr\/wp-content\/uploads\/2015\/08\/314-300x210.jpg 300w, https:\/\/archive.sana.sy\/tr\/wp-content\/uploads\/2015\/08\/314-150x105.jpg 150w, https:\/\/archive.sana.sy\/tr\/wp-content\/uploads\/2015\/08\/314-1024x716.jpg 1024w\" sizes=\"auto, (max-width: 300px) 100vw, 300px\" \/><\/a>\n\t\t\t<\/div><\/figure><figure class='gallery-item'>\n\t\t\t<div class='gallery-icon landscape'>\n\t\t\t\t<a href='https:\/\/archive.sana.sy\/tr\/wp-content\/uploads\/2015\/08\/412.jpg'><img loading=\"lazy\" decoding=\"async\" width=\"300\" height=\"170\" src=\"https:\/\/archive.sana.sy\/tr\/wp-content\/uploads\/2015\/08\/412-300x170.jpg\" class=\"attachment-medium size-medium\" alt=\"\" srcset=\"https:\/\/archive.sana.sy\/tr\/wp-content\/uploads\/2015\/08\/412-300x170.jpg 300w, https:\/\/archive.sana.sy\/tr\/wp-content\/uploads\/2015\/08\/412-150x85.jpg 150w, https:\/\/archive.sana.sy\/tr\/wp-content\/uploads\/2015\/08\/412-1024x580.jpg 1024w\" sizes=\"auto, (max-width: 300px) 100vw, 300px\" \/><\/a>\n\t\t\t<\/div><\/figure><figure class='gallery-item'>\n\t\t\t<div class='gallery-icon landscape'>\n\t\t\t\t<a href='https:\/\/archive.sana.sy\/tr\/wp-content\/uploads\/2015\/08\/612.jpg'><img loading=\"lazy\" decoding=\"async\" width=\"300\" height=\"224\" src=\"https:\/\/archive.sana.sy\/tr\/wp-content\/uploads\/2015\/08\/612-300x224.jpg\" class=\"attachment-medium size-medium\" alt=\"\" srcset=\"https:\/\/archive.sana.sy\/tr\/wp-content\/uploads\/2015\/08\/612-300x224.jpg 300w, https:\/\/archive.sana.sy\/tr\/wp-content\/uploads\/2015\/08\/612-150x112.jpg 150w, https:\/\/archive.sana.sy\/tr\/wp-content\/uploads\/2015\/08\/612-1024x763.jpg 1024w\" sizes=\"auto, (max-width: 300px) 100vw, 300px\" \/><\/a>\n\t\t\t<\/div><\/figure>\n\t\t<\/div>\n\n<p>M.M. &#8211; F.B &#8211; R.H.<\/p>\n","protected":false},"excerpt":{"rendered":"<p>\u0130LLER \u2013 Kahraman ordu birliklerimiz, b\u00fct\u00fcn hezimetlerine ra\u011fmen karanl\u0131k tekfirci d\u00fc\u015f\u00fcnce ve faaliyetlerini s\u00fcrd\u00fcren silahl\u0131 ter\u00f6r gruplar\u0131na kar\u015f\u0131 operasyonlar\u0131na ara vermeden devam ediyorlar. Bu \u00e7er\u00e7evede \u00e7ok say\u0131da ter\u00f6r yuvas\u0131 ve grubu kahraman birliklerimiz taraf\u0131ndan tamamen yok edilirken onlarca ter\u00f6rist \u00f6l\u00fc ve yaral\u0131 olarak ele ge\u00e7irildi. HOMS: Ordu birliklerimiz hava kuvvetlerinden ald\u0131klar\u0131 destek ve halk savunma &hellip;<\/p>\n","protected":false},"author":1,"featured_media":44259,"comment_status":"closed","ping_status":"closed","sticky":false,"template":"","format":"standard","meta":{"footnotes":""},"categories":[596,575],"tags":[638],"class_list":["post-44258","post","type-post","status-publish","format-standard","has-post-thumbnail","","category-fotografli-raporlar","category-olaylar-ve-gercekler","tag-terore-karsi-operasyonlar-araliksiz-devam-ediyor"],"_links":{"self":[{"href":"https:\/\/archive.sana.sy\/tr\/index.php?rest_route=\/wp\/v2\/posts\/44258","targetHints":{"allow":["GET"]}}],"collection":[{"href":"https:\/\/archive.sana.sy\/tr\/index.php?rest_route=\/wp\/v2\/posts"}],"about":[{"href":"https:\/\/archive.sana.sy\/tr\/index.php?rest_route=\/wp\/v2\/types\/post"}],"author":[{"embeddable":true,"href":"https:\/\/archive.sana.sy\/tr\/index.php?rest_route=\/wp\/v2\/users\/1"}],"replies":[{"embeddable":true,"href":"https:\/\/archive.sana.sy\/tr\/index.php?rest_route=%2Fwp%2Fv2%2Fcomments&post=44258"}],"version-history":[{"count":0,"href":"https:\/\/archive.sana.sy\/tr\/index.php?rest_route=\/wp\/v2\/posts\/44258\/revisions"}],"wp:featuredmedia":[{"embeddable":true,"href":"https:\/\/archive.sana.sy\/tr\/index.php?rest_route=\/wp\/v2\/media\/44259"}],"wp:attachment":[{"href":"https:\/\/archive.sana.sy\/tr\/index.php?rest_route=%2Fwp%2Fv2%2Fmedia&parent=44258"}],"wp:term":[{"taxonomy":"category","embeddable":true,"href":"https:\/\/archive.sana.sy\/tr\/index.php?rest_route=%2Fwp%2Fv2%2Fcategories&post=44258"},{"taxonomy":"post_tag","embeddable":true,"href":"https:\/\/archive.sana.sy\/tr\/index.php?rest_route=%2Fwp%2Fv2%2Ftags&post=44258"}],"curies":[{"name":"wp","href":"https:\/\/api.w.org\/{rel}","templated":true}]}}