{"id":44303,"date":"2015-08-20T19:03:37","date_gmt":"2015-08-20T16:03:37","guid":{"rendered":"http:\/\/sana.sy\/tr\/?p=44303"},"modified":"2015-08-21T17:52:48","modified_gmt":"2015-08-21T14:52:48","slug":"kudus-ayaklansin-filistin-zaferini-kazansin","status":"publish","type":"post","link":"https:\/\/archive.sana.sy\/tr\/?p=44303","title":{"rendered":"Kud\u00fcs Ayaklans\u0131n\u2026 Filistin Zaferini Kazans\u0131n\u2026"},"content":{"rendered":"<p>Uluslararas\u0131 Kud\u00fcs \u00d6rg\u00fct\u00fc\u2019n\u00fcn bug\u00fcn \u015eam Ulusal M\u00fczesinde \u201cKud\u00fcs Ayaklans\u0131n\u2026 Filistin Zaferini Kazans\u0131n..\u201d \u015fiar\u0131 alt\u0131nda d\u00fczenledi\u011fi foruma kat\u0131lan \u015fahsiyetler, Suriye\u2019deki direni\u015f ve zaferin Kud\u00fcs ve Filistin\u2019in kurtulu\u015f umudunu canland\u0131rd\u0131\u011f\u0131n\u0131 ifade ettiler.<\/p>\n<p>Kud\u00fcs\u2019te Aksa Mescidi\u2019nin Siyonistler taraf\u0131ndan yak\u0131lmas\u0131n\u0131n 46. Y\u0131ld\u00f6n\u00fcm\u00fc m\u00fcnasebetiyle ve Siyonizm\u2019in kutsal de\u011ferlere kar\u015f\u0131 planl\u0131 ve programl\u0131 bir \u015fekilde s\u00fcren sald\u0131r\u0131lar\u0131n\u0131 protesto etmek amac\u0131yla d\u00fczenlenen forum kat\u0131l\u0131mc\u0131lar\u0131, Araplar\u0131n varl\u0131\u011f\u0131n\u0131 savunmak i\u00e7in direni\u015fe odakl\u0131 insani bir \u00e7izgi benimsenmesi \u00e7a\u011fr\u0131s\u0131nda bulundu.<\/p>\n<p>Forum kat\u0131l\u0131mc\u0131lar\u0131; Arap \u00fclkelerinde d\u00f6k\u00fclen kanlar\u0131n ve ya\u015fanan krizlerin kazan\u00e7l\u0131 tek taraf\u0131n\u0131n Siyonist i\u015fgal oldu\u011funa dikkat \u00e7ektiler.<\/p>\n<p><span style=\"color: #0000ff\">\u015eaban: Irk\u00e7\u0131 ve Mezhep\u00e7i \u00c7abalar \u0130srail \u0130\u015fgaline Hizmet Ediyor<\/span><\/p>\n<p>Forum a\u00e7\u0131l\u0131\u015f\u0131nda bir konu\u015fma yapan Cumhurba\u015fkanl\u0131\u011f\u0131 Siyasi ve Bas\u0131n Dan\u0131\u015fman\u0131 B\u00fcseyna \u015eaban; Arap d\u00fcnyas\u0131nda ba\u015f g\u00f6steren fitnenin Filistin\u2019de uygulanmaya ba\u015flanan as\u0131l b\u00fcy\u00fck projenin bir par\u00e7as\u0131 oldu\u011funu ifade ederek bu projenin Arap co\u011frafyas\u0131n\u0131 b\u00f6l\u00fcp par\u00e7alamay\u0131 ama\u00e7lad\u0131\u011f\u0131n\u0131 belirtti.<\/p>\n<p><a href=\"http:\/\/sana.sy\/tr\/wp-content\/uploads\/2015\/08\/\u015eaban-1.jpg\"><img loading=\"lazy\" decoding=\"async\" class=\"alignright wp-image-44305 size-medium\" src=\"http:\/\/sana.sy\/tr\/wp-content\/uploads\/2015\/08\/\u015eaban-1-300x215.jpg\" alt=\"\u015eaban 1\" width=\"300\" height=\"215\" srcset=\"https:\/\/archive.sana.sy\/tr\/wp-content\/uploads\/2015\/08\/\u015eaban-1-300x215.jpg 300w, https:\/\/archive.sana.sy\/tr\/wp-content\/uploads\/2015\/08\/\u015eaban-1-150x107.jpg 150w, https:\/\/archive.sana.sy\/tr\/wp-content\/uploads\/2015\/08\/\u015eaban-1.jpg 500w\" sizes=\"auto, (max-width: 300px) 100vw, 300px\" \/><\/a>Arap \u00fclkelerinde ya\u015fanan olaylar\u0131n Arap ulusunu b\u00fcy\u00fck bir Filistin haline getirmeyi ama\u00e7lad\u0131\u011f\u0131na i\u015faret eden \u015eaban; Arap topraklar\u0131nda ve \u00f6zellikle Suriye\u2019de meydana gelen olaylar\u0131n Filistin\u2019i ve Filistinlileri hedef alan projenin uygulanmas\u0131ndan ibaret oldu\u011funun alt\u0131n\u0131 \u00e7izerek Suriye\u2019nin, halk\u0131-ordusu ve y\u00f6netimi sayesinde Rusya ve \u0130ran gibi dostlar\u0131n\u0131n da deste\u011fi ile bu proje kar\u015f\u0131s\u0131nda \u015fanl\u0131 bir direni\u015f sergiledi\u011fini vurgulad\u0131.<\/p>\n<p>Suriye\u2019nin sergiledi\u011fi direni\u015fin b\u00f6lgedeki g\u00fc\u00e7 dengelerini de\u011fi\u015ftirmesini temenni eden \u015eaban; \u0130ran ve Arap Ulusunun Ortado\u011fu b\u00f6lgesini olu\u015fturan iki ana unsur oldu\u011funu vurgulayarak b\u00f6lgede \u0131rk ya da mezhep ayr\u0131m\u0131 y\u00f6n\u00fcndeki b\u00fct\u00fcn \u00e7abalar\u0131n Siyonizm\u2019in \u00e7\u0131karlar\u0131ndan ba\u015fka hi\u00e7bir \u015feye hizmet etmeyece\u011fini ibraz etti.<\/p>\n<p>\u015eaban; b\u00f6lgenin gelece\u011fine hizmet etmek i\u00e7in tercihlerin net ve a\u00e7\u0131k olup tek bir saf \u015feklinde durmak gerekti\u011fini s\u00f6zlerine ekledi.<\/p>\n<p><span style=\"color: #0000ff\">Direni\u015fe Dayal\u0131 Ulusal ve \u0130nsani Bir \u00c7izgi Benimsenmesi Arap Ulusunun Onurunu Koruyacakt\u0131r<\/span><\/p>\n<p>\u015eaban\u2019\u0131n ard\u0131ndan k\u00fcrs\u00fcye \u00e7\u0131kan Arap Yazarlar Birli\u011fi Ba\u015fkan\u0131 H\u00fcseyin Cuma, Aksa Mescidi\u2019nin yak\u0131lmas\u0131n\u0131n sadece kin ve nefreti yans\u0131tan bir sald\u0131r\u0131dan ibaret olmad\u0131\u011f\u0131n\u0131 \u0131rk\u00e7\u0131l\u0131\u011fa dayanan insanl\u0131ktan uzak ve ya\u015fama d\u00fc\u015fman bir zihniyetin yans\u0131mas\u0131 oldu\u011funu ifade etti.<\/p>\n<p>Direni\u015fe dayal\u0131 ulusal ve insani bir \u00e7izgi benimsenmesinin \u00f6nemine dikkat \u00e7eken Cuma, bu \u00e7izginin Arap ulusunun varl\u0131\u011f\u0131, egemenli\u011fi ve onurunu koruyacak tek alternatif oldu\u011funun alt\u0131n\u0131 \u00e7izdi.<\/p>\n<p><span style=\"color: #0000ff\">Suriye\u2019nin Direni\u015fi ve Zaferi Filistin\u2019in Kurtulu\u015f Umudunu Canland\u0131rd\u0131<\/span><\/p>\n<p>Filistin Kurtulu\u015fu \u0130\u00e7in Halk Cephesi Genel Sekreteri Yard\u0131mc\u0131s\u0131 Talal Naci Siyonist i\u015fgalin g\u00fcn\u00fcm\u00fczde ter\u00f6r\u00fcn\u00fc ve y\u00f6ntemlerini yeniledi\u011fini dile getirerek i\u015fgalin Filistin\u2019deki uygulamalar\u0131 ile Suriye\u2019de bulunan yeni Siyonistlerin uygulamalar\u0131 aras\u0131nda hi\u00e7bir fark bulunmad\u0131\u011f\u0131na dikkat \u00e7ekti.<\/p>\n<p>Filistinli Direni\u015f Gruplar\u0131 Koalisyonu Genel Sekreteri Halit Abd\u00fclmecit, vatanlar\u0131ndan kopar\u0131lan b\u00fct\u00fcn Filistinlilerin ya\u015famakta olduklar\u0131 b\u00fct\u00fcn ac\u0131lara ra\u011fmen vatanlar\u0131na ve topraklar\u0131na yeniden kavu\u015fmak amac\u0131yla i\u015fgale kar\u015f\u0131 yeniden ayaklanacaklar\u0131n\u0131 dile getirerek Suriye\u2019nin direni\u015fi ve zaferinin Filistin ve Kud\u00fcs\u2019\u00fcn kurtar\u0131lmas\u0131 umudunu canland\u0131rd\u0131\u011f\u0131n\u0131 vurgulad\u0131.<\/p>\n<p><span style=\"color: #0000ff\">B\u00fct\u00fcn Arap Ulusu Bu S\u00fcre\u00e7te Bir Olup Suriye\u2019yi Savunmal\u0131d\u0131r<\/span><\/p>\n<p><a href=\"http:\/\/sana.sy\/tr\/wp-content\/uploads\/2015\/08\/\u015eaban.jpg\"><img loading=\"lazy\" decoding=\"async\" class=\"alignright wp-image-44306 size-medium\" src=\"http:\/\/sana.sy\/tr\/wp-content\/uploads\/2015\/08\/\u015eaban-300x200.jpg\" alt=\"\u015eaban\" width=\"300\" height=\"200\" srcset=\"https:\/\/archive.sana.sy\/tr\/wp-content\/uploads\/2015\/08\/\u015eaban-300x200.jpg 300w, https:\/\/archive.sana.sy\/tr\/wp-content\/uploads\/2015\/08\/\u015eaban-150x100.jpg 150w, https:\/\/archive.sana.sy\/tr\/wp-content\/uploads\/2015\/08\/\u015eaban.jpg 500w\" sizes=\"auto, (max-width: 300px) 100vw, 300px\" \/><\/a>Di\u011fer taraftan foruma g\u00f6nderdi\u011fi g\u00f6r\u00fcnt\u00fcl\u00fc ses kayd\u0131 ile kat\u0131lan Kud\u00fcs ve Filistin Diyar\u0131 M\u00fcft\u00fcs\u00fc \u015eeyh Akreme Sabri; kimi Arap devletlerin, Aksa Mescidini yakan Siyonist d\u00fc\u015fmana kar\u015f\u0131 sava\u015fmad\u0131\u011f\u0131na i\u015faret ederek tek u\u011fra\u015flar\u0131 kendi i\u00e7 meseleleri olan Arap devletlerin, \u0130srail i\u015fgalinin Filistin ve Kud\u00fcs ile ilgili projelerini uygulamaya te\u015fvik eden en \u00f6nemli unsur oldu\u011funu belirtti.<\/p>\n<p>Foruma, ayn\u0131 \u015fekilde g\u00f6r\u00fcnt\u00fcl\u00fc mesajla kat\u0131lan Rum Ortodoks Sebastia Piskoposlar\u0131 Ba\u015fkan\u0131 Piskopos Ataullah Hanna; Kud\u00fcs\u2019te bulunan b\u00fct\u00fcn kiliselerin Aksa Mescidinin maruz kald\u0131\u011f\u0131 her t\u00fcrl\u00fc sald\u0131r\u0131y\u0131 \u015fiddetle k\u0131nad\u0131klar\u0131n\u0131 ifade ederek Aksa Mescidini hedef alman\u0131n b\u00fct\u00fcn Arap ulusunu hedef almak anlam\u0131na geldi\u011fini vurgulad\u0131.<\/p>\n<p>A\u015firet\u00e7ilik ve mezhep\u00e7ilik \u00fcslubunun Siyonizm\u2019in \u00e7\u0131karlar\u0131na hizmet etmek ve Arap ulusunu b\u00f6l\u00fcp par\u00e7alamaktan ba\u015fka hi\u00e7bir \u015feye hizmet etmedi\u011fini dile getiren Hanna; ya\u015fad\u0131\u011f\u0131m\u0131z bu s\u00fcre\u00e7te b\u00fct\u00fcn Arap ulusunun bir olup Suriye\u2019yi savunmas\u0131 gerekti\u011fini belirtti.<\/p>\n<p>Foruma Filistin, Kud\u00fcs ve Aksa Mescidinin tarihi ve bu tarihi tahrip etmek amac\u0131yla Siyonist i\u015fgalin izledi\u011fi sald\u0131r\u0131 politikalar\u0131n\u0131n yan\u0131 s\u0131ra Filistin halk\u0131n\u0131n Siyonist i\u015fgale kar\u015f\u0131 direni\u015fini anlatan filim g\u00f6sterimi ve foto\u011fraf sergisi e\u015flik etti.<\/p>\n<p>F.B. &#8211; M.M.<\/p>\n","protected":false},"excerpt":{"rendered":"<p>Uluslararas\u0131 Kud\u00fcs \u00d6rg\u00fct\u00fc\u2019n\u00fcn bug\u00fcn \u015eam Ulusal M\u00fczesinde \u201cKud\u00fcs Ayaklans\u0131n\u2026 Filistin Zaferini Kazans\u0131n..\u201d \u015fiar\u0131 alt\u0131nda d\u00fczenledi\u011fi foruma kat\u0131lan \u015fahsiyetler, Suriye\u2019deki direni\u015f ve zaferin Kud\u00fcs ve Filistin\u2019in kurtulu\u015f umudunu canland\u0131rd\u0131\u011f\u0131n\u0131 ifade ettiler. Kud\u00fcs\u2019te Aksa Mescidi\u2019nin Siyonistler taraf\u0131ndan yak\u0131lmas\u0131n\u0131n 46. Y\u0131ld\u00f6n\u00fcm\u00fc m\u00fcnasebetiyle ve Siyonizm\u2019in kutsal de\u011ferlere kar\u015f\u0131 planl\u0131 ve programl\u0131 bir \u015fekilde s\u00fcren sald\u0131r\u0131lar\u0131n\u0131 protesto etmek amac\u0131yla d\u00fczenlenen &hellip;<\/p>\n","protected":false},"author":1,"featured_media":44304,"comment_status":"closed","ping_status":"closed","sticky":false,"template":"","format":"standard","meta":{"footnotes":""},"categories":[479,478],"tags":[],"class_list":["post-44303","post","type-post","status-publish","format-standard","has-post-thumbnail","","category-haberler-yerel","category-yerel"],"_links":{"self":[{"href":"https:\/\/archive.sana.sy\/tr\/index.php?rest_route=\/wp\/v2\/posts\/44303","targetHints":{"allow":["GET"]}}],"collection":[{"href":"https:\/\/archive.sana.sy\/tr\/index.php?rest_route=\/wp\/v2\/posts"}],"about":[{"href":"https:\/\/archive.sana.sy\/tr\/index.php?rest_route=\/wp\/v2\/types\/post"}],"author":[{"embeddable":true,"href":"https:\/\/archive.sana.sy\/tr\/index.php?rest_route=\/wp\/v2\/users\/1"}],"replies":[{"embeddable":true,"href":"https:\/\/archive.sana.sy\/tr\/index.php?rest_route=%2Fwp%2Fv2%2Fcomments&post=44303"}],"version-history":[{"count":0,"href":"https:\/\/archive.sana.sy\/tr\/index.php?rest_route=\/wp\/v2\/posts\/44303\/revisions"}],"wp:featuredmedia":[{"embeddable":true,"href":"https:\/\/archive.sana.sy\/tr\/index.php?rest_route=\/wp\/v2\/media\/44304"}],"wp:attachment":[{"href":"https:\/\/archive.sana.sy\/tr\/index.php?rest_route=%2Fwp%2Fv2%2Fmedia&parent=44303"}],"wp:term":[{"taxonomy":"category","embeddable":true,"href":"https:\/\/archive.sana.sy\/tr\/index.php?rest_route=%2Fwp%2Fv2%2Fcategories&post=44303"},{"taxonomy":"post_tag","embeddable":true,"href":"https:\/\/archive.sana.sy\/tr\/index.php?rest_route=%2Fwp%2Fv2%2Ftags&post=44303"}],"curies":[{"name":"wp","href":"https:\/\/api.w.org\/{rel}","templated":true}]}}