{"id":44308,"date":"2015-08-21T11:40:04","date_gmt":"2015-08-21T08:40:04","guid":{"rendered":"http:\/\/sana.sy\/tr\/?p=44308"},"modified":"2015-08-21T18:53:36","modified_gmt":"2015-08-21T15:53:36","slug":"muallim-krizin-cozume-ulasmasi-icin-terore-destegin-kesilmesi-gerekiyor","status":"publish","type":"post","link":"https:\/\/archive.sana.sy\/tr\/?p=44308","title":{"rendered":"Muallim: Suriye \u0130le G\u00f6r\u00fc\u015fmek \u0130steyen Cesaret Sahibi Taraflar Aleni ve A\u00e7\u0131k Olmal\u0131d\u0131r"},"content":{"rendered":"<p>\u015eAM \u2013 Ba\u015fbakan Yard\u0131mc\u0131s\u0131 ve D\u0131\u015fi\u015fleri ve Gurbet\u00e7iler Bakan\u0131 Valit el Muallim, Uluslararas\u0131 G\u00fcvenlik Konseyinin yay\u0131nlad\u0131\u011f\u0131 karar kapsam\u0131nda, BM Genel Sekreterinin Suriye \u00d6zel Temsilcisi Stefan De Mistura\u2019n\u0131n krizin \u00e7\u00f6z\u00fcm\u00fcne ili\u015fkin sundu\u011fu projeyi onaylamas\u0131n\u0131n, \u00f6n\u00fcm\u00fczdeki Eyl\u00fcl ay\u0131na kadar ge\u00e7ecek zaman\u0131 de\u011ferlendirmeyi ama\u00e7lad\u0131\u011f\u0131n\u0131 ifade etti.<\/p>\n<p>M\u0131s\u0131rl\u0131 el Ahbar Gazetesine d\u00fcn bir r\u00f6portaj veren Muallim; De Mistura\u2019n\u0131n ABD y\u00f6netiminin, \u0130ran ile N\u00fckleer Anla\u015fmas\u0131n\u0131 Kongreste onaylayaca\u011f\u0131n\u0131 hesap ederek anla\u015fman\u0131n onaylanmas\u0131n\u0131n \u0130ran\u2019a b\u00f6lgedeki krizlerin \u00e7\u00f6z\u00fcm\u00fc i\u00e7in g\u00fc\u00e7 verece\u011fini tahmin etti\u011fini aktard\u0131.<\/p>\n<p>De Mistura\u2019n\u0131n tarafs\u0131z bir temsilciden \u00e7arp\u0131t\u0131lm\u0131\u015f bilgilere dayanan propaganda kayna\u011f\u0131na d\u00f6n\u00fc\u015fmesini garipsedi\u011fini ifade eden Muallim; silahl\u0131 ter\u00f6r gruplar\u0131n\u0131n \u015eam, Halep, Lazkiye ve Dera\u2019da sivil halk\u0131 hedef ald\u0131klar\u0131 roket sald\u0131r\u0131lar\u0131 ve ter\u00f6ristlerin i\u00e7me suyunu kesmesinden sonra Halep\u2019te ya\u015fanan insanl\u0131k dram\u0131yla ilgili De Mistura\u2019n\u0131n herhangi bir a\u00e7\u0131klama yapmad\u0131\u011f\u0131na dikkat \u00e7ekti.<\/p>\n<p>\u015eam ile Washington aras\u0131nda gizli g\u00f6r\u00fc\u015fmeler bulundu\u011funa y\u00f6nelik iddialara cevaben, Washington ile herhangi bir g\u00f6r\u00fc\u015fme bulunmad\u0131\u011f\u0131n\u0131n alt\u0131n\u0131 \u00e7izen Muallim; Suriye&#8217;nin masa alt\u0131ndan \u00e7al\u0131\u015fma y\u00fcr\u00fctmedi\u011fini Suriye ile g\u00f6r\u00fc\u015fmek isteyen ve cesaret sahibi taraflar\u0131n aleni ve a\u00e7\u0131k olmalar\u0131 gerekti\u011fini belirterek Suriye&#8217;nin korkacak ya da saklayacak bir \u015feyi olmad\u0131\u011f\u0131n\u0131 vurgulad\u0131.<\/p>\n<p>T\u00fcrkiye Rejimi Suiistimale Dayal\u0131 Ucuz Politikalar Pe\u015finde<\/p>\n<p>Suriye&#8217;nin kuzeyinde \u201cG\u00fcvenli B\u00f6lge\u201d kurulmas\u0131 \u00f6neri ve taleplerin, Suriye&#8217;nin ulusal egemenli\u011fine bir sald\u0131r\u0131 te\u015fkil etti\u011fine de\u011finen Muallim, bu talebi dillendiren T\u00fcrkiye rejiminin suiistimale dayal\u0131 ucuz politikalar pe\u015finde oldu\u011funu belirtti.<\/p>\n<p>T\u00fcrkiyeli bir generalin \u015eam\u2019\u0131 ziyaret etti\u011fi y\u00f6n\u00fcndeki haberlerle ilgili bir soruya cevaben, Muallim; T\u00fcrkiye\u2019de se\u00e7imlerde baraj\u0131 a\u015famayan bir muhalefet partisine ba\u011fl\u0131 eski bir generalin \u015eam\u2019\u0131 ziyaret etti\u011fini ve bundan \u00f6ncesinde de T\u00fcrkiyeli muhalefetten bir\u00e7ok ismin \u015eam\u2019da a\u011f\u0131rland\u0131\u011f\u0131n\u0131 ibraz etti.<\/p>\n<p>T\u00fcrkiyeli eski generalin I\u015e\u0130D ter\u00f6r \u00f6rg\u00fct\u00fcne kar\u015f\u0131 sava\u015fmak i\u00e7in Suriye ve T\u00fcrkiye ordular\u0131 aras\u0131nda koordinasyon kurulmas\u0131 teklifinde bulundu\u011funu ifade eden Muallim; ancak Suriye&#8217;nin, T\u00fcrkiye\u2019de hakim partinin yani Adalet ve Kalk\u0131nma Partisinin, ideolojik sebeplerden dolay\u0131 I\u015e\u0130D ter\u00f6r \u00f6rg\u00fct\u00fcne kar\u015f\u0131 sava\u015fmayaca\u011f\u0131ndan \u015f\u00fcphe duymad\u0131\u011f\u0131n\u0131 belirtti.<\/p>\n<p><span style=\"color: #0000ff\">Suriye&#8217;nin Tek Dayana\u011f\u0131 Halk\u0131n\u0131n ve Silahl\u0131 Kuvvetlerinin Direni\u015fidir<\/span><\/p>\n<p>Rusya ile ABD aras\u0131ndaki yak\u0131nla\u015fma ile ilgili olarak, Suriye&#8217;nin kendi halk\u0131n\u0131n ve silahl\u0131 kuvvetlerinin direni\u015fine dayand\u0131\u011f\u0131n\u0131 ifade eden Muallim; Suriye&#8217;nin, Rusya ile ABD aras\u0131ndaki yak\u0131nla\u015fmadan dolay\u0131 herhangi bir kayg\u0131 ya da korku duymad\u0131\u011f\u0131n\u0131 beyan etti.<\/p>\n<p>Suriye&#8217;ye kar\u015f\u0131s\u0131ndaki komplocular\u0131n kendi aralar\u0131nda ciddi bir kriz i\u00e7erisinde olduklar\u0131na i\u015faret eden Muallim; ABD\u2019nin bir y\u0131l\u0131 a\u015fk\u0131n bir s\u00fcre \u00f6ncesinde I\u015e\u0130D ter\u00f6r \u00f6rg\u00fct\u00fcne kar\u015f\u0131 koalisyon kurdu\u011funu ve I\u015e\u0130D ter\u00f6r \u00f6rg\u00fct\u00fcne ait mevzileri defalarca hedef almas\u0131na ra\u011fmen herhangi bir ba\u015far\u0131 sa\u011flayamad\u0131\u011f\u0131n\u0131 hat\u0131rlatt\u0131.<\/p>\n<p>Muallim; ABD\u2019de I\u015e\u0130D ter\u00f6r \u00f6rg\u00fct\u00fcne kar\u015f\u0131 m\u00fccadelede Suriye H\u00fck\u00fcmeti ile koordinasyon olu\u015fturulmas\u0131n\u0131 talep eden seslerin y\u00fckselmeye ba\u015flad\u0131\u011f\u0131na dikkat \u00e7ekti.<\/p>\n<p>\u0130ran\u2019\u0131n Suriye&#8217;de ya\u015fanmakta olan krizle ilgili hen\u00fcz herhangi bir giri\u015fimi bulunmad\u0131\u011f\u0131na de\u011finen Muallim, \u0130ran D\u0131\u015fi\u015fleri Bakan\u0131 Muhammed Cevat Zarif\u2019in \u015eam\u2019a d\u00fczenledi\u011fi ziyaret s\u0131ras\u0131nda sundu\u011fu kimi fikirler bulundu\u011funu ve bu fikirlerin netle\u015fmesinden sonra \u0130ran\u2019\u0131n bu fikirleri ilan edece\u011fini belirtti.<\/p>\n<p><span style=\"color: #0000ff\">\u00c7\u00f6z\u00fcm S\u00fcrecini Ulusal Egemenli\u011fe Sayg\u0131 Toprak ve Halk B\u00fct\u00fcnl\u00fc\u011f\u00fc \u0130lkeleri Belirleyecektir<\/span><\/p>\n<p>Suriye&#8217;de ya\u015fanmakta olan krizin \u00e7\u00f6z\u00fcm\u00fcn\u00fcn Suriye halk\u0131n\u0131n iradesi, tercihleri ve kendi kaderini tayin etme hakk\u0131na s\u0131yg\u0131 ilkesi olarak isimlendirilebilecek alt\u0131n bir kaideye dayal\u0131 oldu\u011funu ifade eden Muallim; \u00e7\u00f6z\u00fcm\u00fcn tek boyutlu olmay\u0131p kendi i\u00e7erisinde b\u00fct\u00fcnl\u00fckl\u00fc bir s\u00fcre\u00e7 oldu\u011funu ve bu s\u00fcreci Suriye&#8217;nin ulusal egemenli\u011fi, toprak ve halk b\u00fct\u00fcnl\u00fc\u011f\u00fcne sayg\u0131 gibi ilkelerin belirleyece\u011fini vurgulad\u0131.<br \/>\nMuallim; Suriye h\u00fck\u00fcmeti ile herhangi bir koordinasyon ya da isti\u015farede bulunmadan \u201cSuriye Muhalefeti\u201d ad\u0131 alt\u0131nda bir grup olu\u015fturmas\u0131 ve bu grubu Kahire\u2019de a\u011f\u0131rlamas\u0131 nedeniyle M\u0131s\u0131r H\u00fck\u00fcmetini k\u0131nad\u0131\u011f\u0131n\u0131 dile getirdi.<br \/>\nM\u0131s\u0131r\u2019dan y\u00fcksek d\u00fczeyde diplomatik bir temsilcinin \u015eam\u2019\u0131 ziyaret etti\u011fine ili\u015fkin s\u00f6ylentilerle ilgili soruya cevaben b\u00f6yle bir ziyarete ili\u015fkin elinde herhangi bir bilgi bulunmad\u0131\u011f\u0131n\u0131 ifade eden Muallim; ancak bu durumun g\u00fcvenlik alan\u0131nda, iki \u00fclke aras\u0131ndaki ili\u015fkileri normalle\u015ftirmeye d\u00f6n\u00fck, i\u015fbirli\u011fi bulunmad\u0131\u011f\u0131 anlam\u0131na gelmedi\u011finin alt\u0131n\u0131 \u00e7izdi.<\/p>\n<p><span style=\"color: #0000ff\">Muallim: Krizin \u00c7\u00f6z\u00fcme Ula\u015fmas\u0131 \u0130\u00e7in Ter\u00f6re Deste\u011fin Kesilmesi Gerekiyor<\/span><\/p>\n<p>Ba\u015fbakan Yard\u0131mc\u0131s\u0131 ve D\u0131\u015fi\u015fleri ve Gurbet\u00e7iler Bakan\u0131 Velit el Muallim; Suriye\u2019de siyasi bir \u00e7\u00f6z\u00fcme ula\u015f\u0131lmas\u0131 i\u00e7in, Uluslararas\u0131 G\u00fcvenlik Konseyinin, ter\u00f6rle m\u00fccadele ve silahl\u0131 ter\u00f6r gruplar\u0131n\u0131 destekleyen devletlere bu deste\u011fi kesmeleri i\u00e7in bask\u0131 yap\u0131lmas\u0131 ile ilgili kararlar\u0131n\u0131n uygulanmas\u0131 \u00e7a\u011fr\u0131s\u0131nda bulundu.<\/p>\n<p>D\u00fcn, M\u0131s\u0131rl\u0131 el Nahar Televizyonu Muhabiri Amro el Kahke\u2019nin sorular\u0131n\u0131 yan\u0131tlayan Muallim; Suriye krizinin \u00e7\u00f6z\u00fcm\u00fcn\u00fcn \u00e7ok b\u00fcy\u00fck bir \u00e7aba gerektirdi\u011fini ifade ederek \u0130ran\u2019\u0131n bu y\u00f6ndeki \u00e7abalar\u0131n\u0131n \u00f6zellikle de b\u00f6lgede b\u00fcy\u00fck bir devlet olmas\u0131 s\u0131fat\u0131 ve misyonuyla att\u0131\u011f\u0131 ad\u0131mlar\u0131n umut verici oldu\u011funu belirtti.<\/p>\n<p>Suriye\u2019nin en b\u00fcy\u00fck sorunun, topraklar\u0131nda bulunan yabanc\u0131 uyruklu silahl\u0131 ter\u00f6ristler oldu\u011funa dikkat \u00e7eken Muallim; daha \u00f6ncesinde silahl\u0131 ter\u00f6ristlere kucak a\u00e7an kesimlerin b\u00fcy\u00fck bir \u00e7o\u011funlu\u011funun, bu ter\u00f6ristlerin kendilerini finanse eden devletlere hizmet ettiklerinin bilincine vard\u0131\u011f\u0131n\u0131 ve \u00fclkenin bir\u00e7ok b\u00f6lgesinde ter\u00f6re kar\u015f\u0131 kitlesel g\u00f6steriler d\u00fczenlendi\u011fini ibraz etti.<\/p>\n<p><span style=\"color: #0000ff\">100\u2019\u00fc A\u015fk\u0131n \u00dclkeden Suriye\u2019ye Ter\u00f6rist G\u00f6nderiliyor<\/span><\/p>\n<p>Ter\u00f6r\u00fcn, Suriye\u2019ye 100\u2019\u00fc a\u015fk\u0131n \u00fclkeden g\u00f6nderildi\u011fini dile getiren Muallim; Suriye\u2019de bulunan ter\u00f6ristlerin t\u00fcm\u00fcn\u00fcn T\u00fcrkiye ve \u00dcrd\u00fcn gibi \u00fclkeye s\u0131n\u0131r\u0131 olan di\u011fer \u00fclkeler arac\u0131l\u0131\u011f\u0131 ile Suriye\u2019ye s\u0131zarak masum Suriye halk\u0131na kar\u015f\u0131 katliamlar d\u00fczenlediklerini beyan etti.<\/p>\n<p>\u201c\u0130srail Suriye\u2019de d\u00f6k\u00fclen her damla kan i\u00e7in alk\u0131\u015f tutarken, T\u00fcrkiye rejimi neden kendi topraklar\u0131 arac\u0131l\u0131\u011f\u0131 ile ter\u00f6ristlerin Suriye\u2019ye s\u0131zmas\u0131na izin veriyor\u2026 ABD neden T\u00fcrkiye topraklar\u0131nda bu ter\u00f6ristler i\u00e7in askeri e\u011fitim kamplar\u0131 kuruyor\u2026\u201d \u015feklinde sorgulayan Muallim; Suriye\u2019nin, topraklar\u0131nda bulunan ter\u00f6r\u00fc hezimete u\u011fratmak i\u00e7in uygun olan b\u00fct\u00fcn ara\u00e7lar\u0131 kullanmas\u0131n\u0131n son derece do\u011fal oldu\u011funu vurgulad\u0131.<\/p>\n<p>Ter\u00f6ristlerin, ellerinde tuttuklar\u0131 masum sivil vatanda\u015flar\u0131 \u00e7at\u0131\u015fmalarda canl\u0131 kalkan olarak kulland\u0131klar\u0131na dikkat \u00e7eken Muallim; ter\u00f6r\u00fc destekleyen medya ara\u00e7lar\u0131n\u0131n silahl\u0131 ter\u00f6r gruplar\u0131 taraf\u0131ndan i\u015flenen katliamlar\u0131 \u00f6rtbas etmek i\u00e7in bu masum vatanda\u015flar\u0131n kanlar i\u00e7indeki g\u00f6r\u00fcnt\u00fclerini pazarlad\u0131klar\u0131n\u0131 aktard\u0131.<\/p>\n<p><span style=\"color: #0000ff\">Suriye Halk\u0131n\u0131n Kan\u0131n\u0131n D\u00f6k\u00fclmesine Son Verilmesi Kapsam\u0131nda Her Giri\u015fim K\u0131ymetlidir<\/span><\/p>\n<p>Suriye\u2019nin, krizin \u00e7\u00f6z\u00fcm\u00fc ile ilgili her Arap giri\u015fimini memnuniyetle kar\u015f\u0131layaca\u011f\u0131n\u0131 ifade eden Muallim; Suriye halk\u0131n\u0131n kan\u0131n\u0131n d\u00f6k\u00fclmesine son verilmesi kapsam\u0131nda gelecek her giri\u015fimin k\u0131ymetli oldu\u011funun alt\u0131n\u0131 \u00e7izdi.<\/p>\n<p>Suriye\u2019nin \u0130ran ve L\u00fcbnanl\u0131 Hizbullah Partisi ile ili\u015fkileriyle ilgili sorular\u0131 da cevaplayan Muallim; Suriye\u2019nin \u0130ran ve Hizbullah Partisi ile ili\u015fkilerin \u0130srail\u2019e kar\u015f\u0131 ortak direni\u015f paydas\u0131nda bulu\u015ftu\u011funu ifade ederek gerek \u0130ran gerekse Rusya ve \u00c7in Halk Cumhuriyeti gibi b\u00fct\u00fcn dost \u00fclkelerle Suriye aras\u0131ndaki ili\u015fkilerin kar\u015f\u0131l\u0131kl\u0131 sayg\u0131 temelinde geli\u015fti\u011fini beyan etti.<\/p>\n<p>Suriye ile M\u0131s\u0131r ve Suudi Arabistan aras\u0131ndaki ili\u015fkilerin bozulmas\u0131 ile ilgili sorulara cevaben bu sorular\u0131n tarih boyunca Arap \u00fclkelerin birli\u011fi ve b\u00fct\u00fcnl\u00fc\u011f\u00fc y\u00f6n\u00fcnde \u00e7aba harcayan Suriye\u2019nin D\u0131\u015fi\u015fleri Bakan\u0131na de\u011fil M\u0131s\u0131r ve Suudi Arabistan d\u0131\u015fi\u015fleri bakanlar\u0131na y\u00f6neltilmesi gerekti\u011fini dile getirdi.<\/p>\n<p><span style=\"color: #0000ff\">Suriye ile T\u00fcrkiye Aras\u0131ndaki Anla\u015fmazl\u0131\u011f\u0131n As\u0131l Sebebi Davuto\u011flu\u2019nun Talebinin Reddedilmesidir<\/span><\/p>\n<p>Arap devletlerin kendiliklerinden Suriye ile ilgili rollerini terk ederek ABD\u2019den al\u0131nan talimatlar do\u011frultusunda, Suriye\u2019nin arkadan b\u0131\u00e7aklanmas\u0131n\u0131 sessizce seyretmeye ba\u015flad\u0131klar\u0131n\u0131 ifade eden Muallim; Suriye\u2019nin M\u0131s\u0131r\u2019da M\u00fcsl\u00fcman Karde\u015fler \u00d6rg\u00fct\u00fcn\u00fcn iktidardan d\u00fc\u015fmesiyle sonu\u00e7lanan devrimi kutlad\u0131\u011f\u0131n\u0131 ve Yemen\u2019in I\u015e\u0130D ter\u00f6r \u00f6rg\u00fct\u00fcne kar\u015f\u0131 direni\u015fini sonuna kadar destekledi\u011fini hat\u0131rlatt\u0131.<\/p>\n<p>Suriye ile T\u00fcrkiye aras\u0131ndaki anla\u015fmazl\u0131\u011f\u0131n as\u0131l nedenlerine de\u011finen Muallim; Suriye ile T\u00fcrkiye aras\u0131ndaki anla\u015fmazl\u0131\u011f\u0131n, 2011 y\u0131l\u0131nda d\u00f6nemin T\u00fcrkiye D\u0131\u015fi\u015fleri Bakan\u0131 Ahmet Davuto\u011flu\u2019nun, \u201cM\u00fcsl\u00fcman Karde\u015fler \u00d6rg\u00fct\u00fcn\u00fcn Suriye\u2019de \u0130ktidara Ortak Edilmesi\u201d talebinin, Suriye taraf\u0131ndan kati bir \u015fekilde reddedilmesiyle ortaya \u00e7\u0131kt\u0131\u011f\u0131n\u0131 ibraz etti.<\/p>\n<p>F.B. &#8211; M.M.<\/p>\n","protected":false},"excerpt":{"rendered":"<p>\u015eAM \u2013 Ba\u015fbakan Yard\u0131mc\u0131s\u0131 ve D\u0131\u015fi\u015fleri ve Gurbet\u00e7iler Bakan\u0131 Valit el Muallim, Uluslararas\u0131 G\u00fcvenlik Konseyinin yay\u0131nlad\u0131\u011f\u0131 karar kapsam\u0131nda, BM Genel Sekreterinin Suriye \u00d6zel Temsilcisi Stefan De Mistura\u2019n\u0131n krizin \u00e7\u00f6z\u00fcm\u00fcne ili\u015fkin sundu\u011fu projeyi onaylamas\u0131n\u0131n, \u00f6n\u00fcm\u00fczdeki Eyl\u00fcl ay\u0131na kadar ge\u00e7ecek zaman\u0131 de\u011ferlendirmeyi ama\u00e7lad\u0131\u011f\u0131n\u0131 ifade etti. M\u0131s\u0131rl\u0131 el Ahbar Gazetesine d\u00fcn bir r\u00f6portaj veren Muallim; De Mistura\u2019n\u0131n ABD &hellip;<\/p>\n","protected":false},"author":1,"featured_media":44309,"comment_status":"closed","ping_status":"closed","sticky":false,"template":"","format":"standard","meta":{"footnotes":""},"categories":[479,2554,2555,478],"tags":[16331,16327,16329,16332,16330],"class_list":["post-44308","post","type-post","status-publish","format-standard","has-post-thumbnail","","category-haberler-yerel","category-suriye-ve-dunya","category-suriye-ve-turkiye","category-yerel","tag-bm-genel-sekreterinin-suriye-ozel-temsilcisi-stefan-de-misturanin-krizin-cozumune-iliskin-sundugu-projeyi-onaylamasinin","tag-muallim-krizin-cozume-ulasmasi-icin-terore-destegin-kesilmesi-gerekiyor","tag-muallim-suriye-ile-gorusmek-isteyen-cesaret-sahibi-taraflar-aleni-ve-acik-olmalidir-sam-basbakan-yardimcisi-ve-disisleri-ve-gurbetciler-bakani-valit-el-muallim","tag-onumuzdeki-eylul-ayina-kadar-gececek-zamani-degerlendirmeyi-amacladigini-ifade-etti","tag-uluslararasi-guvenlik-konseyinin-yayinladigi-karar-kapsaminda"],"_links":{"self":[{"href":"https:\/\/archive.sana.sy\/tr\/index.php?rest_route=\/wp\/v2\/posts\/44308","targetHints":{"allow":["GET"]}}],"collection":[{"href":"https:\/\/archive.sana.sy\/tr\/index.php?rest_route=\/wp\/v2\/posts"}],"about":[{"href":"https:\/\/archive.sana.sy\/tr\/index.php?rest_route=\/wp\/v2\/types\/post"}],"author":[{"embeddable":true,"href":"https:\/\/archive.sana.sy\/tr\/index.php?rest_route=\/wp\/v2\/users\/1"}],"replies":[{"embeddable":true,"href":"https:\/\/archive.sana.sy\/tr\/index.php?rest_route=%2Fwp%2Fv2%2Fcomments&post=44308"}],"version-history":[{"count":0,"href":"https:\/\/archive.sana.sy\/tr\/index.php?rest_route=\/wp\/v2\/posts\/44308\/revisions"}],"wp:featuredmedia":[{"embeddable":true,"href":"https:\/\/archive.sana.sy\/tr\/index.php?rest_route=\/wp\/v2\/media\/44309"}],"wp:attachment":[{"href":"https:\/\/archive.sana.sy\/tr\/index.php?rest_route=%2Fwp%2Fv2%2Fmedia&parent=44308"}],"wp:term":[{"taxonomy":"category","embeddable":true,"href":"https:\/\/archive.sana.sy\/tr\/index.php?rest_route=%2Fwp%2Fv2%2Fcategories&post=44308"},{"taxonomy":"post_tag","embeddable":true,"href":"https:\/\/archive.sana.sy\/tr\/index.php?rest_route=%2Fwp%2Fv2%2Ftags&post=44308"}],"curies":[{"name":"wp","href":"https:\/\/api.w.org\/{rel}","templated":true}]}}