{"id":44311,"date":"2015-08-20T20:33:34","date_gmt":"2015-08-20T17:33:34","guid":{"rendered":"http:\/\/sana.sy\/tr\/?p=44311"},"modified":"2015-08-21T17:49:13","modified_gmt":"2015-08-21T14:49:13","slug":"teror-kahraman-birliklerimiz-karsisinda-aciz-kaliyor","status":"publish","type":"post","link":"https:\/\/archive.sana.sy\/tr\/?p=44311","title":{"rendered":"Ter\u00f6r Kahraman Birliklerimiz Kar\u015f\u0131s\u0131nda Aciz Kal\u0131yor"},"content":{"rendered":"<p>\u0130LLER \u2013 Katliam, gasp, tecav\u00fcz ve daha akla hayale bile gelmeyecek insanl\u0131k d\u0131\u015f\u0131 b\u00fct\u00fcn faaliyetleri meslek edinen silahl\u0131 ter\u00f6r gruplar\u0131 kahraman birliklerimizin namlular\u0131 kar\u015f\u0131s\u0131nda aciz kal\u0131yorlar. Kahraman birliklerimiz ter\u00f6re kar\u015f\u0131 devam eden operasyonlar\u0131 \u00e7er\u00e7evesinde bug\u00fcn de onlarca ter\u00f6risti \u00f6l\u00fc ve yaral\u0131 olarak ele ge\u00e7irmeyi ba\u015fard\u0131lar.<\/p>\n<p><span style=\"color: #0000ff\">LAZK\u0130YE:<\/span><\/p>\n<p>Ordu birliklerimiz halk savunma g\u00fc\u00e7leriyle i\u015fbirli\u011fi i\u00e7inde Lazkiye Kentinin 48 km kuzeydo\u011fusuna d\u00fc\u015fen Mriyc K\u00f6y\u00fcnde ter\u00f6ristlere ait bir yuva ve iki arac\u0131 imha ederek orada bulunan Nusra Cephesine ba\u011fl\u0131 12 ter\u00f6risti \u00f6ld\u00fcrd\u00fc.<\/p>\n<p>G\u00fcn i\u00e7erisinde a\u00e7\u0131klama yapan askeri bir kaynak; Lazkiye k\u0131rsal\u0131n\u0131n kuzeydo\u011fusu Sevda K\u00f6y\u00fcnde \u2018Ahrar el \u015eam \u0130slami Hareketi\u2019ne tabi siperlerini imha eden ordu birliklerimizin 8 ter\u00f6risti \u00f6ld\u00fcrd\u00fcklerini ifade etti.<\/p>\n<p><span style=\"color: #0000ff\">HOMS:<\/span><\/p>\n<p>Askeri kaynak; ordu birliklerimizin Homs k\u0131rsal\u0131n\u0131n kuzeyi Telbise B\u00f6lgesine d\u00fc\u015fen Hav\u015f el Zebadi K\u00f6y\u00fcnde ter\u00f6ristlerin yuva ve hareketlenmelerine kar\u015f\u0131 d\u00fczenledikleri nitelikli operasyonlarda bir ter\u00f6r grubunun b\u00fct\u00fcn \u00fcyelerini \u00f6ld\u00fcr\u00fcp Pikap t\u00fcr\u00fc bir ara\u00e7 ve bir motosikleti imha ettiklerini aktard\u0131.<\/p>\n<p>Ordu birliklerimizin Homs k\u0131rsal\u0131 Circesiye K\u00f6y\u00fcnde ter\u00f6ristlerin toplanma yerleri ve mevkilerini hedef ald\u0131klar\u0131n\u0131 \u00e7ok say\u0131da ter\u00f6risti \u00f6l\u00fc ve yaral\u0131 olarak ele ge\u00e7irdiklerini dile getiren kaynak; ayr\u0131ca operasyonlarda ter\u00f6ristlere ait b\u00fcy\u00fck miktarda silah ve m\u00fchimmat\u0131n imha edildi\u011fine i\u015faret etti.<\/p>\n<p>\u00d6yle saatlerinde SANA\u2019ya a\u00e7\u0131klama yapan bir kaynak da; ordu birliklerimizin Homs k\u0131rsal\u0131n\u0131n do\u011fusu Karyetin Kenti, Do\u011fu Svvane K\u00f6y\u00fc ve Cezl Petrol Platformun civar\u0131nda I\u015e\u0130D ter\u00f6r \u00f6rg\u00fct\u00fcne tabi \u00e7etelerinin hareket eksenlerine y\u00f6nelik askeri operasyonlar\u0131n\u0131 s\u00fcrd\u00fcrd\u00fcklerini a\u00e7\u0131klad\u0131.<\/p>\n<p>Kaynak; operasyonlarda bir\u00e7ok ter\u00f6ristin \u00f6l\u00fc ve yaral\u0131 d\u00fc\u015f\u00fcr\u00fcl\u00fcp bir silah deposu ve cephanenin yok edildi\u011fine dikkat etti.<\/p>\n<p><span style=\"color: #0000ff\">KUNAYTRA:<\/span><\/p>\n<p>Kunaytra k\u0131rsal\u0131nda ise askeri kaynak Cebbata el Ha\u015feb K\u00f6y\u00fcnde ordu birliklerimizin Nusra Cephesinin \u00e7eteleriyle \u00e7at\u0131\u015fmaya girerek bir\u00e7ok ter\u00f6risti \u00f6l\u00fc ve yaral\u0131 d\u00fc\u015f\u00fcrd\u00fc\u011f\u00fcn\u00fc ifade eden kaynak; buradaki operasyonlar kapsam\u0131nda Hazr K\u00f6y\u00fcne kar\u015f\u0131 d\u00fczenlenen ter\u00f6r sald\u0131r\u0131lar\u0131nda kullan\u0131lan havan rampalar\u0131na ilaveten b\u00fcy\u00fck miktarda cephane ve silahlar\u0131n da imha edildi\u011finiaktard\u0131.<\/p>\n<p>Kaynak;Kunaytra k\u0131rsal\u0131 Hamidiye K\u00f6y\u00fcnde ter\u00f6r \u00f6rg\u00fctlerin \u0130srail\u2019den gelen destek hatlar\u0131 ve yuvalar\u0131n\u0131 hedef alan ordu birliklerimizin buralarda \u00e7ok say\u0131da ter\u00f6risti \u00f6l\u00fc ve yaral\u0131 d\u00fc\u015f\u00fcrd\u00fcklerini aktard\u0131.<\/p>\n<p>Bu arada ordu birliklerimizin Kunaytra k\u0131rsal\u0131 Beir el Acem B\u00f6lgesine tabi Rvayhaniye K\u00f6y\u00fcnde Nusra Cephesi, \u2018Furkan T\u00fcmeni\u2019 ve \u2018Ahrar el \u015eam \u0130slami Hareketi ter\u00f6r \u00f6rg\u00fctlerine ba\u011fl\u0131 onlarca ter\u00f6risti \u00f6l\u00fc ve yaral\u0131 d\u00fc\u015f\u00fcrd\u00fcklerini belirten kaynak; havzalar\u0131nda bulunan ara\u00e7 ve silahlar\u0131n\u0131 imha ettiklerine dikkat \u00e7ekti.<\/p>\n<p><span style=\"color: #0000ff\">DERA:<\/span><\/p>\n<p>\u00d6te yandan kahraman ordu birliklerimiz Dera Kentinin kuzeybat\u0131s\u0131 Akraba K\u00f6y\u00fcne ilaveten Dera Beled\u2019te Nusra Cephesi ve di\u011fer ter\u00f6r \u00f6rg\u00fctlerine ait toplanma yerlerini hedef alarak a\u011f\u0131r makineli silahlarla donat\u0131lm\u0131\u015f ara\u00e7lar\u0131n\u0131 imha edip bir\u00e7ok ter\u00f6risti de \u00f6ld\u00fcrd\u00fc.<\/p>\n<p>G\u00fcn i\u00e7ersinde a\u00e7\u0131klama yapan bir kaynak; ordu birliklerimizin Dera Kentinin 22 km kuzeyine d\u00fc\u015fen \u015eeyh Meskin Kasabas\u0131nda ter\u00f6ristlerin h\u00fccrelerini imha etmelerine e\u015f zamanl\u0131 olarak Bat\u0131 \u011eariye B\u00f6lgesinde ter\u00f6ristlerin mevzilerini ve hareket eksinlerini hedef al\u0131rken y\u00fcksek say\u0131da ter\u00f6risti \u00f6ld\u00fcrd\u00fcklerini belirtti.<\/p>\n<p><span style=\"color: #0000ff\">\u015eAM KIRSALI:<\/span><\/p>\n<p>Bununla birlikte; askeri kaynak ordu birliklerimizin L\u00fcbnanl\u0131 direni\u015f g\u00fc\u00e7leriyle i\u015fbirli\u011fi i\u00e7inde \u015eam k\u0131rsal\u0131 Zebadani Kentinin Do\u011fu y\u00f6n\u00fcnden bir askeri noktaya s\u0131zan ter\u00f6ristlerle \u00e7at\u0131\u015fmaya girerek sald\u0131rganlar\u0131n saflar\u0131nda a\u011f\u0131r kay\u0131plara yol a\u00e7t\u0131klar\u0131n\u0131 s\u00f6zlerine ekledi.<\/p>\n<p style=\"text-align: justify\"><span style=\"color: #0000ff\">HALEP:<\/span><\/p>\n<p>Halep Kentinin 40 km do\u011fusuna d\u00fc\u015fen Havac\u0131l\u0131k Akademisi \u00e7evresinde ise kahraman ordu birliklerimizle I\u015e\u0130Dter\u00f6r \u00f6rg\u00fct\u00fcne ba\u011fl\u0131 \u00e7eteler aras\u0131nda \u015fiddetli \u00e7at\u0131\u015fmalar ya\u015fand\u0131\u011f\u0131n\u0131 s\u00f6yleyen askeri kaynak; \u00e7at\u0131\u015fmalar\u0131n sonucunda ter\u00f6r saflar\u0131na b\u00fcy\u00fck be\u015feri ve lojistik kay\u0131p verdirdiklerini aktard\u0131.<\/p>\n<p><span style=\"color: #0000ff\">HAMA:<\/span><\/p>\n<p>Askeri bir kaynak SANA muhabirine yapt\u0131\u011f\u0131 a\u00e7\u0131klamada; askeri hava g\u00fc\u00e7lerimizin, Hama k\u0131rsal\u0131n\u0131n kuzeybat\u0131s\u0131 Tancra, Kahire, Madik Kalesi civar\u0131, Huva\u015f ve Unkavi k\u00f6ylerinde ter\u00f6r \u00f6rg\u00fctlerin toplanma merkezlerini hedef ald\u0131klar\u0131n\u0131 ifade etti.<\/p>\n<p>Kaynak; operasyonlarda ter\u00f6ristlerin yuva ve ara\u00e7lar\u0131n imha edilip buralarda bulunan y\u00fcksek say\u0131da ter\u00f6ristin \u00f6l\u00fc ve yaral\u0131 d\u00fc\u015f\u00fcr\u00fcld\u00fc\u011f\u00fcn\u00fc ekledi.<\/p>\n<p><span style=\"color: #0000ff\">\u0130DL\u0130B:<\/span><\/p>\n<p>Askeri kaynak; hava g\u00fc\u00e7lerimizin \u0130dlib k\u0131rsal\u0131 Friyke, Karkur, Tel Kefyir, Sahn, Merc el Zuhur, Sermaniye, Trimle, Ayn Laroz, el Lij ve Ziyadiye b\u00f6lgelerinde katil Erdo\u011fan rejimine ba\u011fl\u0131 ter\u00f6r \u00f6rg\u00fctlerin karargah ve yuvalar\u0131n\u0131 hedef almalar\u0131yla onlarca ter\u00f6risti \u00f6l\u00fc ve yaral\u0131 d\u00fc\u015f\u00fcr\u00fcp su\u00e7 edatlar\u0131n\u0131 da imha ettiklerine beyan etti.<\/p>\n<p>Di\u011fer yandan ordu birliklerimiz \u0130dlib Kentinin 50 km g\u00fcneydo\u011fusuna d\u00fc\u015fen Ebu Zuhur ve H\u015feyir b\u00f6lgelerinde Nusra Cephesi ve di\u011fer ter\u00f6r \u00f6rg\u00fctlerine ait ter\u00f6r yuvalar\u0131n\u0131 muhtevalar\u0131yla birlikte etkisiz hale getirdi.<\/p>\n<p>M.M. &#8211; F.B.<\/p>\n","protected":false},"excerpt":{"rendered":"<p>\u0130LLER \u2013 Katliam, gasp, tecav\u00fcz ve daha akla hayale bile gelmeyecek insanl\u0131k d\u0131\u015f\u0131 b\u00fct\u00fcn faaliyetleri meslek edinen silahl\u0131 ter\u00f6r gruplar\u0131 kahraman birliklerimizin namlular\u0131 kar\u015f\u0131s\u0131nda aciz kal\u0131yorlar. Kahraman birliklerimiz ter\u00f6re kar\u015f\u0131 devam eden operasyonlar\u0131 \u00e7er\u00e7evesinde bug\u00fcn de onlarca ter\u00f6risti \u00f6l\u00fc ve yaral\u0131 olarak ele ge\u00e7irmeyi ba\u015fard\u0131lar. LAZK\u0130YE: Ordu birliklerimiz halk savunma g\u00fc\u00e7leriyle i\u015fbirli\u011fi i\u00e7inde Lazkiye Kentinin &hellip;<\/p>\n","protected":false},"author":1,"featured_media":44312,"comment_status":"closed","ping_status":"closed","sticky":false,"template":"","format":"standard","meta":{"footnotes":""},"categories":[575],"tags":[16328],"class_list":["post-44311","post","type-post","status-publish","format-standard","has-post-thumbnail","","category-olaylar-ve-gercekler","tag-teror-kahraman-birliklerimiz-karsisinda-aciz-kaliyor"],"_links":{"self":[{"href":"https:\/\/archive.sana.sy\/tr\/index.php?rest_route=\/wp\/v2\/posts\/44311","targetHints":{"allow":["GET"]}}],"collection":[{"href":"https:\/\/archive.sana.sy\/tr\/index.php?rest_route=\/wp\/v2\/posts"}],"about":[{"href":"https:\/\/archive.sana.sy\/tr\/index.php?rest_route=\/wp\/v2\/types\/post"}],"author":[{"embeddable":true,"href":"https:\/\/archive.sana.sy\/tr\/index.php?rest_route=\/wp\/v2\/users\/1"}],"replies":[{"embeddable":true,"href":"https:\/\/archive.sana.sy\/tr\/index.php?rest_route=%2Fwp%2Fv2%2Fcomments&post=44311"}],"version-history":[{"count":0,"href":"https:\/\/archive.sana.sy\/tr\/index.php?rest_route=\/wp\/v2\/posts\/44311\/revisions"}],"wp:featuredmedia":[{"embeddable":true,"href":"https:\/\/archive.sana.sy\/tr\/index.php?rest_route=\/wp\/v2\/media\/44312"}],"wp:attachment":[{"href":"https:\/\/archive.sana.sy\/tr\/index.php?rest_route=%2Fwp%2Fv2%2Fmedia&parent=44311"}],"wp:term":[{"taxonomy":"category","embeddable":true,"href":"https:\/\/archive.sana.sy\/tr\/index.php?rest_route=%2Fwp%2Fv2%2Fcategories&post=44311"},{"taxonomy":"post_tag","embeddable":true,"href":"https:\/\/archive.sana.sy\/tr\/index.php?rest_route=%2Fwp%2Fv2%2Ftags&post=44311"}],"curies":[{"name":"wp","href":"https:\/\/api.w.org\/{rel}","templated":true}]}}