{"id":44314,"date":"2015-08-21T14:40:13","date_gmt":"2015-08-21T11:40:13","guid":{"rendered":"http:\/\/www.sana.sy\/tr\/?p=44314"},"modified":"2015-08-21T16:00:13","modified_gmt":"2015-08-21T13:00:13","slug":"israil-ucaklari-suriyede-sivil-bir-araci-hedef-aldi-5-vatandasimiz-sehit-dustu","status":"publish","type":"post","link":"https:\/\/archive.sana.sy\/tr\/?p=44314","title":{"rendered":"\u0130\u015fgalci \u0130srail U\u00e7aklar\u0131 Sivil Bir Arac\u0131 Hedef Ald\u0131\u2026 5 Vatanda\u015f\u0131m\u0131z \u015eehit D\u00fc\u015ft\u00fc"},"content":{"rendered":"<p>KUNAYTRA \u2013 \u0130\u015fgalci \u0130srail\u2019in Kaide \u00d6rg\u00fct\u00fcne tabi tekfirci ter\u00f6r gruplar\u0131na s\u00fcrd\u00fcrd\u00fc\u011f\u00fc destek kapsam\u0131nda bug\u00fcn d\u00fc\u015fman sava\u015f u\u00e7aklar\u0131 Kunaytra iline ba\u011fl\u0131 el Kevm K\u00f6y\u00fcnde sivil bir arac\u0131 bombalad\u0131.<\/p>\n<p>Kunaytra Valili\u011finde yetkili bir kaynak SANA muhabirine yapt\u0131\u011f\u0131 a\u00e7\u0131klamada \u0130srail\u2019e ait insans\u0131z bir u\u00e7a\u011f\u0131n el Kevm K\u00f6y\u00fc halk pazar\u0131na 50 metre mesafede bulunan bir arac\u0131 saat 10:35\u2019te hedef almas\u0131 sonucu 5 vatanda\u015f\u0131m\u0131z\u0131n \u015fehit d\u00fc\u015ft\u00fc\u011f\u00fcn\u00fc ifade etti.<\/p>\n<p>\u0130srail\u2019in sald\u0131r\u0131s\u0131na e\u015f zamanl\u0131 olarak silahl\u0131 ter\u00f6r gruplar\u0131n\u0131n el H\u00fcrriye K\u00f6y\u00fc ve Samadaniye Nahiyesi taraflar\u0131ndan el Baas K\u00f6y\u00fcne s\u0131zma giri\u015fiminde bulunduklar\u0131na i\u015faret eden kaynak, ter\u00f6ristlerin s\u0131zma giri\u015fimlerinin sald\u0131rganlar\u0131n a\u011f\u0131r kay\u0131plara u\u011frat\u0131lmalar\u0131yla ba\u015far\u0131l\u0131 bir \u015fekilde \u00e7\u00f6kertildi\u011fini belirtti.<\/p>\n<p>Di\u011fer taraftan Kunaytra Valisi Ahmet \u015eeyh Abd\u00fclkadir, Ula\u015ft\u0131rma M\u00fcd\u00fcrl\u00fc\u011f\u00fc binas\u0131 ve d\u00fcn ak\u015fam saatlerinde \u0130srail taraf\u0131ndan hedef al\u0131nan Valilik Binas\u0131na saha gezisinde bulundu.<\/p>\n<p>Gezintisinde kendisine e\u015flik eden gazetecilere bir a\u00e7\u0131klama yapan Abd\u00fclkadir, i\u015fgalci \u0130srail\u2019e ait u\u00e7aklar\u0131n silahl\u0131 ter\u00f6r gruplar\u0131na destek sa\u011flamak amac\u0131yla d\u00fcn Kunaytra ilinde baz\u0131 hizmet binalar\u0131n\u0131 hedef ald\u0131\u011f\u0131n\u0131 dile getirdi.<\/p>\n<p>\u0130srail u\u00e7aklar\u0131n\u0131n d\u00fczenledi\u011fi sald\u0131r\u0131larla e\u015f zamanl\u0131 bir \u015fekilde ter\u00f6ristlerin el Baas ve Han Arnebe gibi g\u00fcvenli k\u00f6ylere s\u0131zmaya \u00e7al\u0131\u015ft\u0131klar\u0131na i\u015faret eden Abd\u00fclkadir, ter\u00f6ristlerin b\u00fct\u00fcn s\u0131zma giri\u015fimlerinin hezimetle sonu\u00e7land\u0131\u011f\u0131n\u0131 ve kahraman birliklerimiz ile girdikleri \u00e7at\u0131\u015fmalarda b\u00fcy\u00fck kay\u0131plar vererek geri \u00e7ekilmek zorunda kald\u0131klar\u0131n\u0131 belirtti.<\/p>\n<p>F.B. &#8211; M.M.<\/p>\n","protected":false},"excerpt":{"rendered":"<p>KUNAYTRA \u2013 \u0130\u015fgalci \u0130srail\u2019in Kaide \u00d6rg\u00fct\u00fcne tabi tekfirci ter\u00f6r gruplar\u0131na s\u00fcrd\u00fcrd\u00fc\u011f\u00fc destek kapsam\u0131nda bug\u00fcn d\u00fc\u015fman sava\u015f u\u00e7aklar\u0131 Kunaytra iline ba\u011fl\u0131 el Kevm K\u00f6y\u00fcnde sivil bir arac\u0131 bombalad\u0131. Kunaytra Valili\u011finde yetkili bir kaynak SANA muhabirine yapt\u0131\u011f\u0131 a\u00e7\u0131klamada \u0130srail\u2019e ait insans\u0131z bir u\u00e7a\u011f\u0131n el Kevm K\u00f6y\u00fc halk pazar\u0131na 50 metre mesafede bulunan bir arac\u0131 saat 10:35\u2019te hedef &hellip;<\/p>\n","protected":false},"author":1,"featured_media":44319,"comment_status":"closed","ping_status":"closed","sticky":false,"template":"","format":"standard","meta":{"footnotes":""},"categories":[479,575,478],"tags":[16336],"class_list":["post-44314","post","type-post","status-publish","format-standard","has-post-thumbnail","","category-haberler-yerel","category-olaylar-ve-gercekler","category-yerel","tag-isgalci-israil-ucaklari-sivil-bir-araci-hedef-aldi-5-vatandasimiz-sehit-dustu"],"_links":{"self":[{"href":"https:\/\/archive.sana.sy\/tr\/index.php?rest_route=\/wp\/v2\/posts\/44314","targetHints":{"allow":["GET"]}}],"collection":[{"href":"https:\/\/archive.sana.sy\/tr\/index.php?rest_route=\/wp\/v2\/posts"}],"about":[{"href":"https:\/\/archive.sana.sy\/tr\/index.php?rest_route=\/wp\/v2\/types\/post"}],"author":[{"embeddable":true,"href":"https:\/\/archive.sana.sy\/tr\/index.php?rest_route=\/wp\/v2\/users\/1"}],"replies":[{"embeddable":true,"href":"https:\/\/archive.sana.sy\/tr\/index.php?rest_route=%2Fwp%2Fv2%2Fcomments&post=44314"}],"version-history":[{"count":0,"href":"https:\/\/archive.sana.sy\/tr\/index.php?rest_route=\/wp\/v2\/posts\/44314\/revisions"}],"wp:featuredmedia":[{"embeddable":true,"href":"https:\/\/archive.sana.sy\/tr\/index.php?rest_route=\/wp\/v2\/media\/44319"}],"wp:attachment":[{"href":"https:\/\/archive.sana.sy\/tr\/index.php?rest_route=%2Fwp%2Fv2%2Fmedia&parent=44314"}],"wp:term":[{"taxonomy":"category","embeddable":true,"href":"https:\/\/archive.sana.sy\/tr\/index.php?rest_route=%2Fwp%2Fv2%2Fcategories&post=44314"},{"taxonomy":"post_tag","embeddable":true,"href":"https:\/\/archive.sana.sy\/tr\/index.php?rest_route=%2Fwp%2Fv2%2Ftags&post=44314"}],"curies":[{"name":"wp","href":"https:\/\/api.w.org\/{rel}","templated":true}]}}