{"id":44326,"date":"2015-08-21T20:33:22","date_gmt":"2015-08-21T17:33:22","guid":{"rendered":"http:\/\/sana.sy\/tr\/?p=44326"},"modified":"2015-08-22T16:42:02","modified_gmt":"2015-08-22T13:42:02","slug":"terore-karsi-yazilan-destanlar-gelecek-nesillere-miras-olacak-2","status":"publish","type":"post","link":"https:\/\/archive.sana.sy\/tr\/?p=44326","title":{"rendered":"Ter\u00f6re Kar\u015f\u0131 Yaz\u0131lan Destanlar Gelecek Nesillere Miras Olacak"},"content":{"rendered":"<p>\u0130LLER \u2013 Kahraman ordu birliklerimiz; kad\u0131n-erkek ay\u0131rmaks\u0131z\u0131n omuz omuza vererek karde\u015flik ve ho\u015fg\u00f6r\u00fc harc\u0131ndan kocaman bir medeniyet in\u015fa eden halk\u0131m\u0131zdan ald\u0131klar\u0131 g\u00fc\u00e7 ve azimle; tekfirci, \u0131rz d\u00fc\u015fman\u0131, katil, h\u0131rs\u0131z ve d\u0131\u015f mihraklar\u0131n kuklalar\u0131ndan olu\u015fan ter\u00f6r gruplar\u0131na kar\u015f\u0131 m\u00fccadelede gelecek nesillere e\u015fsiz bir miras olacak destanlar yaz\u0131yorlar.<\/p>\n<p><span style=\"color: #0000ff\">HALEP:<\/span><\/p>\n<p>Ordu birliklerimiz Halep ve k\u0131rsal\u0131nda katil Erdo\u011fan rejimine ba\u011fl\u0131 I\u015e\u0130D, Nusra Cephesi ve di\u011fer ter\u00f6r \u00f6rg\u00fctlerine y\u00f6nelik ba\u015far\u0131l\u0131 operasyonlar\u0131na devam ediyor.<\/p>\n<p>Askeri bir kaynak; ordu birliklerimizin Halep Kentinin 40 km do\u011fusuna d\u00fc\u015fen Havac\u0131l\u0131k Akademisi \u00e7evresinde I\u015e\u0130D \u00f6rg\u00fct\u00fcn\u00fcn mevkii ve hareketlenmelerini hedef almalar\u0131na e\u015f zamanl\u0131 olarak Sfiyra civar\u0131nda ter\u00f6ristlerin toplanma yerlerini imha ettiklerini ifade etti.<\/p>\n<p>Kaynak; operasyonlarda y\u00fcksek say\u0131da ter\u00f6ristin \u00f6l\u00fc ve yaral\u0131 d\u00fc\u015f\u00fcr\u00fclerek havzalar\u0131nda bulunan ve bir k\u0131sm\u0131 a\u011f\u0131r makineli silahlarla donat\u0131lm\u0131\u015f bir\u00e7ok arac\u0131n ve silahlar\u0131n imha edildi\u011fini s\u00f6zlerine ekledi.<\/p>\n<p>Ordu birliklerimizin Halep Kenti Beni Zeyd, Ramuse, Ra\u015fidin, Sahur ve Selahattin semtlerine ilaveten Liramun\u2019un Fabrikalar\u0131n civar\u0131nda ter\u00f6r \u00f6rg\u00fctlerin yuva ve k\u00fcmelenme yerlerini hedef ald\u0131klar\u0131n\u0131 aktaran kaynak; buralarda da \u00e7ok say\u0131da ter\u00f6risti \u00f6l\u00fc ve yaral\u0131 d\u00fc\u015f\u00fcrd\u00fcklerine dikkat \u00e7ekti.<\/p>\n<p><span style=\"color: #0000ff\">DERA:<\/span><\/p>\n<p>\u00d6te yandan ordu birliklerimiz Dera Beled\u2019in muhtelif b\u00f6lgelerinde de Nusra Cephesine ait toplanma yerleri ve karargahlar\u0131 muhtevalar\u0131yla birlikte imha ettiler.<\/p>\n<p>Kahraman ordu birliklerimiz, Dera k\u0131rsal\u0131n\u0131n kuzeybat\u0131s\u0131na yak\u0131n d\u00fc\u015fen Tel el Hara B\u00f6lgesinde ter\u00f6ristlerin silah ve cephane ta\u015f\u0131mada kulland\u0131klar\u0131 ara\u00e7lar\u0131 imha ederken \u00e7ok say\u0131da ter\u00f6risti \u00f6l\u00fc ve yaral\u0131 d\u00fc\u015f\u00fcrd\u00fc.<\/p>\n<p><span style=\"color: #0000ff\">LAZK\u0130YE:<\/span><\/p>\n<p>Bu arada askeri kaynak; hava g\u00fc\u00e7lerimizin Lazkiye k\u0131rsal\u0131n\u0131n kuzeydo\u011fusu Kensebba, Mreyc ve Bradun Baraj\u0131 \u00e7evresinde Nusra Cephesinin siper ve hareket eksenlerine kar\u015f\u0131 nitelikli operasyonlar\u0131n\u0131 s\u00fcrd\u00fcrd\u00fcklerini belirtti.<\/p>\n<p>Kaynak; operasyonlarda T\u00fcrkiyeli \u0130smet Baril ve Mustafa Be\u015fkat\u0131\u2019\u0131n yan\u0131 s\u0131ra Nusra Cephesinden bir ter\u00f6r grubunun eleba\u015f\u0131n\u0131 L\u00fcbnanl\u0131 \u2018Ebu Muhammed el Trabulsi\u2019 kod ad\u0131yla bilenen Abd\u00fcrrahman el Masri\u2019nin de aralar\u0131nda bulundu\u011fu 17 ter\u00f6ristin \u00f6ld\u00fcr\u00fcl\u00fcp roket rampalar\u0131 ve a\u011f\u0131r makineli silahlarla donat\u0131lm\u0131\u015f ara\u00e7lar\u0131n da imha edildi\u011fine dikkat \u00e7ekti.<\/p>\n<p><span style=\"color: #0000ff\">HOMS:<\/span><\/p>\n<p>Askeri kaynak; ordu birliklerimizin Homs k\u0131rsal\u0131 Um \u015eer\u015fuh, Deyr Fol, Karyetin ve Cezl Petrol Platformun civar\u0131nda bir\u00e7ok ter\u00f6risti \u00f6ld\u00fcr\u00fcp z\u0131rhl\u0131 bir ara\u00e7, bir havan rampas\u0131 ve a\u011f\u0131r makineli silahla donat\u0131lm\u0131\u015f bir arac\u0131 da imha ettiklerini belirtti.<\/p>\n<p>M.M. &#8211; F.B.<\/p>\n","protected":false},"excerpt":{"rendered":"<p>\u0130LLER \u2013 Kahraman ordu birliklerimiz; kad\u0131n-erkek ay\u0131rmaks\u0131z\u0131n omuz omuza vererek karde\u015flik ve ho\u015fg\u00f6r\u00fc harc\u0131ndan kocaman bir medeniyet in\u015fa eden halk\u0131m\u0131zdan ald\u0131klar\u0131 g\u00fc\u00e7 ve azimle; tekfirci, \u0131rz d\u00fc\u015fman\u0131, katil, h\u0131rs\u0131z ve d\u0131\u015f mihraklar\u0131n kuklalar\u0131ndan olu\u015fan ter\u00f6r gruplar\u0131na kar\u015f\u0131 m\u00fccadelede gelecek nesillere e\u015fsiz bir miras olacak destanlar yaz\u0131yorlar. HALEP: Ordu birliklerimiz Halep ve k\u0131rsal\u0131nda katil Erdo\u011fan rejimine &hellip;<\/p>\n","protected":false},"author":1,"featured_media":44327,"comment_status":"closed","ping_status":"closed","sticky":false,"template":"","format":"standard","meta":{"footnotes":""},"categories":[575],"tags":[801],"class_list":["post-44326","post","type-post","status-publish","format-standard","has-post-thumbnail","","category-olaylar-ve-gercekler","tag-terore-karsi-yazilan-destanlar-gelecek-nesillere-miras-olacak"],"_links":{"self":[{"href":"https:\/\/archive.sana.sy\/tr\/index.php?rest_route=\/wp\/v2\/posts\/44326","targetHints":{"allow":["GET"]}}],"collection":[{"href":"https:\/\/archive.sana.sy\/tr\/index.php?rest_route=\/wp\/v2\/posts"}],"about":[{"href":"https:\/\/archive.sana.sy\/tr\/index.php?rest_route=\/wp\/v2\/types\/post"}],"author":[{"embeddable":true,"href":"https:\/\/archive.sana.sy\/tr\/index.php?rest_route=\/wp\/v2\/users\/1"}],"replies":[{"embeddable":true,"href":"https:\/\/archive.sana.sy\/tr\/index.php?rest_route=%2Fwp%2Fv2%2Fcomments&post=44326"}],"version-history":[{"count":0,"href":"https:\/\/archive.sana.sy\/tr\/index.php?rest_route=\/wp\/v2\/posts\/44326\/revisions"}],"wp:featuredmedia":[{"embeddable":true,"href":"https:\/\/archive.sana.sy\/tr\/index.php?rest_route=\/wp\/v2\/media\/44327"}],"wp:attachment":[{"href":"https:\/\/archive.sana.sy\/tr\/index.php?rest_route=%2Fwp%2Fv2%2Fmedia&parent=44326"}],"wp:term":[{"taxonomy":"category","embeddable":true,"href":"https:\/\/archive.sana.sy\/tr\/index.php?rest_route=%2Fwp%2Fv2%2Fcategories&post=44326"},{"taxonomy":"post_tag","embeddable":true,"href":"https:\/\/archive.sana.sy\/tr\/index.php?rest_route=%2Fwp%2Fv2%2Ftags&post=44326"}],"curies":[{"name":"wp","href":"https:\/\/api.w.org\/{rel}","templated":true}]}}