{"id":4434,"date":"2014-07-03T09:25:10","date_gmt":"2014-07-03T06:25:10","guid":{"rendered":"http:\/\/www.sana.sy\/tr\/?p=4434"},"modified":"2014-07-03T11:38:59","modified_gmt":"2014-07-03T08:38:59","slug":"teror-ceteleri-yuva-ve-araclariyla-hedef-aliniyor","status":"publish","type":"post","link":"https:\/\/archive.sana.sy\/tr\/?p=4434","title":{"rendered":"Ter\u00f6r \u00c7eteleri Yuva ve Ara\u00e7lar\u0131yla Hedef Al\u0131n\u0131yor"},"content":{"rendered":"<p><span style=\"color: #800000\">\u0130LLER \u2013<\/span>\u00a0Vatan koruyucular\u0131m\u0131z yurdun muhtelif b\u00f6glelerinde \u00e7okuluslu ter\u00f6r \u00e7etelerini yuva ve ara\u00e7lar\u0131yla hedef almaya devam ederek onlar\u0131 say\u0131 ve te\u00e7hizatlar\u0131yla a\u011f\u0131r kay\u0131plara u\u011fratmaya devam ediyor.<\/p>\n<p><span style=\"color: #0000ff\">\u015eam K\u0131rsal\u0131nda A\u011f\u0131r Kay\u0131plara U\u011frat\u0131ld\u0131lar<\/span><\/p>\n<p>SANA\u2019ya a\u00e7\u0131klama yapan askeri bir kaynak ordu birliklerimizin \u015eam k\u0131rsal\u0131n\u0131n Mleyha Beldesinin kuzeyine d\u00fc\u015fen tar\u0131m arazilerinde bir\u00e7ok ter\u00f6r grubunu t\u00fcm \u00fcyeleriyle tamamen etkisiz hale getirdi\u011fini aktard\u0131. Operasyonda ter\u00f6rit ve cephane ta\u015f\u0131yan bir\u00e7ok arac\u0131n y\u00fckleriyle birlikte tamamen etkisiz hale getirildi\u011fini ifade eden kaynak; Do\u011fu \u011euta\u2019n\u0131n derinliklerine d\u00fc\u015fen Ne\u015f\u015fabiye tar\u0131m arazilerinde yine bir\u00e7ok ter\u00f6ristin \u00f6l\u00fc yaral\u0131 d\u00fc\u015f\u00fcr\u00fcld\u00fc\u011f\u00fcn\u00fc ifade etti.<\/p>\n<p>Duma B\u00f6lgesinin Aliye \u00c7iftlikleri ve Kerm el Rasas B\u00f6lgesinde nitelikli operasyonlar ger\u00e7ekle\u015ftiren ordu birliklerimiz \u00e7ok say\u0131da ter\u00f6risti su\u00e7 ara\u00e7lar\u0131 ve silahlar\u0131yla birlikte etkisiz hale getirdi.<\/p>\n<p>Ordu birliklerimiz Cobar B\u00f6lgesinde ise ter\u00f6r yuvalar\u0131 ve k\u00fcmelenme yerlerini top ate\u015fine tutarak onlar\u0131 say\u0131 ve te\u00e7hizatlar\u0131yla a\u011f\u0131r kay\u0131plara u\u011fratt\u0131lar.<\/p>\n<p>Dareyya Kasabas\u0131n\u0131n orta b\u00f6lgelerinde ter\u00f6r \u00e7eteleriyle s\u0131cak temasa girip onlar\u0131 a\u011f\u0131r kay\u0131plara u\u011fratan ordu birliklerimiz Zebadani B\u00f6lgesinin do\u011fu da\u011flar\u0131nda bir ter\u00f6r karargah\u0131n\u0131 i\u00e7indeki silah, ara\u00e7 ve ter\u00f6ristlerle birlikte tamamen imha etti.<\/p>\n<p>\u015eam k\u0131rsal\u0131n\u0131n g\u00fcneybat\u0131s\u0131na d\u00fc\u015fen Han el \u015eih B\u00f6lgesinde ise ordu birliklerimiz aralar\u0131nda grup az\u0131l\u0131 eleba\u015f\u0131 \u00d6mer Halit el \u015eimal\u0131 ve karde\u015fi Udey Halit el \u015eimali\u2019nin bulundu\u011fu 15 ter\u00f6risti \u00f6l\u00fc d\u00fc\u015f\u00fcr\u00fcrken, bir\u00e7ok ter\u00f6risti de yaral\u0131 d\u00fc\u015f\u00fcrd\u00fc.<\/p>\n<p><span style=\"color: #0000ff\">Halep K\u0131rsal\u0131n\u0131n Kuzeydo\u011fusunda B\u00fcy\u00fck \u0130lerlemeler Kaydedildi<\/span><\/p>\n<p>Ordu birlikleri ve silahl\u0131 kuvvetlerimiz Halep kenti ve k\u0131rsal\u0131nda silahl\u0131 ter\u00f6rist gruplar ve h\u00fccrelerine y\u00f6nelik operayonlar\u0131n\u0131 s\u00fcrd\u00fcrd\u00fc.<\/p>\n<p>Askeri kaynak SANA\u2019ya a\u00e7\u0131klamas\u0131nda ordu birliklerimizin Kefar Hamra, Azzaz, Deyr Cemal, Mansura, Daret Ezza, Urum, Etarib, Tel Hutabat, Hreytan, Sanayi Kenti, Tel Blat, Uveyca, Baidin, Handarat ve Gondol K\u00f6y ve Beldelerinde ter\u00f6ristlerin toplanma merkezlerini etkisiz hale getirdiklerini belirtti.<\/p>\n<p>Kaynak, ordu birlikleri operasyonlar\u0131n\u0131n Han el Asel\u2019de ter\u00f6ristlere ait 3 arac\u0131 i\u00e7indeki ter\u00f6ristlerle birlikte etkisiz hale getirdi\u011fini ifade etti.<\/p>\n<p>Kentte ise ordu birlikleri Hanano, Kastal Ma\u015ft, Bustan el Kasr, Sukkari ve \u015eaar\u2019da silahl\u0131 ter\u00f6r gruplar\u0131ndan \u00e7ok say\u0131da ter\u00f6risti \u00f6l\u00fc ve yaral\u0131 d\u00fc\u015f\u00fcrd\u00fc.<\/p>\n<p>\u00d6te yandan ordu birliklerimiz Halep\u2019in \u00a0Kuzeydo\u011fu k\u0131rsal\u0131ndaki Ruhayme B\u00f6lgesinde yap\u0131lan operasyonda silahl\u0131 \u00e7ok say\u0131da ter\u00f6ristin \u00f6l\u00fc ve yaral\u0131 d\u00fc\u015f\u00fcr\u00fclmesi ve su\u00e7 edatlar\u0131 ile h\u00fccrelerinin y\u0131k\u0131lmas\u0131 ard\u0131ndan b\u00fcy\u00fck ilerlemeler kaydetti.<\/p>\n<p><span style=\"color: #0000ff\">Dera K\u0131rsal\u0131nda Sald\u0131rganlara Kar\u015f\u0131 Koyuldu<\/span><\/p>\n<p>Askeri kaynak SANA\u2019ya a\u00e7\u0131klamas\u0131nda ordu birliklerimizin ter\u00f6ristlerin Dera Beled\u2019te Katakit binas\u0131ndan el Masri Bulvar\u0131na, Dera k\u0131rsal\u0131 Yaduda\u2019dan Atman\u2019a s\u0131zma giri\u015fimlerini \u00e7\u00f6kerterek, sald\u0131rganlar\u0131n bir k\u0131sm\u0131n\u0131 \u00f6l\u00fc ve yaral\u0131 d\u00fc\u015f\u00fcrd\u00fc\u011f\u00fcn\u00fc belirtti.<\/p>\n<p>Dera Beled\u2019in bir\u00e7ok b\u00f6lgesinde ter\u00f6r yuvalar\u0131 ve karargahlar\u0131n\u0131n muhtevalar\u0131yla hedef al\u0131nd\u0131\u011f\u0131n\u0131 aktaran kaynak, ayn\u0131 zamanda ter\u00f6ristleri ta\u015f\u0131yan iki arac\u0131n da ta\u015f\u0131d\u0131klar\u0131 ter\u00f6ristlerle birlikte imha edildiklerini s\u00f6yledi.<\/p>\n<p>Ordu birliklerimiz Dera k\u0131rsal\u0131n\u0131n Zamreyn \u2013 Samleyn yol ay\u0131r\u0131m\u0131 b\u00f6lgesinin yan\u0131 s\u0131ra Sahm el Golan Beldesinde ter\u00f6r gruplar\u0131n\u0131 hedef alarak bir\u00e7o\u011funu su\u00e7 edatlar\u0131yla birlikte etkisiz hale getirdi.<\/p>\n<p><span style=\"color: #0000ff\">Hama K\u0131rsal\u0131nda Yuvalar\u0131 Hedef Al\u0131nd\u0131<\/span><\/p>\n<p>Askeri kaynak ordu birliklerimizin Hama k\u0131rsal\u0131 Akrep K\u00f6y\u00fcnde terror yuvalar\u0131 ve k\u00fcmelenme yerlerini hedef ald\u0131klar\u0131n\u0131 belirtti.<\/p>\n<p>Kaynak operasyonlarda \u00e7ok say\u0131da ter\u00f6ristin su\u00e7 edatlar\u0131yla brilikte etkisiz hale getirildiklerini belirtti.<\/p>\n<p><span style=\"color: #0000ff\">Homs K\u0131rsal\u0131nda A\u011f\u0131r Kay\u0131plara U\u011frat\u0131ld\u0131lar<\/span><\/p>\n<p>Vatan koruyucular\u0131m\u0131z Homs k\u0131rsal\u0131n\u0131n Bargusiye ve Um \u015eer\u015fuh Beldeleri civarlar\u0131nda ter\u00f6ristlerin toplanma merkezlerini hedef ald\u0131.<\/p>\n<p>Askeri kaynak operasyonlarda \u00e7ok say\u0131da ter\u00f6r\u00fcstin \u00f6l\u00fc ve yaral\u0131 d\u00fc\u015f\u00fcrd\u00fc\u011f\u00fcn\u00fc, cephane ve ara\u00e7lar\u0131n\u0131n da imha edildi\u011fini belirtti.<\/p>\n","protected":false},"excerpt":{"rendered":"<p>\u0130LLER \u2013\u00a0Vatan koruyucular\u0131m\u0131z yurdun muhtelif b\u00f6glelerinde \u00e7okuluslu ter\u00f6r \u00e7etelerini yuva ve ara\u00e7lar\u0131yla hedef almaya devam ederek onlar\u0131 say\u0131 ve te\u00e7hizatlar\u0131yla a\u011f\u0131r kay\u0131plara u\u011fratmaya devam ediyor. \u015eam K\u0131rsal\u0131nda A\u011f\u0131r Kay\u0131plara U\u011frat\u0131ld\u0131lar SANA\u2019ya a\u00e7\u0131klama yapan askeri bir kaynak ordu birliklerimizin \u015eam k\u0131rsal\u0131n\u0131n Mleyha Beldesinin kuzeyine d\u00fc\u015fen tar\u0131m arazilerinde bir\u00e7ok ter\u00f6r grubunu t\u00fcm \u00fcyeleriyle tamamen etkisiz hale getirdi\u011fini &hellip;<\/p>\n","protected":false},"author":1,"featured_media":4443,"comment_status":"closed","ping_status":"closed","sticky":false,"template":"","format":"standard","meta":{"footnotes":""},"categories":[575],"tags":[966],"class_list":["post-4434","post","type-post","status-publish","format-standard","has-post-thumbnail","","category-olaylar-ve-gercekler","tag-teror-ceteleri-yuva-ve-araclariyla-hedef-aliniyor"],"_links":{"self":[{"href":"https:\/\/archive.sana.sy\/tr\/index.php?rest_route=\/wp\/v2\/posts\/4434","targetHints":{"allow":["GET"]}}],"collection":[{"href":"https:\/\/archive.sana.sy\/tr\/index.php?rest_route=\/wp\/v2\/posts"}],"about":[{"href":"https:\/\/archive.sana.sy\/tr\/index.php?rest_route=\/wp\/v2\/types\/post"}],"author":[{"embeddable":true,"href":"https:\/\/archive.sana.sy\/tr\/index.php?rest_route=\/wp\/v2\/users\/1"}],"replies":[{"embeddable":true,"href":"https:\/\/archive.sana.sy\/tr\/index.php?rest_route=%2Fwp%2Fv2%2Fcomments&post=4434"}],"version-history":[{"count":0,"href":"https:\/\/archive.sana.sy\/tr\/index.php?rest_route=\/wp\/v2\/posts\/4434\/revisions"}],"wp:featuredmedia":[{"embeddable":true,"href":"https:\/\/archive.sana.sy\/tr\/index.php?rest_route=\/wp\/v2\/media\/4443"}],"wp:attachment":[{"href":"https:\/\/archive.sana.sy\/tr\/index.php?rest_route=%2Fwp%2Fv2%2Fmedia&parent=4434"}],"wp:term":[{"taxonomy":"category","embeddable":true,"href":"https:\/\/archive.sana.sy\/tr\/index.php?rest_route=%2Fwp%2Fv2%2Fcategories&post=4434"},{"taxonomy":"post_tag","embeddable":true,"href":"https:\/\/archive.sana.sy\/tr\/index.php?rest_route=%2Fwp%2Fv2%2Ftags&post=4434"}],"curies":[{"name":"wp","href":"https:\/\/api.w.org\/{rel}","templated":true}]}}