{"id":44365,"date":"2015-08-22T16:42:01","date_gmt":"2015-08-22T13:42:01","guid":{"rendered":"http:\/\/sana.sy\/tr\/?p=44365"},"modified":"2015-08-22T16:42:01","modified_gmt":"2015-08-22T13:42:01","slug":"abd-teror-ve-kaosu-desteklemekle-buyuk-bir-goce-neden-oldu","status":"publish","type":"post","link":"https:\/\/archive.sana.sy\/tr\/?p=44365","title":{"rendered":"ABD Ter\u00f6r ve Kaosu Desteklemekle B\u00fcy\u00fck Bir G\u00f6\u00e7e Neden Oldu"},"content":{"rendered":"<p>PRAG \u2013 \u00c7ek Parlamenter Zdenek Ondr\u00e1\u010dek; bir yandan ter\u00f6ristleri e\u011fitip geli\u015fmi\u015f askeri silah ve te\u00e7hizat veren, di\u011fer yandan da ter\u00f6rle m\u00fccadele etti\u011fini iddia eden ABD idaresinin Avrupa i\u00e7in b\u00fcy\u00fck ve karanl\u0131k bir \u015fey haz\u0131rlad\u0131\u011f\u0131n\u0131 ifade etti.<\/p>\n<p>Ondr\u00e1\u010dek \u00c7ek Halovoti Gazetesinin bug\u00fcnk\u00fc say\u0131s\u0131nda yay\u0131nlad\u0131\u011f\u0131 makalesinde ABD\u2019nin ter\u00f6r ve tekfircili\u011fe ili\u015fkin tutum ve politikalar\u0131n\u0131 ele\u015ftirirdi. ABD\u2019nin ter \u00f6re deste\u011fi neticesinde Avrupa devletlerine b\u00fcy\u00fck bir g\u00f6\u00e7 dalgas\u0131n\u0131n ya\u015fand\u0131\u011f\u0131na dikkat \u00e7eken Ondr\u00e1\u010dek; Washington idaresinin bu g\u00f6\u00e7 dalgas\u0131 ve krizinin Amerikal\u0131lar\u0131n Avrupa\u2019ya kar\u015f\u0131 b\u00fcy\u00fck ve karanl\u0131k planlar\u0131n\u0131n bir haz\u0131rl\u0131\u011f\u0131 oldu\u011funu belirtti.<\/p>\n<p>Ondr\u00e1\u010dek ABD\u2019nin kendi mefhumuna ve kendi \u00e7\u0131karlar\u0131na g\u00f6re bir demokrasiyi ba\u015fka devletlere dayatmaya \u00e7al\u0131\u015ft\u0131\u011f\u0131na dikkat \u00e7ekerken; hi\u00e7bir devletin bu demokrasiyi istememesiyle Washington idaresinin dayatmalar\u0131nda \u015fiddete ba\u015fvurdu\u011funu ifade etti.<\/p>\n<p>G\u00f6\u00e7 dalgas\u0131n\u0131n ABD\u2019yi etkilemedi\u011fine dikkat \u00e7eken Ondr\u00e1\u010dek; bu g\u00f6\u00e7e neden olan ve herhangi bir olumsuz etkisinin kendisine yans\u0131mas\u0131n\u0131 engelleyen ABD\u2019nin AB devletlerinin g\u00f6\u00e7 edenlere ili\u015fkin icraatlar\u0131n\u0131 ars\u0131zl\u0131kla ele\u015ftirdi\u011fine i\u015faret etti.<\/p>\n<p>Ondr\u00e1\u010dek ABD\u2019nin kendi \u00e7\u0131kar ve hegemonyas\u0131n\u0131 dayatma amac\u0131yla ba\u015fvurdu\u011fu \u015fiddet ve kaos nedeniyle tehcir edilenlerin ileride AB devletleri ve halklar\u0131 i\u00e7in ciddi bir sorun te\u015fkil edece\u011finin alt\u0131n\u0131 \u00e7izdi.<\/p>\n<p>A.A. &#8211; M.M.<\/p>\n","protected":false},"excerpt":{"rendered":"<p>PRAG \u2013 \u00c7ek Parlamenter Zdenek Ondr\u00e1\u010dek; bir yandan ter\u00f6ristleri e\u011fitip geli\u015fmi\u015f askeri silah ve te\u00e7hizat veren, di\u011fer yandan da ter\u00f6rle m\u00fccadele etti\u011fini iddia eden ABD idaresinin Avrupa i\u00e7in b\u00fcy\u00fck ve karanl\u0131k bir \u015fey haz\u0131rlad\u0131\u011f\u0131n\u0131 ifade etti. Ondr\u00e1\u010dek \u00c7ek Halovoti Gazetesinin bug\u00fcnk\u00fc say\u0131s\u0131nda yay\u0131nlad\u0131\u011f\u0131 makalesinde ABD\u2019nin ter\u00f6r ve tekfircili\u011fe ili\u015fkin tutum ve politikalar\u0131n\u0131 ele\u015ftirirdi. ABD\u2019nin ter &hellip;<\/p>\n","protected":false},"author":1,"featured_media":44367,"comment_status":"closed","ping_status":"closed","sticky":false,"template":"","format":"standard","meta":{"footnotes":""},"categories":[458,459,447],"tags":[16344],"class_list":["post-44365","post","type-post","status-publish","format-standard","has-post-thumbnail","","category-dunya1","category-haberler-arap-uluslararasi-politika","category-politika","tag-abd-teror-ve-kaosu-desteklemekle-buyuk-bir-goce-neden-oldu"],"_links":{"self":[{"href":"https:\/\/archive.sana.sy\/tr\/index.php?rest_route=\/wp\/v2\/posts\/44365","targetHints":{"allow":["GET"]}}],"collection":[{"href":"https:\/\/archive.sana.sy\/tr\/index.php?rest_route=\/wp\/v2\/posts"}],"about":[{"href":"https:\/\/archive.sana.sy\/tr\/index.php?rest_route=\/wp\/v2\/types\/post"}],"author":[{"embeddable":true,"href":"https:\/\/archive.sana.sy\/tr\/index.php?rest_route=\/wp\/v2\/users\/1"}],"replies":[{"embeddable":true,"href":"https:\/\/archive.sana.sy\/tr\/index.php?rest_route=%2Fwp%2Fv2%2Fcomments&post=44365"}],"version-history":[{"count":0,"href":"https:\/\/archive.sana.sy\/tr\/index.php?rest_route=\/wp\/v2\/posts\/44365\/revisions"}],"wp:featuredmedia":[{"embeddable":true,"href":"https:\/\/archive.sana.sy\/tr\/index.php?rest_route=\/wp\/v2\/media\/44367"}],"wp:attachment":[{"href":"https:\/\/archive.sana.sy\/tr\/index.php?rest_route=%2Fwp%2Fv2%2Fmedia&parent=44365"}],"wp:term":[{"taxonomy":"category","embeddable":true,"href":"https:\/\/archive.sana.sy\/tr\/index.php?rest_route=%2Fwp%2Fv2%2Fcategories&post=44365"},{"taxonomy":"post_tag","embeddable":true,"href":"https:\/\/archive.sana.sy\/tr\/index.php?rest_route=%2Fwp%2Fv2%2Ftags&post=44365"}],"curies":[{"name":"wp","href":"https:\/\/api.w.org\/{rel}","templated":true}]}}