{"id":4445,"date":"2014-07-02T16:51:20","date_gmt":"2014-07-02T13:51:20","guid":{"rendered":"http:\/\/www.sana.sy\/tr\/?p=4445"},"modified":"2014-07-02T16:51:20","modified_gmt":"2014-07-02T13:51:20","slug":"oslo-forumunda-saban-ile-temaslarda-bulunduk","status":"publish","type":"post","link":"https:\/\/archive.sana.sy\/tr\/?p=4445","title":{"rendered":"Oslo Forumunda \u015eaban ile Temaslarda Bulunduk"},"content":{"rendered":"<p>NEW YORK \u2013 Birle\u015fmi\u015f Milletler genel sekreterinin siyasi i\u015fler yard\u0131mc\u0131s\u0131 Jeffrey Feltman; Oslo Forumu \u00e7al\u0131\u015fmalar\u0131 kapsam\u0131nda Cumhurba\u015fkanl\u0131\u011f\u0131 Siyasi ve Bas\u0131n Dan\u0131\u015fman\u0131 B\u00fcseyna \u015eaban ile temaslarda bulundu\u011funu belirtti.<\/p>\n<p>Hayat Gazetesine bug\u00fcn yapt\u0131\u011f\u0131 a\u00e7\u0131klamalarda Feltman \u015eaban ile Suriye, Irak ve \u0130ran\u2019daki durumlar\u0131 ayr\u0131nt\u0131lar\u0131yla masaya yat\u0131rd\u0131klar\u0131n\u0131, L\u00fcbnan&#8217;daki durumlara da k\u0131saca de\u011findiklerini ifade ederken, g\u00f6r\u00fc\u015fmeyi \u2018g\u00fczel, kapsaml\u0131 ve \u015feffaf\u2019 olarak nitelendirdi. \u015eaban ile bir araya gelmesinin normal oldu\u011funu s\u00f6yleyen Feltman; \u201cdaha \u00f6nce de d\u00f6rt veya be\u015f defa bir araya gelip temaslarda bulunduk..\u201d dedi.<\/p>\n<p>Feltman \u015eaban ile temaslar\u0131nda Uluslararas\u0131 G\u00fcvenlik Konseyinin ter\u00f6rle ilgili kararlar\u0131n\u0131 ele al\u0131p almad\u0131klar\u0131na ili\u015fkin soruya cevab\u0131nda bu konunun ele al\u0131nmad\u0131\u011f\u0131n\u0131 s\u00f6yledi.<\/p>\n<p>&nbsp;<\/p>\n","protected":false},"excerpt":{"rendered":"<p>NEW YORK \u2013 Birle\u015fmi\u015f Milletler genel sekreterinin siyasi i\u015fler yard\u0131mc\u0131s\u0131 Jeffrey Feltman; Oslo Forumu \u00e7al\u0131\u015fmalar\u0131 kapsam\u0131nda Cumhurba\u015fkanl\u0131\u011f\u0131 Siyasi ve Bas\u0131n Dan\u0131\u015fman\u0131 B\u00fcseyna \u015eaban ile temaslarda bulundu\u011funu belirtti. Hayat Gazetesine bug\u00fcn yapt\u0131\u011f\u0131 a\u00e7\u0131klamalarda Feltman \u015eaban ile Suriye, Irak ve \u0130ran\u2019daki durumlar\u0131 ayr\u0131nt\u0131lar\u0131yla masaya yat\u0131rd\u0131klar\u0131n\u0131, L\u00fcbnan&#8217;daki durumlara da k\u0131saca de\u011findiklerini ifade ederken, g\u00f6r\u00fc\u015fmeyi \u2018g\u00fczel, kapsaml\u0131 ve \u015feffaf\u2019 &hellip;<\/p>\n","protected":false},"author":1,"featured_media":4446,"comment_status":"closed","ping_status":"closed","sticky":false,"template":"","format":"standard","meta":{"footnotes":""},"categories":[458,459,447],"tags":[968],"class_list":["post-4445","post","type-post","status-publish","format-standard","has-post-thumbnail","","category-dunya1","category-haberler-arap-uluslararasi-politika","category-politika","tag-oslo-forumunda-saban-ile-temaslarda-bulunduk"],"_links":{"self":[{"href":"https:\/\/archive.sana.sy\/tr\/index.php?rest_route=\/wp\/v2\/posts\/4445","targetHints":{"allow":["GET"]}}],"collection":[{"href":"https:\/\/archive.sana.sy\/tr\/index.php?rest_route=\/wp\/v2\/posts"}],"about":[{"href":"https:\/\/archive.sana.sy\/tr\/index.php?rest_route=\/wp\/v2\/types\/post"}],"author":[{"embeddable":true,"href":"https:\/\/archive.sana.sy\/tr\/index.php?rest_route=\/wp\/v2\/users\/1"}],"replies":[{"embeddable":true,"href":"https:\/\/archive.sana.sy\/tr\/index.php?rest_route=%2Fwp%2Fv2%2Fcomments&post=4445"}],"version-history":[{"count":0,"href":"https:\/\/archive.sana.sy\/tr\/index.php?rest_route=\/wp\/v2\/posts\/4445\/revisions"}],"wp:featuredmedia":[{"embeddable":true,"href":"https:\/\/archive.sana.sy\/tr\/index.php?rest_route=\/wp\/v2\/media\/4446"}],"wp:attachment":[{"href":"https:\/\/archive.sana.sy\/tr\/index.php?rest_route=%2Fwp%2Fv2%2Fmedia&parent=4445"}],"wp:term":[{"taxonomy":"category","embeddable":true,"href":"https:\/\/archive.sana.sy\/tr\/index.php?rest_route=%2Fwp%2Fv2%2Fcategories&post=4445"},{"taxonomy":"post_tag","embeddable":true,"href":"https:\/\/archive.sana.sy\/tr\/index.php?rest_route=%2Fwp%2Fv2%2Ftags&post=4445"}],"curies":[{"name":"wp","href":"https:\/\/api.w.org\/{rel}","templated":true}]}}