{"id":44470,"date":"2015-08-23T17:23:22","date_gmt":"2015-08-23T14:23:22","guid":{"rendered":"http:\/\/www.sana.sy\/tr\/?p=44470"},"modified":"2015-08-24T15:18:09","modified_gmt":"2015-08-24T12:18:09","slug":"fetih-ordusu-ve-daha-baska-adlandirmalar-altindaki-teror-orgutlerin-agir-kayiplari-suruyor","status":"publish","type":"post","link":"https:\/\/archive.sana.sy\/tr\/?p=44470","title":{"rendered":"\u2018Fetih Ordusu\u2019 ve Daha Ba\u015fka Adland\u0131rmalar Alt\u0131ndaki Ter\u00f6r \u00d6rg\u00fctlerin A\u011f\u0131r Kay\u0131plar\u0131 S\u00fcr\u00fcyor"},"content":{"rendered":"<p>\u0130LLER \u2013 Kuzeyde T\u00fcrkiye rejimi, g\u00fcneyde de \u0130srail ve \u00dcrd\u00fcn rejimleri taraf\u0131ndan desteklenen tekfirci ve vatan hainlerinin a\u011f\u0131r kay\u0131plar\u0131 artarken, saha kaynaklar\u0131 \u0130dlib ve Hama k\u0131rsallar\u0131nda \u2018Fetih Ordusu\u2019 ad\u0131 verilen ter\u00f6ristlerin son birka\u00e7 g\u00fcn i\u00e7inde olduk\u00e7a b\u00fcy\u00fck kay\u0131plar verdiklerini belirtti.<\/p>\n<p><span style=\"color: #0000ff\">\u015eAM KIRSALI:<\/span><\/p>\n<p>SANA\u2019ya a\u00e7\u0131klama yapan askeri bir kaynak; \u015eam k\u0131rsal\u0131n\u0131n Irbin ve Haresta b\u00f6lgelerinde tekfirci ter\u00f6ristlerin toplanma yerlerini hedef ald\u0131klar\u0131n\u0131 s\u00f6yledi. Kaynak operasyonlarda \u00e7etelere ait bir cephane deposu, bir f\u00fcze bataryas\u0131 ve bir topun yan\u0131 s\u0131ra bir\u00e7ok ter\u00f6ristin etkisizle\u015ftirildiklerini aktard\u0131.<\/p>\n<p>Askeri kaynak \u015eam k\u0131rsal\u0131n\u0131n do\u011fusu Haresta Kentinde de hava g\u00fc\u00e7lerimizin \u2018\u0130slam Ordusu\u2019na tabi ter\u00f6ristlerin mevkilerini havaya u\u00e7urduklar\u0131n\u0131 ifade ederken, burada da \u00e7ok say\u0131da ter\u00f6ristle birlikte bir f\u00fcze bataryas\u0131 ve bir toplar\u0131n\u0131n imha edildi\u011fini kaydetti.<\/p>\n<p><span style=\"color: #0000ff\">LAZK\u0130YE:<\/span><\/p>\n<p>Bu arada Lazkiye k\u0131rsal\u0131n\u0131n kuzeyinde askeri kaynak; hava g\u00fc\u00e7lerimizin Erdo\u011fan rejiminden her t\u00fcrl\u00fc deste\u011fi alan ter\u00f6r \u00e7etelerinin karargah ve toplanma yerlerini hedef alan sald\u0131r\u0131lar\u0131nda bir k\u0131sm\u0131 yabanc\u0131 olan 50\u2019den fazla ter\u00f6ristin \u00f6ld\u00fcr\u00fcld\u00fc\u011f\u00fcn\u00fc belirtti.<\/p>\n<p>Lazkiye Kentinin yakla\u015f\u0131k 50 km kuzeyine d\u00fc\u015fen Selma Beldesi ve Ayn el \u0130ydo K\u00f6y\u00fcnde cani Erdo\u011fan rejiminden y\u00f6nlendirme alan ter\u00f6r mevkilerinin hava g\u00fc\u00e7lerimiz taraf\u0131ndan havaya u\u00e7uruldu\u011funu belirten kaynak; 50\u2019den fazla ter\u00f6ristin \u00f6l\u00fc, onlarca ter\u00f6ristin yaralanmas\u0131na yol a\u00e7an operasyonlarda b\u00fcy\u00fck miktarda ve muhtelif t\u00fcrlerde silah ve m\u00fchimmat\u0131n da imha edildi\u011fini s\u00f6zlerine ekledi.<\/p>\n<p>Saha kaynaklar\u0131 ise \u00f6ld\u00fcr\u00fclen ter\u00f6ristlerin aras\u0131nda yabanc\u0131 ve olduk\u00e7a tehlikeli isimlerin bulundu\u011funa dikkat \u00e7ekti.<\/p>\n<p><span style=\"color: #0000ff\">HALEP:<\/span><\/p>\n<p>Halep ve k\u0131rsal\u0131nda ise ordu birliklerimiz uluslar aras\u0131 ter\u00f6r \u00f6rg\u00fctleri listesinde yer alan ve T\u00fcrkiye\u2019deki ihvanc\u0131 rejim taraf\u0131ndan desteklenen Nusra Cephesi ve I\u015e\u0130D \u00d6rg\u00fct\u00fcn\u00fcn karargah ve toplanma yerlerine yo\u011fun operasyonlar\u0131n\u0131 s\u00fcrd\u00fcrd\u00fc.<\/p>\n<p>Halep\u2019ten SANA\u2019ya a\u00e7\u0131klama yapan askeri kaynak ordu birliklerimizin Halep Kentinin Nekkarin, Kerm el Kasr\u2019\u0131n bat\u0131s\u0131, Ra\u015fidin 4, Nenai Meydan\u0131, Beni Zeyd, \u015eeyh H\u0131z\u0131r, Bostan el Pa\u015fa, Sahur, Leyramun, Kerm el Kat\u0131rc\u0131 ve S\u00fckkeri semtlerinde Nusra Cephesi ve \u00e7at\u0131s\u0131 alt\u0131ndaki di\u011fer ter\u00f6r \u00f6rg\u00fctlerin yuva ve ara\u00e7lar\u0131n\u0131 imha ettiklerini belirtti. Kaynak operasyonlarda aralar\u0131nda olduk\u00e7a tehlikeli isimlerin bulundu\u011fu y\u00fcksek say\u0131da ter\u00f6ristin yan\u0131 s\u0131ra top ve ara\u00e7lar\u0131n\u0131n imha edildi\u011fini s\u00f6yledi.<\/p>\n<p>Halep\u2019in do\u011fu k\u0131rsal\u0131 Neyreb Havaliman\u0131 civar\u0131nda da tekfirci ter\u00f6ristlerin toplanma yerleri ve ara\u00e7lar\u0131n\u0131n imha edildi\u011fini s\u00f6yleyen kaynak; operasyonlarda I\u015e\u0130D \u00d6rg\u00fct\u00fcne ait bir\u00e7ok arac\u0131n \u00e7ok say\u0131da tekfirciyle birlikte imha edildiklerini aktard\u0131.<\/p>\n<p>Ter\u00f6r \u00e7eteleri medya ara\u00e7lar\u0131nda \u2018el Sacur\u2019 kod ad\u0131yla bilinen Abd\u00fcrrahman el Hatib\u2019in aralar\u0131nda bulundu\u011fu \u00e7ok say\u0131da ter\u00f6ristin \u00f6ld\u00fc\u011f\u00fcn\u00fc itiraf etti.<\/p>\n<p><span style=\"color: #0000ff\">\u0130DL\u0130B:<\/span><\/p>\n<p>\u0130dlib k\u0131rsal\u0131nda askeri bir kaynak hava g\u00fc\u00e7lerimizin ihvanc\u0131 Erdo\u011fan rejimi ve Vahhabi Suudi krall\u0131k rejiminin s\u0131n\u0131rs\u0131z destek temin ettikleri \u2018Fetih Ordusu\u2019 ad\u0131 alt\u0131ndaki ter\u00f6r \u00f6rg\u00fctlerin yuvalar\u0131, toplanma yerleri ve destek hatlar\u0131n\u0131 yo\u011fun ate\u015fe tuttuklar\u0131n\u0131 belirtti.<\/p>\n<p>\u0130dlib iline tabi Cisre\u015f\u015fu\u011fur k\u0131rsal\u0131n\u0131n Friyke K\u00f6y\u00fcnde \u2018Fetih Ordusu\u2019nun temel erkanlar\u0131ndan biri say\u0131lan ve Kaide \u00d6rg\u00fct\u00fcn\u00fcn Suriye kolu olan Nusra Cephesi mevkileri ve hareketlerinin hava g\u00fc\u00e7lerimiz taraf\u0131ndan hedef al\u0131nd\u0131\u011f\u0131n\u0131 belirten kaynak; bir k\u0131sm\u0131 a\u011f\u0131r silahlarla donat\u0131lm\u0131\u015f bir\u00e7ok ara\u00e7la birlikte y\u00fcksek say\u0131da ter\u00f6ristin \u00f6ld\u00fcr\u00fcld\u00fc\u011f\u00fcn\u00fc s\u00f6yledi.<\/p>\n<p>Ariha B\u00f6lgesine d\u00fc\u015fen Merata\u2019n\u0131n yan\u0131 s\u0131ra il k\u0131rsal\u0131n\u0131n g\u00fcneydo\u011fusu Ebu el Zuhur Beldesinin yan\u0131 s\u0131ra H\u015feyr K\u00f6y\u00fcn\u00fcn kuzeyi ve Tera K\u00f6y\u00fcnde \u2018Fetih Ordusu\u2019nun mevkilerinin hava g\u00fc\u00e7lerimiz taraf\u0131ndan nitelikli operasyonlarla hedef al\u0131nd\u0131\u011f\u0131n\u0131 belirten kaynak; buralarda da aralar\u0131nda olduk\u00e7a tehlikeli isimlerin bulundu\u011fu onlarca ter\u00f6ristin ara\u00e7 ve a\u011f\u0131r silahlar\u0131yla etkisizle\u015ftirildiklerini aktard\u0131.<\/p>\n<p>Di\u011fer yandan saha kaynaklar\u0131 ordu birliklerimizin Muarrat el Numan Kentinde ter\u00f6ristlerin karargah ve cephane depolar\u0131n\u0131n imha edilmesiyle aralar\u0131nda 5 az\u0131l\u0131 ter\u00f6r komutan\u0131n\u0131n bulundu\u011fu 50\u2019den fazla ter\u00f6ristin \u00f6ld\u00fcr\u00fcld\u00fc\u011f\u00fcn\u00fc, b\u00fcy\u00fck miktarda silah ve m\u00fchimmat\u0131n da imha edildi\u011fini belirtti.<\/p>\n<p><span style=\"color: #0000ff\">HAMA:<\/span><\/p>\n<p>Hama k\u0131rsal\u0131n\u0131n kuzeybat\u0131s\u0131nda yine \u2018Fetih Ordusu\u2019 bile\u015fenlerinden tekfirci ve vatan hainlere kar\u015f\u0131 operasyonlar\u0131n\u0131 ba\u015far\u0131yla s\u00fcrd\u00fcren ordu birliklerimizden bir kaynak; hava g\u00fc\u00e7lerimizin Hama kentinin 79 km kuzeybat\u0131s\u0131na d\u00fc\u015fen Ankevi, Tancara, Mermaniye ve Tel Zecrem b\u00f6lgelerinde Nusra Cephesinin mevki ve ara\u00e7lar\u0131n\u0131 muhtevalar\u0131yla havaya u\u00e7urduklar\u0131n\u0131 s\u00f6yledi. Kaynak operasyonlarda bir k\u0131sm\u0131 a\u011f\u0131r silahlarla donat\u0131lm\u0131\u015f \u00e7ok say\u0131da arac\u0131n ta\u015f\u0131d\u0131\u011f\u0131 ter\u00f6rist ve cephaneyle imha edilmesine ilaveten aralar\u0131nda yabanc\u0131 ve tehlikeli isimlerin bulundu\u011fu y\u00fcksek say\u0131da ter\u00f6ristin \u00f6ld\u00fcr\u00fcld\u00fc\u011f\u00fcn\u00fc s\u00f6zlerine ekledi.<\/p>\n<p>Ordu birliklerimiz son bir hafta i\u00e7inde \u011eab B\u00f6lgesinin \u0130dlib il idari s\u0131n\u0131rlar\u0131na yak\u0131n \u00e7ok say\u0131da k\u00f6y, belde ve tepeyi Erdo\u011fan rejimine tabi ter\u00f6ristlerden temizleyerek b\u00f6lge ahalisinin g\u00fcvenli\u011fini sa\u011flad\u0131. Operasyonlarda bir k\u0131sm\u0131 yabanc\u0131 olan y\u00fczlerce ter\u00f6rist de \u00f6ld\u00fcr\u00fcld\u00fc.<\/p>\n<p>Bu arada askeri kaynak ordu birliklerimizin Letamina Beldesinde civardaki k\u00f6y ve beldelere hain sald\u0131r\u0131larda bulunan Erdo\u011fan \u00e7etelerinin karargah ve toplanma yerlerini yo\u011fun ate\u015fe tutmalar\u0131yla tekfircileri say\u0131 ve ara\u00e7lar\u0131yla b\u00fcy\u00fck kay\u0131plara u\u011fratt\u0131klar\u0131n\u0131 belirtti.<\/p>\n<p>Kaynak karargah ve toplanma yerlerinin yo\u011fun ate\u015fe tutulmalar\u0131na e\u015f zamanl\u0131 olarak vatan koruyucular\u0131m\u0131zdan bir birli\u011fin Letamina Beldesinde bir ter\u00f6r karargah\u0131na nitelikli operasyon d\u00fczenledi\u011fini aktard\u0131. Operasyonda onlarca ter\u00f6ristin \u00f6ld\u00fcr\u00fcld\u00fc\u011f\u00fcn\u00fc belirten kaynak; \u00f6ld\u00fcr\u00fclen tehlikeli isimler aras\u0131nda az\u0131l\u0131 ter\u00f6r eleba\u015f\u0131 Cemil Salih\u2019in de bulundu\u011funu kaydetti.<\/p>\n<p><span style=\"color: #0000ff\">HOMS:<\/span><\/p>\n<p>Hava g\u00fc\u00e7lerimiz Homs k\u0131rsal\u0131n\u0131n yakla\u015f\u0131k 85 km do\u011fusuna d\u00fc\u015fen Karyeteyn Kentinde I\u015e\u0130D tekfircileri ve ara\u00e7lar\u0131n\u0131n toplanma yerlerini hedef ald\u0131.<\/p>\n<p>Askeri kaynak dakik istihbarat bilgileri \u00fczerine d\u00fczenlenen operasyonda onlarca ter\u00f6ristin \u00f6ld\u00fcr\u00fcld\u00fc\u011f\u00fcn\u00fc, bir k\u0131sm\u0131 a\u011f\u0131r silahlarla donat\u0131lm\u0131\u015f bir\u00e7ok arac\u0131n da imha edildi\u011fini belirtti.<\/p>\n","protected":false},"excerpt":{"rendered":"<p>\u0130LLER \u2013 Kuzeyde T\u00fcrkiye rejimi, g\u00fcneyde de \u0130srail ve \u00dcrd\u00fcn rejimleri taraf\u0131ndan desteklenen tekfirci ve vatan hainlerinin a\u011f\u0131r kay\u0131plar\u0131 artarken, saha kaynaklar\u0131 \u0130dlib ve Hama k\u0131rsallar\u0131nda \u2018Fetih Ordusu\u2019 ad\u0131 verilen ter\u00f6ristlerin son birka\u00e7 g\u00fcn i\u00e7inde olduk\u00e7a b\u00fcy\u00fck kay\u0131plar verdiklerini belirtti. \u015eAM KIRSALI: SANA\u2019ya a\u00e7\u0131klama yapan askeri bir kaynak; \u015eam k\u0131rsal\u0131n\u0131n Irbin ve Haresta b\u00f6lgelerinde tekfirci &hellip;<\/p>\n","protected":false},"author":1,"featured_media":44471,"comment_status":"closed","ping_status":"closed","sticky":false,"template":"","format":"standard","meta":{"footnotes":""},"categories":[575],"tags":[16354,16353,16355],"class_list":["post-44470","post","type-post","status-publish","format-standard","has-post-thumbnail","","category-olaylar-ve-gercekler","tag-guneyde-de-israil-ve-urdun-rejimleri-tarafindan-desteklenen-tekfirci-ve-vatan-hainlerinin-agir-kayiplari-artarken","tag-iller-kuzeyde-turkiye-rejimi","tag-saha-kaynaklari-idlib-ve-hama-kirsallarinda-fetih-ordusu-adi-verilen-teroristlerin-son-birkac-gun-icinde-oldukca-buyuk-kayiplar-verdiklerini-belirtti"],"_links":{"self":[{"href":"https:\/\/archive.sana.sy\/tr\/index.php?rest_route=\/wp\/v2\/posts\/44470","targetHints":{"allow":["GET"]}}],"collection":[{"href":"https:\/\/archive.sana.sy\/tr\/index.php?rest_route=\/wp\/v2\/posts"}],"about":[{"href":"https:\/\/archive.sana.sy\/tr\/index.php?rest_route=\/wp\/v2\/types\/post"}],"author":[{"embeddable":true,"href":"https:\/\/archive.sana.sy\/tr\/index.php?rest_route=\/wp\/v2\/users\/1"}],"replies":[{"embeddable":true,"href":"https:\/\/archive.sana.sy\/tr\/index.php?rest_route=%2Fwp%2Fv2%2Fcomments&post=44470"}],"version-history":[{"count":0,"href":"https:\/\/archive.sana.sy\/tr\/index.php?rest_route=\/wp\/v2\/posts\/44470\/revisions"}],"wp:featuredmedia":[{"embeddable":true,"href":"https:\/\/archive.sana.sy\/tr\/index.php?rest_route=\/wp\/v2\/media\/44471"}],"wp:attachment":[{"href":"https:\/\/archive.sana.sy\/tr\/index.php?rest_route=%2Fwp%2Fv2%2Fmedia&parent=44470"}],"wp:term":[{"taxonomy":"category","embeddable":true,"href":"https:\/\/archive.sana.sy\/tr\/index.php?rest_route=%2Fwp%2Fv2%2Fcategories&post=44470"},{"taxonomy":"post_tag","embeddable":true,"href":"https:\/\/archive.sana.sy\/tr\/index.php?rest_route=%2Fwp%2Fv2%2Ftags&post=44470"}],"curies":[{"name":"wp","href":"https:\/\/api.w.org\/{rel}","templated":true}]}}