{"id":4448,"date":"2014-07-02T21:23:36","date_gmt":"2014-07-02T18:23:36","guid":{"rendered":"http:\/\/www.sana.sy\/tr\/?p=4448"},"modified":"2014-07-03T13:34:49","modified_gmt":"2014-07-03T10:34:49","slug":"homsta-silahlariyla-teslim-olan-284-kisi-serbest-birakildi","status":"publish","type":"post","link":"https:\/\/archive.sana.sy\/tr\/?p=4448","title":{"rendered":"Homs\u2019ta Silahlar\u0131yla Teslim Olan 347 Ki\u015fi Serbest B\u0131rak\u0131ld\u0131"},"content":{"rendered":"<p>\u015eAM \u2013 Adalet Bakanl\u0131\u011f\u0131 bug\u00fcn, Homs\u2019ta silahlar\u0131yla birlikte teslim olan 347\u00a0ki\u015finin kanuni durumlar\u0131 d\u00fczeltilip serbest b\u0131rak\u0131ld\u0131klar\u0131n\u0131 ilan etti.<\/p>\n<p>Adalet Bakanl\u0131\u011f\u0131nda yetkili bir kaynak SANA\u2019ya yapt\u0131\u011f\u0131 a\u00e7\u0131klamada; Ba\u015fsavc\u0131l\u0131\u011f\u0131n ilgili kurumlarla i\u015fbirli\u011fi i\u00e7inde Homs\u2019ta silahlar\u0131yla birlikte teslim olmalar\u0131 ard\u0131ndan y\u00fcr\u00fcrl\u00fckteki kanunlara ayk\u0131r\u0131 olarak yeniden herhangi bir eyleme kat\u0131lmama taahh\u00fcd\u00fc imzalamalar\u0131 ard\u0131ndan serbest b\u0131rak\u0131ld\u0131klar\u0131n\u0131 belirtti.<\/p>\n<p>Bu arada Adalet bakanl\u0131\u011f\u0131 iki g\u00fcn \u00f6nce muhtelif illerde silahlar\u0131yla birlikte teslim olan ve yeniden ulusal g\u00fcvenli\u011fi tehdit edecek herhangi bir eyleme kat\u0131lmama taahh\u00fcd\u00fc imzalayan 404 ki\u015finin serbest b\u0131rak\u0131ld\u0131\u011f\u0131n\u0131 a\u00e7\u0131klam\u0131\u015ft\u0131.<\/p>\n","protected":false},"excerpt":{"rendered":"<p>\u015eAM \u2013 Adalet Bakanl\u0131\u011f\u0131 bug\u00fcn, Homs\u2019ta silahlar\u0131yla birlikte teslim olan 347\u00a0ki\u015finin kanuni durumlar\u0131 d\u00fczeltilip serbest b\u0131rak\u0131ld\u0131klar\u0131n\u0131 ilan etti. Adalet Bakanl\u0131\u011f\u0131nda yetkili bir kaynak SANA\u2019ya yapt\u0131\u011f\u0131 a\u00e7\u0131klamada; Ba\u015fsavc\u0131l\u0131\u011f\u0131n ilgili kurumlarla i\u015fbirli\u011fi i\u00e7inde Homs\u2019ta silahlar\u0131yla birlikte teslim olmalar\u0131 ard\u0131ndan y\u00fcr\u00fcrl\u00fckteki kanunlara ayk\u0131r\u0131 olarak yeniden herhangi bir eyleme kat\u0131lmama taahh\u00fcd\u00fc imzalamalar\u0131 ard\u0131ndan serbest b\u0131rak\u0131ld\u0131klar\u0131n\u0131 belirtti. Bu arada Adalet &hellip;<\/p>\n","protected":false},"author":1,"featured_media":4449,"comment_status":"closed","ping_status":"closed","sticky":false,"template":"","format":"standard","meta":{"footnotes":""},"categories":[479,575,478],"tags":[969],"class_list":["post-4448","post","type-post","status-publish","format-standard","has-post-thumbnail","","category-haberler-yerel","category-olaylar-ve-gercekler","category-yerel","tag-homsta-silahlariyla-teslim-olan-284-kisi-serbest-birakildi"],"_links":{"self":[{"href":"https:\/\/archive.sana.sy\/tr\/index.php?rest_route=\/wp\/v2\/posts\/4448","targetHints":{"allow":["GET"]}}],"collection":[{"href":"https:\/\/archive.sana.sy\/tr\/index.php?rest_route=\/wp\/v2\/posts"}],"about":[{"href":"https:\/\/archive.sana.sy\/tr\/index.php?rest_route=\/wp\/v2\/types\/post"}],"author":[{"embeddable":true,"href":"https:\/\/archive.sana.sy\/tr\/index.php?rest_route=\/wp\/v2\/users\/1"}],"replies":[{"embeddable":true,"href":"https:\/\/archive.sana.sy\/tr\/index.php?rest_route=%2Fwp%2Fv2%2Fcomments&post=4448"}],"version-history":[{"count":0,"href":"https:\/\/archive.sana.sy\/tr\/index.php?rest_route=\/wp\/v2\/posts\/4448\/revisions"}],"wp:featuredmedia":[{"embeddable":true,"href":"https:\/\/archive.sana.sy\/tr\/index.php?rest_route=\/wp\/v2\/media\/4449"}],"wp:attachment":[{"href":"https:\/\/archive.sana.sy\/tr\/index.php?rest_route=%2Fwp%2Fv2%2Fmedia&parent=4448"}],"wp:term":[{"taxonomy":"category","embeddable":true,"href":"https:\/\/archive.sana.sy\/tr\/index.php?rest_route=%2Fwp%2Fv2%2Fcategories&post=4448"},{"taxonomy":"post_tag","embeddable":true,"href":"https:\/\/archive.sana.sy\/tr\/index.php?rest_route=%2Fwp%2Fv2%2Ftags&post=4448"}],"curies":[{"name":"wp","href":"https:\/\/api.w.org\/{rel}","templated":true}]}}