{"id":44498,"date":"2015-08-23T16:35:51","date_gmt":"2015-08-23T13:35:51","guid":{"rendered":"http:\/\/www.sana.sy\/tr\/?p=44498"},"modified":"2015-08-24T19:53:25","modified_gmt":"2015-08-24T16:53:25","slug":"dogu-gutadaki-teroristler-cezaevi-ve-yerlesim-alanlarini-havan-roketleriyle-hedef-aldi","status":"publish","type":"post","link":"https:\/\/archive.sana.sy\/tr\/?p=44498","title":{"rendered":"Do\u011fu \u011euta\u2019daki Ter\u00f6ristler Cezaevi ve Yerle\u015fim Alanlar\u0131n\u0131 Havan Roketleriyle Hedef Ald\u0131"},"content":{"rendered":"<p>\u015eAM ve KIRSALI \u2013 Suriye ve halk\u0131na kar\u015f\u0131 kin ve nefretleriyle bilinen kimi devletlerin destekledikleri ter\u00f6r \u00e7eteleri bug\u00fcn \u015eam ve k\u0131rsal\u0131n\u0131n muhtelif b\u00f6lgelerine gaddar roket sald\u0131r\u0131lar\u0131n\u0131 s\u00fcrd\u00fcrd\u00fc.<\/p>\n<p>\u015eam \u00c7evre Kent Emniyet M\u00fcd\u00fcrl\u00fc\u011f\u00fcnde bir kaynak tekfirci ter\u00f6ristlerin bug\u00fcn \u015eam k\u0131rsal\u0131nda Vafidin Kamp\u0131 ve Adra B\u00f6lgesindeki \u015eam Merkezi Cezaevini 5 havan roketiyle hedef ald\u0131klar\u0131n\u0131 belirtti. Kaynak gaddar sald\u0131r\u0131larda 10 ki\u015finin \u015fehit, 50 ki\u015finin de yaral\u0131 d\u00fc\u015ft\u00fcklerini ifade etti.<\/p>\n<p>Haresta B\u00f6lgesindeki Polis Hastanesinde t\u0131bbi bir kaynak ise Cezaevine yap\u0131lan hain sald\u0131r\u0131lar sonucunda aralar\u0131nda 6 kad\u0131n\u0131n bulundu\u011fu 10 cesedin yan\u0131 s\u0131ra onlarca yaral\u0131n\u0131n hastaneye kald\u0131r\u0131ld\u0131\u011f\u0131n\u0131 a\u00e7\u0131klad\u0131.<\/p>\n<p>Suudi rejimine ba\u011fl\u0131 \u2018\u0130slam Ordusu\u2019 tekfircilerinin ayn\u0131 zamanda Vafidin Kamp\u0131n\u0131 3 havan roketiyle hedef ald\u0131klar\u0131n\u0131 s\u00f6yleyen kaynak; i\u015fgalci \u0130srail&#8217;in 1967 y\u0131l\u0131ndan beri Suriye&#8217;nin Golan topraklar\u0131ndan tehcir etti\u011fi binlerce ailenin ikamet ettikleri b\u00f6lgede sivil evlere d\u00fc\u015fen havan roketlerinin 3 ki\u015finin yaralanmas\u0131na, evlerde demaddi hasarlara yol a\u00e7t\u0131\u011f\u0131n\u0131 s\u00f6zlerine ekledi.<\/p>\n<p>Bu arada \u015eam Emniyet M\u00fcd\u00fcrl\u00fc\u011f\u00fcnde bir kaynak ise Do\u011fu \u011euta\u2019da mevcut tekfirci ter\u00f6ristlerin bug\u00fcn \u015eam\u2019\u0131n muhtelif sivil yerle\u015fim alanlar\u0131na ek olarak k\u0131rsala d\u00fc\u015fen Ceramana Kasabas\u0131n\u0131 hedef alan havan sald\u0131r\u0131lar\u0131nda 2 vatanda\u015f\u0131n \u015fehit, 21 vatanda\u015f\u0131n da yaral\u0131 d\u00fc\u015ft\u00fcklerini belirtti.<\/p>\n<p>Cezaevini hedef alan havan sald\u0131r\u0131lar\u0131n sonu\u00e7lar\u0131ndan kareler:<\/p>\n<div id='gallery-1' class='gallery galleryid-44498 gallery-columns-2 gallery-size-thumbnail'><figure class='gallery-item'>\n\t\t\t<div class='gallery-icon landscape'>\n\t\t\t\t<a href='https:\/\/archive.sana.sy\/tr\/wp-content\/uploads\/2015\/08\/WSS_9320.jpg'><img loading=\"lazy\" decoding=\"async\" width=\"150\" height=\"95\" src=\"https:\/\/archive.sana.sy\/tr\/wp-content\/uploads\/2015\/08\/WSS_9320-150x95.jpg\" class=\"attachment-thumbnail size-thumbnail\" alt=\"\" srcset=\"https:\/\/archive.sana.sy\/tr\/wp-content\/uploads\/2015\/08\/WSS_9320-150x95.jpg 150w, https:\/\/archive.sana.sy\/tr\/wp-content\/uploads\/2015\/08\/WSS_9320-300x190.jpg 300w, https:\/\/archive.sana.sy\/tr\/wp-content\/uploads\/2015\/08\/WSS_9320-1024x647.jpg 1024w\" sizes=\"auto, (max-width: 150px) 100vw, 150px\" \/><\/a>\n\t\t\t<\/div><\/figure><figure class='gallery-item'>\n\t\t\t<div class='gallery-icon landscape'>\n\t\t\t\t<a href='https:\/\/archive.sana.sy\/tr\/wp-content\/uploads\/2015\/08\/WSS_9180.jpg'><img loading=\"lazy\" decoding=\"async\" width=\"150\" height=\"100\" src=\"https:\/\/archive.sana.sy\/tr\/wp-content\/uploads\/2015\/08\/WSS_9180-150x100.jpg\" class=\"attachment-thumbnail size-thumbnail\" alt=\"\" srcset=\"https:\/\/archive.sana.sy\/tr\/wp-content\/uploads\/2015\/08\/WSS_9180-150x100.jpg 150w, https:\/\/archive.sana.sy\/tr\/wp-content\/uploads\/2015\/08\/WSS_9180-300x200.jpg 300w, https:\/\/archive.sana.sy\/tr\/wp-content\/uploads\/2015\/08\/WSS_9180-1024x681.jpg 1024w\" sizes=\"auto, (max-width: 150px) 100vw, 150px\" \/><\/a>\n\t\t\t<\/div><\/figure><figure class='gallery-item'>\n\t\t\t<div class='gallery-icon landscape'>\n\t\t\t\t<a href='https:\/\/archive.sana.sy\/tr\/wp-content\/uploads\/2015\/08\/WSS_9212.jpg'><img loading=\"lazy\" decoding=\"async\" width=\"150\" height=\"79\" src=\"https:\/\/archive.sana.sy\/tr\/wp-content\/uploads\/2015\/08\/WSS_9212-150x79.jpg\" class=\"attachment-thumbnail size-thumbnail\" alt=\"\" srcset=\"https:\/\/archive.sana.sy\/tr\/wp-content\/uploads\/2015\/08\/WSS_9212-150x79.jpg 150w, https:\/\/archive.sana.sy\/tr\/wp-content\/uploads\/2015\/08\/WSS_9212-300x160.jpg 300w, https:\/\/archive.sana.sy\/tr\/wp-content\/uploads\/2015\/08\/WSS_9212-1024x539.jpg 1024w, https:\/\/archive.sana.sy\/tr\/wp-content\/uploads\/2015\/08\/WSS_9212-620x330.jpg 620w\" sizes=\"auto, (max-width: 150px) 100vw, 150px\" \/><\/a>\n\t\t\t<\/div><\/figure><figure class='gallery-item'>\n\t\t\t<div class='gallery-icon landscape'>\n\t\t\t\t<a href='https:\/\/archive.sana.sy\/tr\/wp-content\/uploads\/2015\/08\/WSS_9223.jpg'><img loading=\"lazy\" decoding=\"async\" width=\"150\" height=\"92\" src=\"https:\/\/archive.sana.sy\/tr\/wp-content\/uploads\/2015\/08\/WSS_9223-150x92.jpg\" class=\"attachment-thumbnail size-thumbnail\" alt=\"\" srcset=\"https:\/\/archive.sana.sy\/tr\/wp-content\/uploads\/2015\/08\/WSS_9223-150x92.jpg 150w, https:\/\/archive.sana.sy\/tr\/wp-content\/uploads\/2015\/08\/WSS_9223-300x183.jpg 300w, https:\/\/archive.sana.sy\/tr\/wp-content\/uploads\/2015\/08\/WSS_9223-1024x625.jpg 1024w\" sizes=\"auto, (max-width: 150px) 100vw, 150px\" \/><\/a>\n\t\t\t<\/div><\/figure><figure class='gallery-item'>\n\t\t\t<div class='gallery-icon landscape'>\n\t\t\t\t<a href='https:\/\/archive.sana.sy\/tr\/wp-content\/uploads\/2015\/08\/WSS_9226.jpg'><img loading=\"lazy\" decoding=\"async\" width=\"150\" height=\"100\" src=\"https:\/\/archive.sana.sy\/tr\/wp-content\/uploads\/2015\/08\/WSS_9226-150x100.jpg\" class=\"attachment-thumbnail size-thumbnail\" alt=\"\" srcset=\"https:\/\/archive.sana.sy\/tr\/wp-content\/uploads\/2015\/08\/WSS_9226-150x100.jpg 150w, https:\/\/archive.sana.sy\/tr\/wp-content\/uploads\/2015\/08\/WSS_9226-300x200.jpg 300w, https:\/\/archive.sana.sy\/tr\/wp-content\/uploads\/2015\/08\/WSS_9226-1024x681.jpg 1024w\" sizes=\"auto, (max-width: 150px) 100vw, 150px\" \/><\/a>\n\t\t\t<\/div><\/figure><figure class='gallery-item'>\n\t\t\t<div class='gallery-icon landscape'>\n\t\t\t\t<a href='https:\/\/archive.sana.sy\/tr\/wp-content\/uploads\/2015\/08\/WSS_9231.jpg'><img loading=\"lazy\" decoding=\"async\" width=\"150\" height=\"100\" src=\"https:\/\/archive.sana.sy\/tr\/wp-content\/uploads\/2015\/08\/WSS_9231-150x100.jpg\" class=\"attachment-thumbnail size-thumbnail\" alt=\"\" srcset=\"https:\/\/archive.sana.sy\/tr\/wp-content\/uploads\/2015\/08\/WSS_9231-150x100.jpg 150w, https:\/\/archive.sana.sy\/tr\/wp-content\/uploads\/2015\/08\/WSS_9231-300x200.jpg 300w, https:\/\/archive.sana.sy\/tr\/wp-content\/uploads\/2015\/08\/WSS_9231-1024x681.jpg 1024w\" sizes=\"auto, (max-width: 150px) 100vw, 150px\" \/><\/a>\n\t\t\t<\/div><\/figure><figure class='gallery-item'>\n\t\t\t<div class='gallery-icon landscape'>\n\t\t\t\t<a href='https:\/\/archive.sana.sy\/tr\/wp-content\/uploads\/2015\/08\/WSS_9265.jpg'><img loading=\"lazy\" decoding=\"async\" width=\"150\" height=\"100\" src=\"https:\/\/archive.sana.sy\/tr\/wp-content\/uploads\/2015\/08\/WSS_9265-150x100.jpg\" class=\"attachment-thumbnail size-thumbnail\" alt=\"\" srcset=\"https:\/\/archive.sana.sy\/tr\/wp-content\/uploads\/2015\/08\/WSS_9265-150x100.jpg 150w, https:\/\/archive.sana.sy\/tr\/wp-content\/uploads\/2015\/08\/WSS_9265-300x200.jpg 300w, https:\/\/archive.sana.sy\/tr\/wp-content\/uploads\/2015\/08\/WSS_9265-1024x681.jpg 1024w\" sizes=\"auto, (max-width: 150px) 100vw, 150px\" \/><\/a>\n\t\t\t<\/div><\/figure>\n\t\t<\/div>\n\n<p>https:\/\/www.youtube.com\/watch?v=JhmBJ5MT_h8<\/p>\n","protected":false},"excerpt":{"rendered":"<p>\u015eAM ve KIRSALI \u2013 Suriye ve halk\u0131na kar\u015f\u0131 kin ve nefretleriyle bilinen kimi devletlerin destekledikleri ter\u00f6r \u00e7eteleri bug\u00fcn \u015eam ve k\u0131rsal\u0131n\u0131n muhtelif b\u00f6lgelerine gaddar roket sald\u0131r\u0131lar\u0131n\u0131 s\u00fcrd\u00fcrd\u00fc. \u015eam \u00c7evre Kent Emniyet M\u00fcd\u00fcrl\u00fc\u011f\u00fcnde bir kaynak tekfirci ter\u00f6ristlerin bug\u00fcn \u015eam k\u0131rsal\u0131nda Vafidin Kamp\u0131 ve Adra B\u00f6lgesindeki \u015eam Merkezi Cezaevini 5 havan roketiyle hedef ald\u0131klar\u0131n\u0131 belirtti. Kaynak gaddar &hellip;<\/p>\n","protected":false},"author":1,"featured_media":44518,"comment_status":"closed","ping_status":"closed","sticky":false,"template":"","format":"standard","meta":{"footnotes":""},"categories":[596,479,575,478],"tags":[16359],"class_list":["post-44498","post","type-post","status-publish","format-standard","has-post-thumbnail","","category-fotografli-raporlar","category-haberler-yerel","category-olaylar-ve-gercekler","category-yerel","tag-sam-ve-kirsali-suriye-ve-halkina-karsi-kin-ve-nefretleriyle-bilinen-kimi-devletlerin-destekledikleri-teror-ceteleri-bugun-sam-ve-kirsalinin-muhtelif-bolgelerine-gaddar-roket-saldirilarini-su"],"_links":{"self":[{"href":"https:\/\/archive.sana.sy\/tr\/index.php?rest_route=\/wp\/v2\/posts\/44498","targetHints":{"allow":["GET"]}}],"collection":[{"href":"https:\/\/archive.sana.sy\/tr\/index.php?rest_route=\/wp\/v2\/posts"}],"about":[{"href":"https:\/\/archive.sana.sy\/tr\/index.php?rest_route=\/wp\/v2\/types\/post"}],"author":[{"embeddable":true,"href":"https:\/\/archive.sana.sy\/tr\/index.php?rest_route=\/wp\/v2\/users\/1"}],"replies":[{"embeddable":true,"href":"https:\/\/archive.sana.sy\/tr\/index.php?rest_route=%2Fwp%2Fv2%2Fcomments&post=44498"}],"version-history":[{"count":0,"href":"https:\/\/archive.sana.sy\/tr\/index.php?rest_route=\/wp\/v2\/posts\/44498\/revisions"}],"wp:featuredmedia":[{"embeddable":true,"href":"https:\/\/archive.sana.sy\/tr\/index.php?rest_route=\/wp\/v2\/media\/44518"}],"wp:attachment":[{"href":"https:\/\/archive.sana.sy\/tr\/index.php?rest_route=%2Fwp%2Fv2%2Fmedia&parent=44498"}],"wp:term":[{"taxonomy":"category","embeddable":true,"href":"https:\/\/archive.sana.sy\/tr\/index.php?rest_route=%2Fwp%2Fv2%2Fcategories&post=44498"},{"taxonomy":"post_tag","embeddable":true,"href":"https:\/\/archive.sana.sy\/tr\/index.php?rest_route=%2Fwp%2Fv2%2Ftags&post=44498"}],"curies":[{"name":"wp","href":"https:\/\/api.w.org\/{rel}","templated":true}]}}