{"id":44504,"date":"2015-08-23T18:30:53","date_gmt":"2015-08-23T15:30:53","guid":{"rendered":"http:\/\/www.sana.sy\/tr\/?p=44504"},"modified":"2015-08-23T17:30:05","modified_gmt":"2015-08-23T14:30:05","slug":"suriye-ve-cezayir-ekonomik-iliskilerini-derinlestiriyor","status":"publish","type":"post","link":"https:\/\/archive.sana.sy\/tr\/?p=44504","title":{"rendered":"Suriye ve Cezayir Ekonomik \u0130li\u015fkilerini Derinle\u015ftiriyor"},"content":{"rendered":"<p>\u015eAM \u2013 Ekonomi ve D\u0131\u015f Ticaret Bakan\u0131 H\u00fcmam el Cezairi bug\u00fcn Cezayir\u2019in \u015eam B\u00fcy\u00fckel\u00e7isi Salih Bu\u015fa ile iki \u00fclke aras\u0131ndaki ili\u015fkileri \u00f6zellikle ekonomik, ticari ve ortak yat\u0131r\u0131m alanlar\u0131nda peki\u015ftirme olanaklar\u0131n\u0131 masaya yat\u0131rd\u0131.<\/p>\n<p>Suriye \u00fcr\u00fcnleri \u00f6n\u00fcnde yeni pazarlar\u0131n a\u00e7\u0131lmas\u0131 mevzusunun da ele al\u0131nd\u0131\u011f\u0131 g\u00f6r\u00fc\u015fmede Bakan Cezairi; bu ba\u011flamlarda yap\u0131lan \u00e7al\u0131\u015fma ve at\u0131lan ad\u0131mlar\u0131 yak\u0131ndan takip etmekle birlikte mevcut engellerin kald\u0131r\u0131lmas\u0131 \u00f6nemini ifade etti.<\/p>\n<p>Cezayir B\u00fcy\u00fckel\u00e7isi Bu\u015fa ise; Cezayir\u2019de Ticari Sicil M\u00fcd\u00fcrl\u00fc\u011f\u00fcn\u00fcn d\u0131\u015f ekonomik \u00e7al\u0131\u015fmalar a\u00e7\u0131s\u0131ndan Suriye&#8217;yi \u00fc\u00e7\u00fcnc\u00fc mertebede s\u0131n\u0131fland\u0131rd\u0131\u011f\u0131na dikkat \u00e7ekerken; Cezayir&#8217;de 1300\u2019den fazla Suriyeli ticari faaliyetin bulundu\u011funa i\u015faret etti.<\/p>\n<p>G\u00f6r\u00fc\u015fmede iki taraf ele ald\u0131klar\u0131 ve \u00fcst\u00fcne anla\u015ft\u0131klar\u0131 konular\u0131n uygun bir \u015fekilde hayata ge\u00e7irilmesi amac\u0131yla bu y\u00f6ndeki \u00e7al\u0131\u015fmalar\u0131 yak\u0131ndan takip etme \u00f6neminde g\u00f6r\u00fc\u015f birli\u011fi kaydettiler.<\/p>\n","protected":false},"excerpt":{"rendered":"<p>\u015eAM \u2013 Ekonomi ve D\u0131\u015f Ticaret Bakan\u0131 H\u00fcmam el Cezairi bug\u00fcn Cezayir\u2019in \u015eam B\u00fcy\u00fckel\u00e7isi Salih Bu\u015fa ile iki \u00fclke aras\u0131ndaki ili\u015fkileri \u00f6zellikle ekonomik, ticari ve ortak yat\u0131r\u0131m alanlar\u0131nda peki\u015ftirme olanaklar\u0131n\u0131 masaya yat\u0131rd\u0131. Suriye \u00fcr\u00fcnleri \u00f6n\u00fcnde yeni pazarlar\u0131n a\u00e7\u0131lmas\u0131 mevzusunun da ele al\u0131nd\u0131\u011f\u0131 g\u00f6r\u00fc\u015fmede Bakan Cezairi; bu ba\u011flamlarda yap\u0131lan \u00e7al\u0131\u015fma ve at\u0131lan ad\u0131mlar\u0131 yak\u0131ndan takip etmekle &hellip;<\/p>\n","protected":false},"author":1,"featured_media":44506,"comment_status":"closed","ping_status":"closed","sticky":false,"template":"","format":"standard","meta":{"footnotes":""},"categories":[485,486,479,478],"tags":[16361,16360],"class_list":["post-44504","post","type-post","status-publish","format-standard","has-post-thumbnail","","category-is-ve-sermaye","category-haberler-is-ve-sermaye","category-haberler-yerel","category-yerel","tag-ekonomi-ve-dis-ticaret-bakani-humam-el-cezairi","tag-suriye-ve-cezayir-ekonomik-iliskilerini-derinlestiriyor"],"_links":{"self":[{"href":"https:\/\/archive.sana.sy\/tr\/index.php?rest_route=\/wp\/v2\/posts\/44504","targetHints":{"allow":["GET"]}}],"collection":[{"href":"https:\/\/archive.sana.sy\/tr\/index.php?rest_route=\/wp\/v2\/posts"}],"about":[{"href":"https:\/\/archive.sana.sy\/tr\/index.php?rest_route=\/wp\/v2\/types\/post"}],"author":[{"embeddable":true,"href":"https:\/\/archive.sana.sy\/tr\/index.php?rest_route=\/wp\/v2\/users\/1"}],"replies":[{"embeddable":true,"href":"https:\/\/archive.sana.sy\/tr\/index.php?rest_route=%2Fwp%2Fv2%2Fcomments&post=44504"}],"version-history":[{"count":0,"href":"https:\/\/archive.sana.sy\/tr\/index.php?rest_route=\/wp\/v2\/posts\/44504\/revisions"}],"wp:featuredmedia":[{"embeddable":true,"href":"https:\/\/archive.sana.sy\/tr\/index.php?rest_route=\/wp\/v2\/media\/44506"}],"wp:attachment":[{"href":"https:\/\/archive.sana.sy\/tr\/index.php?rest_route=%2Fwp%2Fv2%2Fmedia&parent=44504"}],"wp:term":[{"taxonomy":"category","embeddable":true,"href":"https:\/\/archive.sana.sy\/tr\/index.php?rest_route=%2Fwp%2Fv2%2Fcategories&post=44504"},{"taxonomy":"post_tag","embeddable":true,"href":"https:\/\/archive.sana.sy\/tr\/index.php?rest_route=%2Fwp%2Fv2%2Ftags&post=44504"}],"curies":[{"name":"wp","href":"https:\/\/api.w.org\/{rel}","templated":true}]}}