{"id":44508,"date":"2015-08-23T19:30:32","date_gmt":"2015-08-23T16:30:32","guid":{"rendered":"http:\/\/www.sana.sy\/tr\/?p=44508"},"modified":"2015-08-23T17:29:46","modified_gmt":"2015-08-23T14:29:46","slug":"kaninin-bir-damlasi-vatanini-korur","status":"publish","type":"post","link":"https:\/\/archive.sana.sy\/tr\/?p=44508","title":{"rendered":"Kan\u0131n\u0131n Bir Damlas\u0131 Vatan\u0131n\u0131 Korur"},"content":{"rendered":"<p>\u015eAM \u2013 Suryana G\u00f6n\u00fcll\u00fcleri Ekibi bug\u00fcn kimi rejimlerind estek ve y\u00f6nlendirmeleriyle Suriye ve halk\u0131n\u0131 hedef alan ter\u00f6re kar\u015f\u0131 sava\u015f\u0131nda ordu birliklerimize destek amac\u0131yla \u015eam\u2019\u0131n Mezze Semtindeki Kan Bankas\u0131nda \u2018Kan\u0131n\u0131n Bir Damlas\u0131 Vatan\u0131n\u0131 Korur\u2019 slogan\u0131 alt\u0131nda kan ba\u011f\u0131\u015f\u0131 kampanyas\u0131 d\u00fczenledi.<\/p>\n<p>Kampanya kat\u0131l\u0131mc\u0131lar\u0131 ordu birliklerimizin be\u015f y\u0131la yak\u0131n bir s\u00fcredir, kimi devletlerin destekleriyle d\u00fcnyan\u0131n y\u00fczden fazla \u00fclkesinden Suriye&#8217;ye gelen tekfirci ve kiral\u0131k ter\u00f6ristlerin yan\u0131 s\u0131ra kimi devletlerin finans\u0131yla vatan ve onurlar\u0131n\u0131 satan hain ter\u00f6ristlere kar\u015f\u0131 efsanevi bir sava\u015f y\u00fcr\u00fctt\u00fcklerini belirtti. Bu sava\u015fta e\u015fi benzeri g\u00f6r\u00fclmemi\u015f \u00f6zveri takdim eden, vatan ve halk\u0131n\u0131n g\u00fcvenli\u011fi i\u00e7in canlar\u0131n\u0131 feda eden ordu birliklerimizi desteklememin kendileri i\u00e7in b\u00fcy\u00fck bir gurur kayna\u011f\u0131 oldu\u011funu ifade eden kat\u0131l\u0131mc\u0131lar; kanlar\u0131n\u0131 ba\u011f\u0131\u015flaman\u0131n askerlerin \u00f6zveri ve kahramanl\u0131klar\u0131 kar\u015f\u0131s\u0131nda hi\u00e7 say\u0131ld\u0131\u011f\u0131n\u0131 s\u00f6yledi.<\/p>\n<p>Kat\u0131l\u0131mc\u0131lar vatan ve \u015fanl\u0131 ordusunu desteklemek i\u00e7in hi\u00e7bir \u015feylerini esirgemeyeceklerini ifade etti.<\/p>\n<div id='gallery-1' class='gallery galleryid-44508 gallery-columns-2 gallery-size-thumbnail'><figure class='gallery-item'>\n\t\t\t<div class='gallery-icon landscape'>\n\t\t\t\t<a href='https:\/\/archive.sana.sy\/tr\/wp-content\/uploads\/2015\/08\/kan-ba\u011f\u0131\u015f\u0131-5.jpg'><img loading=\"lazy\" decoding=\"async\" width=\"150\" height=\"93\" src=\"https:\/\/archive.sana.sy\/tr\/wp-content\/uploads\/2015\/08\/kan-ba\u011f\u0131\u015f\u0131-5-150x93.jpg\" class=\"attachment-thumbnail size-thumbnail\" alt=\"\" srcset=\"https:\/\/archive.sana.sy\/tr\/wp-content\/uploads\/2015\/08\/kan-ba\u011f\u0131\u015f\u0131-5-150x93.jpg 150w, https:\/\/archive.sana.sy\/tr\/wp-content\/uploads\/2015\/08\/kan-ba\u011f\u0131\u015f\u0131-5-300x186.jpg 300w, https:\/\/archive.sana.sy\/tr\/wp-content\/uploads\/2015\/08\/kan-ba\u011f\u0131\u015f\u0131-5.jpg 1000w\" sizes=\"auto, (max-width: 150px) 100vw, 150px\" \/><\/a>\n\t\t\t<\/div><\/figure><figure class='gallery-item'>\n\t\t\t<div class='gallery-icon landscape'>\n\t\t\t\t<a href='https:\/\/archive.sana.sy\/tr\/wp-content\/uploads\/2015\/08\/kan-ba\u011f\u0131\u015f\u0131-1.jpg'><img loading=\"lazy\" decoding=\"async\" width=\"150\" height=\"94\" src=\"https:\/\/archive.sana.sy\/tr\/wp-content\/uploads\/2015\/08\/kan-ba\u011f\u0131\u015f\u0131-1-150x94.jpg\" class=\"attachment-thumbnail size-thumbnail\" alt=\"\" srcset=\"https:\/\/archive.sana.sy\/tr\/wp-content\/uploads\/2015\/08\/kan-ba\u011f\u0131\u015f\u0131-1-150x94.jpg 150w, https:\/\/archive.sana.sy\/tr\/wp-content\/uploads\/2015\/08\/kan-ba\u011f\u0131\u015f\u0131-1-300x188.jpg 300w, https:\/\/archive.sana.sy\/tr\/wp-content\/uploads\/2015\/08\/kan-ba\u011f\u0131\u015f\u0131-1.jpg 1000w\" sizes=\"auto, (max-width: 150px) 100vw, 150px\" \/><\/a>\n\t\t\t<\/div><\/figure><figure class='gallery-item'>\n\t\t\t<div class='gallery-icon portrait'>\n\t\t\t\t<a href='https:\/\/archive.sana.sy\/tr\/wp-content\/uploads\/2015\/08\/kan-ba\u011f\u0131\u015f\u0131-2.jpg'><img loading=\"lazy\" decoding=\"async\" width=\"100\" height=\"150\" src=\"https:\/\/archive.sana.sy\/tr\/wp-content\/uploads\/2015\/08\/kan-ba\u011f\u0131\u015f\u0131-2-100x150.jpg\" class=\"attachment-thumbnail size-thumbnail\" alt=\"\" srcset=\"https:\/\/archive.sana.sy\/tr\/wp-content\/uploads\/2015\/08\/kan-ba\u011f\u0131\u015f\u0131-2-100x150.jpg 100w, https:\/\/archive.sana.sy\/tr\/wp-content\/uploads\/2015\/08\/kan-ba\u011f\u0131\u015f\u0131-2-201x300.jpg 201w, https:\/\/archive.sana.sy\/tr\/wp-content\/uploads\/2015\/08\/kan-ba\u011f\u0131\u015f\u0131-2-685x1024.jpg 685w, https:\/\/archive.sana.sy\/tr\/wp-content\/uploads\/2015\/08\/kan-ba\u011f\u0131\u015f\u0131-2.jpg 1000w\" sizes=\"auto, (max-width: 100px) 100vw, 100px\" \/><\/a>\n\t\t\t<\/div><\/figure><figure class='gallery-item'>\n\t\t\t<div class='gallery-icon landscape'>\n\t\t\t\t<a href='https:\/\/archive.sana.sy\/tr\/wp-content\/uploads\/2015\/08\/kan-ba\u011f\u0131\u015f\u0131-4.jpg'><img loading=\"lazy\" decoding=\"async\" width=\"150\" height=\"107\" src=\"https:\/\/archive.sana.sy\/tr\/wp-content\/uploads\/2015\/08\/kan-ba\u011f\u0131\u015f\u0131-4-150x107.jpg\" class=\"attachment-thumbnail size-thumbnail\" alt=\"\" srcset=\"https:\/\/archive.sana.sy\/tr\/wp-content\/uploads\/2015\/08\/kan-ba\u011f\u0131\u015f\u0131-4-150x107.jpg 150w, https:\/\/archive.sana.sy\/tr\/wp-content\/uploads\/2015\/08\/kan-ba\u011f\u0131\u015f\u0131-4-300x214.jpg 300w, https:\/\/archive.sana.sy\/tr\/wp-content\/uploads\/2015\/08\/kan-ba\u011f\u0131\u015f\u0131-4.jpg 1000w\" sizes=\"auto, (max-width: 150px) 100vw, 150px\" \/><\/a>\n\t\t\t<\/div><\/figure>\n\t\t<\/div>\n\n","protected":false},"excerpt":{"rendered":"<p>\u015eAM \u2013 Suryana G\u00f6n\u00fcll\u00fcleri Ekibi bug\u00fcn kimi rejimlerind estek ve y\u00f6nlendirmeleriyle Suriye ve halk\u0131n\u0131 hedef alan ter\u00f6re kar\u015f\u0131 sava\u015f\u0131nda ordu birliklerimize destek amac\u0131yla \u015eam\u2019\u0131n Mezze Semtindeki Kan Bankas\u0131nda \u2018Kan\u0131n\u0131n Bir Damlas\u0131 Vatan\u0131n\u0131 Korur\u2019 slogan\u0131 alt\u0131nda kan ba\u011f\u0131\u015f\u0131 kampanyas\u0131 d\u00fczenledi. Kampanya kat\u0131l\u0131mc\u0131lar\u0131 ordu birliklerimizin be\u015f y\u0131la yak\u0131n bir s\u00fcredir, kimi devletlerin destekleriyle d\u00fcnyan\u0131n y\u00fczden fazla \u00fclkesinden &hellip;<\/p>\n","protected":false},"author":1,"featured_media":44509,"comment_status":"closed","ping_status":"closed","sticky":false,"template":"","format":"standard","meta":{"footnotes":""},"categories":[596,526,479,525,478],"tags":[16363,16362],"class_list":["post-44508","post","type-post","status-publish","format-standard","has-post-thumbnail","","category-fotografli-raporlar","category-haber-ve-raporlar","category-haberler-yerel","category-toplum","category-yerel","tag-kan-bagisi-kampanyasi","tag-suryana-gonulluleri-ekibi"],"_links":{"self":[{"href":"https:\/\/archive.sana.sy\/tr\/index.php?rest_route=\/wp\/v2\/posts\/44508","targetHints":{"allow":["GET"]}}],"collection":[{"href":"https:\/\/archive.sana.sy\/tr\/index.php?rest_route=\/wp\/v2\/posts"}],"about":[{"href":"https:\/\/archive.sana.sy\/tr\/index.php?rest_route=\/wp\/v2\/types\/post"}],"author":[{"embeddable":true,"href":"https:\/\/archive.sana.sy\/tr\/index.php?rest_route=\/wp\/v2\/users\/1"}],"replies":[{"embeddable":true,"href":"https:\/\/archive.sana.sy\/tr\/index.php?rest_route=%2Fwp%2Fv2%2Fcomments&post=44508"}],"version-history":[{"count":0,"href":"https:\/\/archive.sana.sy\/tr\/index.php?rest_route=\/wp\/v2\/posts\/44508\/revisions"}],"wp:featuredmedia":[{"embeddable":true,"href":"https:\/\/archive.sana.sy\/tr\/index.php?rest_route=\/wp\/v2\/media\/44509"}],"wp:attachment":[{"href":"https:\/\/archive.sana.sy\/tr\/index.php?rest_route=%2Fwp%2Fv2%2Fmedia&parent=44508"}],"wp:term":[{"taxonomy":"category","embeddable":true,"href":"https:\/\/archive.sana.sy\/tr\/index.php?rest_route=%2Fwp%2Fv2%2Fcategories&post=44508"},{"taxonomy":"post_tag","embeddable":true,"href":"https:\/\/archive.sana.sy\/tr\/index.php?rest_route=%2Fwp%2Fv2%2Ftags&post=44508"}],"curies":[{"name":"wp","href":"https:\/\/api.w.org\/{rel}","templated":true}]}}