{"id":4454,"date":"2014-07-02T21:41:27","date_gmt":"2014-07-02T18:41:27","guid":{"rendered":"http:\/\/www.sana.sy\/tr\/?p=4454"},"modified":"2014-07-02T21:41:27","modified_gmt":"2014-07-02T18:41:27","slug":"rusya-disisleri-bakani-sergey-lavrov-alman-fransiz-ve-ukraynali-mevkidaslariyla-duzenledigi-ortak-basin-toplantisinda-ukraynada-ateskesin-saglanmasini-ongoren-bir-beyan-metni-uzerine-uzalasmaya-va","status":"publish","type":"post","link":"https:\/\/archive.sana.sy\/tr\/?p=4454","title":{"rendered":"Rusya D\u0131\u015fi\u015fleri Bakan\u0131 Sergey Lavrov Alman, Frans\u0131z ve Ukraynal\u0131 mevkida\u015flar\u0131yla d\u00fczenledi\u011fi ortak bas\u0131n toplant\u0131s\u0131nda: Ukrayna&#8217;da ate\u015fkesin sa\u011flanmas\u0131n\u0131 \u00f6ng\u00f6ren bir beyan metni \u00fczerine uzala\u015fmaya vard\u0131k."},"content":{"rendered":"<p>Rusya D\u0131\u015fi\u015fleri Bakan\u0131 Sergey Lavrov Alman, Frans\u0131z ve Ukraynal\u0131 mevkida\u015flar\u0131yla d\u00fczenledi\u011fi ortak bas\u0131n toplant\u0131s\u0131nda: Ukrayna&#8217;da ate\u015fkesin sa\u011flanmas\u0131n\u0131 \u00f6ng\u00f6ren bir beyan metni \u00fczerine uzala\u015fmaya vard\u0131k.<\/p>\n","protected":false},"excerpt":{"rendered":"<p>Rusya D\u0131\u015fi\u015fleri Bakan\u0131 Sergey Lavrov Alman, Frans\u0131z ve Ukraynal\u0131 mevkida\u015flar\u0131yla d\u00fczenledi\u011fi ortak bas\u0131n toplant\u0131s\u0131nda: Ukrayna&#8217;da ate\u015fkesin sa\u011flanmas\u0131n\u0131 \u00f6ng\u00f6ren bir beyan metni \u00fczerine uzala\u015fmaya vard\u0131k.<\/p>\n","protected":false},"author":1,"featured_media":0,"comment_status":"closed","ping_status":"closed","sticky":false,"template":"","format":"standard","meta":{"footnotes":""},"categories":[1],"tags":[972,971],"class_list":["post-4454","post","type-post","status-publish","format-standard","","category-news-not-sorted","tag-fransiz-ve-ukraynali-mevkidaslariyla-duzenledigi-ortak-basin-toplantisinda-ukraynada-ateskesin-saglanmasini-ongoren-bir-beyan-metni-uzerine-uzalasmaya-vardik","tag-rusya-disisleri-bakani-sergey-lavrov-alman"],"_links":{"self":[{"href":"https:\/\/archive.sana.sy\/tr\/index.php?rest_route=\/wp\/v2\/posts\/4454","targetHints":{"allow":["GET"]}}],"collection":[{"href":"https:\/\/archive.sana.sy\/tr\/index.php?rest_route=\/wp\/v2\/posts"}],"about":[{"href":"https:\/\/archive.sana.sy\/tr\/index.php?rest_route=\/wp\/v2\/types\/post"}],"author":[{"embeddable":true,"href":"https:\/\/archive.sana.sy\/tr\/index.php?rest_route=\/wp\/v2\/users\/1"}],"replies":[{"embeddable":true,"href":"https:\/\/archive.sana.sy\/tr\/index.php?rest_route=%2Fwp%2Fv2%2Fcomments&post=4454"}],"version-history":[{"count":0,"href":"https:\/\/archive.sana.sy\/tr\/index.php?rest_route=\/wp\/v2\/posts\/4454\/revisions"}],"wp:attachment":[{"href":"https:\/\/archive.sana.sy\/tr\/index.php?rest_route=%2Fwp%2Fv2%2Fmedia&parent=4454"}],"wp:term":[{"taxonomy":"category","embeddable":true,"href":"https:\/\/archive.sana.sy\/tr\/index.php?rest_route=%2Fwp%2Fv2%2Fcategories&post=4454"},{"taxonomy":"post_tag","embeddable":true,"href":"https:\/\/archive.sana.sy\/tr\/index.php?rest_route=%2Fwp%2Fv2%2Ftags&post=4454"}],"curies":[{"name":"wp","href":"https:\/\/api.w.org\/{rel}","templated":true}]}}