{"id":44603,"date":"2015-08-24T15:16:44","date_gmt":"2015-08-24T12:16:44","guid":{"rendered":"http:\/\/sana.sy\/tr\/?p=44603"},"modified":"2015-08-24T15:16:44","modified_gmt":"2015-08-24T12:16:44","slug":"fisk-isidin-turkiye-rejimi-ile-baglantilari-arastirilip-bunlara-isik-tutulmalidir","status":"publish","type":"post","link":"https:\/\/archive.sana.sy\/tr\/?p=44603","title":{"rendered":"Fisk: I\u015e\u0130D\u2019in T\u00fcrkiye Rejimi ile Ba\u011flant\u0131lar\u0131 Ara\u015ft\u0131r\u0131l\u0131p Bunlara I\u015f\u0131k Tutulmal\u0131d\u0131r"},"content":{"rendered":"<p>LONDRA \u2013 \u0130ngiliz yazar Robert Fisk uluslar aras\u0131 medya ara\u00e7lar\u0131n\u0131n I\u015e\u0130D ter\u00f6r \u00f6rg\u00fct\u00fcne ili\u015fkin haberlerini keskin bir dille ele\u015ftirdi.<\/p>\n<p>Fisk \u0130ngiliz Independent Gazetesinin yay\u0131nlad\u0131\u011f\u0131 makalesinde; s\u00f6z konusu medya ara\u00e7lar\u0131n\u0131n I\u015e\u0130D\u2019in vah\u015fi eylemlerine \u0131\u015f\u0131k tutmaya odakland\u0131\u011f\u0131 bir zamanda bu az\u0131l\u0131 \u00f6rg\u00fct\u00fcn T\u00fcrkiye, Suudi Arabistan, Katar, \u0130srail ve daha ba\u015fka uluslar aras\u0131 tarafla ili\u015fki ve ba\u011flant\u0131lar\u0131n\u0131 g\u00f6z ard\u0131 ettiklerine vurgu yapt\u0131. Fisk I\u015e\u0130D\u2019in s\u00f6z konusu taraflarla gizli ba\u011flant\u0131lar\u0131n\u0131n vah\u015fetlerinden daha tehlikeli oldu\u011funun alt\u0131n\u0131 \u00e7izdi.<\/p>\n<p>I\u015e\u0130D\u2019in son olarak Suriyeli tarihi eser bilim adam\u0131 Halit el Asaad\u2019\u0131 infaz etmesi dahil olmak \u00fczere g\u00fcn\u00fcbirlik olarak i\u015fledi\u011fi deh\u015fet verici vah\u015fetleriyle d\u00fcnya kamuoyu ve bas\u0131n\u0131n g\u00f6z\u00fcn\u00fc bir dizi ger\u00e7ekten uzak tutmaya \u00e7al\u0131\u015ft\u0131\u011f\u0131n\u0131 belirten Fisk; uluslar aras\u0131 bas\u0131n mensuplar\u0131n\u0131 sadece I\u015e\u0130D\u2019in vah\u015fetine de\u011fil, bu \u00f6rg\u00fct\u00fcn kurulu\u015f d\u00fc\u015f\u00fcncesi ve hedefine odaklanmalar\u0131na \u00e7a\u011f\u0131rd\u0131. Fisk makalesinde ayn\u0131 zamanda I\u015e\u0130D\u2019in uluslar aras\u0131 taraflara ek olarak Suriye&#8217;de Nusra Cephesi, \u0130slam Ordusu ve yok olma s\u00fcrecindeki \u2018\u00d6SO\u2019 ile derin gizli ba\u011flant\u0131lar\u0131n\u0131n ara\u015ft\u0131r\u0131lmas\u0131 davetinde bulundu.<\/p>\n<p>I\u015e\u0130D\u2019in ayr\u0131ca Suudi rejimi, Katar \u015feyhli\u011fi ve T\u00fcrkiye&#8217;deki rejim ile ili\u015fki ve ba\u011flant\u0131lar\u0131na ili\u015fkin derin ve tarafs\u0131z ara\u015ft\u0131rmalar\u0131n yap\u0131lmas\u0131 \u00f6nemine vurgu yapan Fisk; T\u00fcrkiye s\u0131n\u0131rlar\u0131ndan direk olarak I\u015e\u0130D\u2019in eline ge\u00e7en silah ve deste\u011fin ara\u015ft\u0131r\u0131lmas\u0131 gerekti\u011fini ifade etti.<\/p>\n<p>\u0130ngiliz yazar Fisk I\u015e\u0130D\u2019in \u015fu ana dek \u0130srail\u2019e hi\u00e7bir sald\u0131r\u0131da bulunmad\u0131\u011f\u0131n\u0131, Suriye&#8217;de devlet mevkilerini bombalayan \u0130srail&#8217;in de neden \u015fu ana dek I\u015e\u0130D mevkilerini bombalamad\u0131\u011f\u0131 sorular\u0131na dikkat \u00e7ekti.<\/p>\n<p>A.A. &#8211; M.M.<\/p>\n","protected":false},"excerpt":{"rendered":"<p>LONDRA \u2013 \u0130ngiliz yazar Robert Fisk uluslar aras\u0131 medya ara\u00e7lar\u0131n\u0131n I\u015e\u0130D ter\u00f6r \u00f6rg\u00fct\u00fcne ili\u015fkin haberlerini keskin bir dille ele\u015ftirdi. Fisk \u0130ngiliz Independent Gazetesinin yay\u0131nlad\u0131\u011f\u0131 makalesinde; s\u00f6z konusu medya ara\u00e7lar\u0131n\u0131n I\u015e\u0130D\u2019in vah\u015fi eylemlerine \u0131\u015f\u0131k tutmaya odakland\u0131\u011f\u0131 bir zamanda bu az\u0131l\u0131 \u00f6rg\u00fct\u00fcn T\u00fcrkiye, Suudi Arabistan, Katar, \u0130srail ve daha ba\u015fka uluslar aras\u0131 tarafla ili\u015fki ve ba\u011flant\u0131lar\u0131n\u0131 g\u00f6z &hellip;<\/p>\n","protected":false},"author":1,"featured_media":44604,"comment_status":"closed","ping_status":"closed","sticky":false,"template":"","format":"standard","meta":{"footnotes":""},"categories":[458,459,447,2554,2555],"tags":[16372],"class_list":["post-44603","post","type-post","status-publish","format-standard","has-post-thumbnail","","category-dunya1","category-haberler-arap-uluslararasi-politika","category-politika","category-suriye-ve-dunya","category-suriye-ve-turkiye","tag-fisk-isidin-turkiye-rejimi-ile-baglantilari-arastirilip-bunlara-isik-tutulmalidir"],"_links":{"self":[{"href":"https:\/\/archive.sana.sy\/tr\/index.php?rest_route=\/wp\/v2\/posts\/44603","targetHints":{"allow":["GET"]}}],"collection":[{"href":"https:\/\/archive.sana.sy\/tr\/index.php?rest_route=\/wp\/v2\/posts"}],"about":[{"href":"https:\/\/archive.sana.sy\/tr\/index.php?rest_route=\/wp\/v2\/types\/post"}],"author":[{"embeddable":true,"href":"https:\/\/archive.sana.sy\/tr\/index.php?rest_route=\/wp\/v2\/users\/1"}],"replies":[{"embeddable":true,"href":"https:\/\/archive.sana.sy\/tr\/index.php?rest_route=%2Fwp%2Fv2%2Fcomments&post=44603"}],"version-history":[{"count":0,"href":"https:\/\/archive.sana.sy\/tr\/index.php?rest_route=\/wp\/v2\/posts\/44603\/revisions"}],"wp:featuredmedia":[{"embeddable":true,"href":"https:\/\/archive.sana.sy\/tr\/index.php?rest_route=\/wp\/v2\/media\/44604"}],"wp:attachment":[{"href":"https:\/\/archive.sana.sy\/tr\/index.php?rest_route=%2Fwp%2Fv2%2Fmedia&parent=44603"}],"wp:term":[{"taxonomy":"category","embeddable":true,"href":"https:\/\/archive.sana.sy\/tr\/index.php?rest_route=%2Fwp%2Fv2%2Fcategories&post=44603"},{"taxonomy":"post_tag","embeddable":true,"href":"https:\/\/archive.sana.sy\/tr\/index.php?rest_route=%2Fwp%2Fv2%2Ftags&post=44603"}],"curies":[{"name":"wp","href":"https:\/\/api.w.org\/{rel}","templated":true}]}}