{"id":44611,"date":"2015-08-24T19:52:37","date_gmt":"2015-08-24T16:52:37","guid":{"rendered":"http:\/\/sana.sy\/tr\/?p=44611"},"modified":"2015-08-24T19:52:37","modified_gmt":"2015-08-24T16:52:37","slug":"sivil-alanlara-kor-ve-korkak-saldirilar-suruyor","status":"publish","type":"post","link":"https:\/\/archive.sana.sy\/tr\/?p=44611","title":{"rendered":"Sivil Alanlara K\u00f6r ve Korkak Sald\u0131r\u0131lar S\u00fcr\u00fcyor"},"content":{"rendered":"<p>\u0130LLER \u2013 Ba\u015fkent \u015eam ve Halep\u2019te g\u00fcvenli b\u00f6lgelere gaddar sald\u0131r\u0131lar\u0131n\u0131 s\u00fcrd\u00fcren ter\u00f6ristler; ordu birliklerimizin darbeleri alt\u0131nda verdikleri a\u011f\u0131r kay\u0131plar\u0131n h\u0131nc\u0131n\u0131 masum sivillerden almaya \u00e7al\u0131\u015f\u0131yor.<\/p>\n<p><span style=\"color: #0000ff\">\u015eAM:<\/span><\/p>\n<p>\u015eam Emniyet M\u00fcd\u00fcrl\u00fc\u011f\u00fcnde bir kaynak; ter\u00f6ristlerin f\u0131rlatt\u0131\u011f\u0131 bir\u00e7ok f\u00fcze ve havan roketinin ba\u015fkent \u015eam\u2019\u0131n Bab Tuma, Ba\u011fdat Soka\u011f\u0131, Ebu Rummane, Fahhame ve R\u00fckneddin b\u00f6lgelerine ilaveten \u015eemdin ve Cubbe meydanlar\u0131na d\u00fc\u015fmeleri sonucunda 13 vatanda\u015f\u0131n yaraland\u0131\u011f\u0131n\u0131; olay yerlerinde b\u00fcy\u00fck maddi hasarlar\u0131n olu\u015ftu\u011funu ifade etti.<\/p>\n<p><span style=\"color: #0000ff\">HALEP:<\/span><\/p>\n<p>Halep Emniyet M\u00fcd\u00fcrl\u00fc\u011f\u00fcnde bir kaynak ise; Halep Kentinin Beni Zeyd Semtinde siper alan ve Erdo\u011fan rejimi taraf\u0131ndan desteklenen ter\u00f6ristlerin Halidiye Semtinde sivil vatanda\u015flar\u0131 ve evleri f\u00fczelerle hedef ald\u0131klar\u0131n\u0131 belirtti.<\/p>\n<p>Kaynak gaddar sald\u0131r\u0131larda 2 vatanda\u015f\u0131n \u015fehit, bir k\u0131s\u0131m vatanda\u015flar\u0131n yaral\u0131 d\u00fc\u015fmelerine ev ve ara\u00e7larda da maddi hasar\u0131n olu\u015ftu\u011funu s\u00f6zlerine ekledi.<\/p>\n<p>M.M. &#8211; A.A.<\/p>\n","protected":false},"excerpt":{"rendered":"<p>\u0130LLER \u2013 Ba\u015fkent \u015eam ve Halep\u2019te g\u00fcvenli b\u00f6lgelere gaddar sald\u0131r\u0131lar\u0131n\u0131 s\u00fcrd\u00fcren ter\u00f6ristler; ordu birliklerimizin darbeleri alt\u0131nda verdikleri a\u011f\u0131r kay\u0131plar\u0131n h\u0131nc\u0131n\u0131 masum sivillerden almaya \u00e7al\u0131\u015f\u0131yor. \u015eAM: \u015eam Emniyet M\u00fcd\u00fcrl\u00fc\u011f\u00fcnde bir kaynak; ter\u00f6ristlerin f\u0131rlatt\u0131\u011f\u0131 bir\u00e7ok f\u00fcze ve havan roketinin ba\u015fkent \u015eam\u2019\u0131n Bab Tuma, Ba\u011fdat Soka\u011f\u0131, Ebu Rummane, Fahhame ve R\u00fckneddin b\u00f6lgelerine ilaveten \u015eemdin ve Cubbe meydanlar\u0131na d\u00fc\u015fmeleri &hellip;<\/p>\n","protected":false},"author":1,"featured_media":44612,"comment_status":"closed","ping_status":"closed","sticky":false,"template":"","format":"standard","meta":{"footnotes":""},"categories":[479,575,478],"tags":[16373],"class_list":["post-44611","post","type-post","status-publish","format-standard","has-post-thumbnail","","category-haberler-yerel","category-olaylar-ve-gercekler","category-yerel","tag-sivil-alanlara-kor-ve-korkak-saldirilar-suruyor"],"_links":{"self":[{"href":"https:\/\/archive.sana.sy\/tr\/index.php?rest_route=\/wp\/v2\/posts\/44611","targetHints":{"allow":["GET"]}}],"collection":[{"href":"https:\/\/archive.sana.sy\/tr\/index.php?rest_route=\/wp\/v2\/posts"}],"about":[{"href":"https:\/\/archive.sana.sy\/tr\/index.php?rest_route=\/wp\/v2\/types\/post"}],"author":[{"embeddable":true,"href":"https:\/\/archive.sana.sy\/tr\/index.php?rest_route=\/wp\/v2\/users\/1"}],"replies":[{"embeddable":true,"href":"https:\/\/archive.sana.sy\/tr\/index.php?rest_route=%2Fwp%2Fv2%2Fcomments&post=44611"}],"version-history":[{"count":0,"href":"https:\/\/archive.sana.sy\/tr\/index.php?rest_route=\/wp\/v2\/posts\/44611\/revisions"}],"wp:featuredmedia":[{"embeddable":true,"href":"https:\/\/archive.sana.sy\/tr\/index.php?rest_route=\/wp\/v2\/media\/44612"}],"wp:attachment":[{"href":"https:\/\/archive.sana.sy\/tr\/index.php?rest_route=%2Fwp%2Fv2%2Fmedia&parent=44611"}],"wp:term":[{"taxonomy":"category","embeddable":true,"href":"https:\/\/archive.sana.sy\/tr\/index.php?rest_route=%2Fwp%2Fv2%2Fcategories&post=44611"},{"taxonomy":"post_tag","embeddable":true,"href":"https:\/\/archive.sana.sy\/tr\/index.php?rest_route=%2Fwp%2Fv2%2Ftags&post=44611"}],"curies":[{"name":"wp","href":"https:\/\/api.w.org\/{rel}","templated":true}]}}