{"id":44625,"date":"2015-08-24T20:33:44","date_gmt":"2015-08-24T17:33:44","guid":{"rendered":"http:\/\/sana.sy\/tr\/?p=44625"},"modified":"2015-08-24T20:33:44","modified_gmt":"2015-08-24T17:33:44","slug":"terorle-mucadele-ve-bolge-istikrarinin-saglanmasinda-hemfikiriz","status":"publish","type":"post","link":"https:\/\/archive.sana.sy\/tr\/?p=44625","title":{"rendered":"Ter\u00f6rle M\u00fccadele ve B\u00f6lge \u0130stikrar\u0131n\u0131n Sa\u011flanmas\u0131nda Hemfikiriz"},"content":{"rendered":"<p>TAHRAN \u2013 \u0130ngiltere D\u0131\u015fi\u015fleri Bakan\u0131 Philip Hammond ile bug\u00fcn Tahran\u2019da bir araya gelen \u0130ran Milli G\u00fcvenlik Y\u00fcksek Konseyi Ba\u015fkan\u0131 Ali \u015eemahani; b\u00f6lgede ter\u00f6r ve radikalli\u011fe kar\u015f\u0131 m\u00fccadelede etkin bir azme ula\u015fmakla birlikte bu ba\u011flamda devletlerin egemenlik ve ba\u011f\u0131ms\u0131zl\u0131klar\u0131na sayg\u0131 duyulmas\u0131 gere\u011fini belirtti.<\/p>\n<p>\u015eemahani Suriye&#8217;de me\u015fru h\u00fck\u00fcmete muhalif cemaatlere s\u0131n\u0131rs\u0131z silah teminin b\u00f6lgede tehlikeli ter\u00f6r \u00f6rg\u00fctlerinin te\u015fkil edilmelerine ve e\u015fi benzeri g\u00f6r\u00fclmeyen krizlerin do\u011fmas\u0131na yol a\u00e7t\u0131\u011f\u0131na dikkat \u00e7ekerken; \u00fclkesinin daha \u00f6nce bu konuda bulundu\u011fu uyar\u0131lara i\u015faret etti. Bat\u0131l\u0131 devletlerin ter\u00f6r \u00f6rg\u00fctlere desteklerinin b\u00f6lge devletleri ve halklar\u0131n\u0131 b\u00fcy\u00fck kay\u0131plara u\u011fratt\u0131\u011f\u0131n\u0131 ifade eden \u015eemahani; b\u00f6lgede Bat\u0131l\u0131 devletlerle m\u00fcttefik olan kimi devletlerin bu y\u00f6ndeki rollerine de vurgu yapt\u0131.<\/p>\n<p>\u015eemahani; ter\u00f6rle m\u00fccadele ve b\u00f6lgede istikrar\u0131n sa\u011flanmas\u0131na ilaveten ikili ekonomik ili\u015fkileri geli\u015ftirmede \u0130ran ve \u0130ngiltere&#8217;nin g\u00f6r\u00fc\u015f birli\u011fi kaydettiklerini belirtirken, kar\u015f\u0131l\u0131kl\u0131 g\u00fcven ve sayg\u0131ya dayal\u0131 daimi ili\u015fkiler y\u00f6n\u00fcnde ilerlemenin iki \u00fclke \u00e7\u0131karlar\u0131na hizmet etti\u011fini s\u00f6yledi.<\/p>\n<p>\u0130ngiltere d\u0131\u015fi\u015fleri bakan\u0131 Hammond ise b\u00f6lgede etkin bir g\u00fc\u00e7 olmas\u0131 itibar\u0131yla \u00f6zellikle ter\u00f6rle m\u00fccadele ve daha ba\u015fka meselelerde \u00fclkesi ile \u0130ran aras\u0131ndaki i\u015fbirli\u011finin \u00f6nemine vurgu yapt\u0131.<\/p>\n<p>A.A. &#8211; M.M.<\/p>\n","protected":false},"excerpt":{"rendered":"<p>TAHRAN \u2013 \u0130ngiltere D\u0131\u015fi\u015fleri Bakan\u0131 Philip Hammond ile bug\u00fcn Tahran\u2019da bir araya gelen \u0130ran Milli G\u00fcvenlik Y\u00fcksek Konseyi Ba\u015fkan\u0131 Ali \u015eemahani; b\u00f6lgede ter\u00f6r ve radikalli\u011fe kar\u015f\u0131 m\u00fccadelede etkin bir azme ula\u015fmakla birlikte bu ba\u011flamda devletlerin egemenlik ve ba\u011f\u0131ms\u0131zl\u0131klar\u0131na sayg\u0131 duyulmas\u0131 gere\u011fini belirtti. \u015eemahani Suriye&#8217;de me\u015fru h\u00fck\u00fcmete muhalif cemaatlere s\u0131n\u0131rs\u0131z silah teminin b\u00f6lgede tehlikeli ter\u00f6r \u00f6rg\u00fctlerinin &hellip;<\/p>\n","protected":false},"author":1,"featured_media":44626,"comment_status":"closed","ping_status":"closed","sticky":false,"template":"","format":"standard","meta":{"footnotes":""},"categories":[458,459,447],"tags":[],"class_list":["post-44625","post","type-post","status-publish","format-standard","has-post-thumbnail","","category-dunya1","category-haberler-arap-uluslararasi-politika","category-politika"],"_links":{"self":[{"href":"https:\/\/archive.sana.sy\/tr\/index.php?rest_route=\/wp\/v2\/posts\/44625","targetHints":{"allow":["GET"]}}],"collection":[{"href":"https:\/\/archive.sana.sy\/tr\/index.php?rest_route=\/wp\/v2\/posts"}],"about":[{"href":"https:\/\/archive.sana.sy\/tr\/index.php?rest_route=\/wp\/v2\/types\/post"}],"author":[{"embeddable":true,"href":"https:\/\/archive.sana.sy\/tr\/index.php?rest_route=\/wp\/v2\/users\/1"}],"replies":[{"embeddable":true,"href":"https:\/\/archive.sana.sy\/tr\/index.php?rest_route=%2Fwp%2Fv2%2Fcomments&post=44625"}],"version-history":[{"count":0,"href":"https:\/\/archive.sana.sy\/tr\/index.php?rest_route=\/wp\/v2\/posts\/44625\/revisions"}],"wp:featuredmedia":[{"embeddable":true,"href":"https:\/\/archive.sana.sy\/tr\/index.php?rest_route=\/wp\/v2\/media\/44626"}],"wp:attachment":[{"href":"https:\/\/archive.sana.sy\/tr\/index.php?rest_route=%2Fwp%2Fv2%2Fmedia&parent=44625"}],"wp:term":[{"taxonomy":"category","embeddable":true,"href":"https:\/\/archive.sana.sy\/tr\/index.php?rest_route=%2Fwp%2Fv2%2Fcategories&post=44625"},{"taxonomy":"post_tag","embeddable":true,"href":"https:\/\/archive.sana.sy\/tr\/index.php?rest_route=%2Fwp%2Fv2%2Ftags&post=44625"}],"curies":[{"name":"wp","href":"https:\/\/api.w.org\/{rel}","templated":true}]}}