{"id":44628,"date":"2015-08-25T09:30:18","date_gmt":"2015-08-25T06:30:18","guid":{"rendered":"http:\/\/www.sana.sy\/tr\/?p=44628"},"modified":"2015-08-25T10:10:11","modified_gmt":"2015-08-25T07:10:11","slug":"cevre-cemiyetlerinin-faaliyetlerini-aktiflestirme-yontemleri-tartisildi","status":"publish","type":"post","link":"https:\/\/archive.sana.sy\/tr\/?p=44628","title":{"rendered":"\u00c7evre Cemiyetlerinin Faaliyetlerini Aktifle\u015ftirme Y\u00f6ntemleri Tart\u0131\u015f\u0131ld\u0131"},"content":{"rendered":"<p>\u015eAM \u2013 \u00c7evre \u0130\u015flerinden Sorumlu Devlet Bakan\u0131 ve Sosyal \u0130\u015flerden Sorumlu Devlet Bakan\u0131 d\u00fcn bir grup cemiyetle d\u00fczenledikleri toplant\u0131da s\u00f6z konusu cemiyetlerin \u00e7al\u0131\u015fmalar\u0131 s\u0131ras\u0131nda tak\u0131ld\u0131klar\u0131 idari zorluklar\u0131n giderilmesi ve \u00e7evreyi korumaya ili\u015fkin faaliyetlerin aktifle\u015ftirilmesi y\u00f6ntemlerini incelediler.<\/p>\n<p><a href=\"http:\/\/www.sana.sy\/tr\/?attachment_id=44630\" rel=\"attachment wp-att-44630\"><img loading=\"lazy\" decoding=\"async\" class=\" size-medium wp-image-44630 alignright\" src=\"http:\/\/www.sana.sy\/tr\/wp-content\/uploads\/2015\/08\/\u00e7evre-11-300x199.jpg\" alt=\"\u00e7evre 1\" width=\"300\" height=\"199\" srcset=\"https:\/\/archive.sana.sy\/tr\/wp-content\/uploads\/2015\/08\/\u00e7evre-11-300x199.jpg 300w, https:\/\/archive.sana.sy\/tr\/wp-content\/uploads\/2015\/08\/\u00e7evre-11-150x99.jpg 150w, https:\/\/archive.sana.sy\/tr\/wp-content\/uploads\/2015\/08\/\u00e7evre-11.jpg 350w\" sizes=\"auto, (max-width: 300px) 100vw, 300px\" \/><\/a>\u00c7evre \u0130\u015flerinden Sorumlu Devlet Bakan\u0131 Nazire Sarkis, \u00e7evre cemiyetlerinin faaliyetlerinin aktifle\u015ftirilmesinin \u00f6nemine dikkat \u00e7ekerek tabiat\u0131n korunmas\u0131, \u00e7evre sa\u011fl\u0131\u011f\u0131 ve kaynaklar\u0131n\u0131n himaye edilmesi i\u00e7in toplumsal bilin\u00e7 olu\u015fturulmas\u0131 gerekti\u011fini belirtti.<\/p>\n<p>Di\u011fer taraftan \u00e7evrenin korunmas\u0131 k\u00fclt\u00fcr\u00fc olu\u015fturulmas\u0131 alan\u0131nda \u00e7evreyle ilgili cemiyetlerin rol\u00fcn\u00fcn aktifle\u015ftirilmesi gerekti\u011fini dile getiren Sosyal \u0130\u015flerden Sorumlu Devlet Bakan\u0131 Rima el Kadiri, bu cemiyetlerin faaliyetlerini kolayla\u015ft\u0131rman\u0131n ve desteklemenin \u00f6nemini vurgulad\u0131.<\/p>\n<p>F.B. &#8211; R.H.<\/p>\n","protected":false},"excerpt":{"rendered":"<p>\u015eAM \u2013 \u00c7evre \u0130\u015flerinden Sorumlu Devlet Bakan\u0131 ve Sosyal \u0130\u015flerden Sorumlu Devlet Bakan\u0131 d\u00fcn bir grup cemiyetle d\u00fczenledikleri toplant\u0131da s\u00f6z konusu cemiyetlerin \u00e7al\u0131\u015fmalar\u0131 s\u0131ras\u0131nda tak\u0131ld\u0131klar\u0131 idari zorluklar\u0131n giderilmesi ve \u00e7evreyi korumaya ili\u015fkin faaliyetlerin aktifle\u015ftirilmesi y\u00f6ntemlerini incelediler. \u00c7evre \u0130\u015flerinden Sorumlu Devlet Bakan\u0131 Nazire Sarkis, \u00e7evre cemiyetlerinin faaliyetlerinin aktifle\u015ftirilmesinin \u00f6nemine dikkat \u00e7ekerek tabiat\u0131n korunmas\u0131, \u00e7evre sa\u011fl\u0131\u011f\u0131 ve &hellip;<\/p>\n","protected":false},"author":1,"featured_media":44629,"comment_status":"closed","ping_status":"closed","sticky":false,"template":"","format":"standard","meta":{"footnotes":""},"categories":[479,478],"tags":[],"class_list":["post-44628","post","type-post","status-publish","format-standard","has-post-thumbnail","","category-haberler-yerel","category-yerel"],"_links":{"self":[{"href":"https:\/\/archive.sana.sy\/tr\/index.php?rest_route=\/wp\/v2\/posts\/44628","targetHints":{"allow":["GET"]}}],"collection":[{"href":"https:\/\/archive.sana.sy\/tr\/index.php?rest_route=\/wp\/v2\/posts"}],"about":[{"href":"https:\/\/archive.sana.sy\/tr\/index.php?rest_route=\/wp\/v2\/types\/post"}],"author":[{"embeddable":true,"href":"https:\/\/archive.sana.sy\/tr\/index.php?rest_route=\/wp\/v2\/users\/1"}],"replies":[{"embeddable":true,"href":"https:\/\/archive.sana.sy\/tr\/index.php?rest_route=%2Fwp%2Fv2%2Fcomments&post=44628"}],"version-history":[{"count":0,"href":"https:\/\/archive.sana.sy\/tr\/index.php?rest_route=\/wp\/v2\/posts\/44628\/revisions"}],"wp:featuredmedia":[{"embeddable":true,"href":"https:\/\/archive.sana.sy\/tr\/index.php?rest_route=\/wp\/v2\/media\/44629"}],"wp:attachment":[{"href":"https:\/\/archive.sana.sy\/tr\/index.php?rest_route=%2Fwp%2Fv2%2Fmedia&parent=44628"}],"wp:term":[{"taxonomy":"category","embeddable":true,"href":"https:\/\/archive.sana.sy\/tr\/index.php?rest_route=%2Fwp%2Fv2%2Fcategories&post=44628"},{"taxonomy":"post_tag","embeddable":true,"href":"https:\/\/archive.sana.sy\/tr\/index.php?rest_route=%2Fwp%2Fv2%2Ftags&post=44628"}],"curies":[{"name":"wp","href":"https:\/\/api.w.org\/{rel}","templated":true}]}}