{"id":44640,"date":"2015-08-25T10:45:07","date_gmt":"2015-08-25T07:45:07","guid":{"rendered":"http:\/\/www.sana.sy\/tr\/?p=44640"},"modified":"2015-08-25T13:51:20","modified_gmt":"2015-08-25T10:51:20","slug":"kadinin-bilinclendirilmesi-ve-guclendirilmesi-yontemleri-tartisildi","status":"publish","type":"post","link":"https:\/\/archive.sana.sy\/tr\/?p=44640","title":{"rendered":"Kad\u0131n\u0131n Bilin\u00e7lendirilmesi ve G\u00fc\u00e7lendirilmesi Y\u00f6ntemleri Tart\u0131\u015f\u0131ld\u0131"},"content":{"rendered":"<p>\u015eAM \u2013 Suriye Aile Kurumu\u2019nun d\u00fcn d\u00fczenledi\u011fi Aile ve N\u00fcfus ba\u015fl\u0131kl\u0131 \u00e7al\u0131\u015ftay kat\u0131l\u0131mc\u0131lar\u0131, 2014 sonras\u0131 ile ilgili Kahire konferans\u0131 sonu\u00e7lar\u0131 \u0131\u015f\u0131\u011f\u0131nda kad\u0131n \u00e7al\u0131\u015fmalar\u0131nda \u00f6ncelikli konular\u0131 tart\u0131\u015ft\u0131lar.<\/p>\n<p>BM N\u00fcfus Fonu ile i\u015fbirli\u011fi i\u00e7erisinde d\u00fczenlenen forumda ayr\u0131ca, toplumun en temel unsurlar\u0131ndan biri olmas\u0131 itibariyle kad\u0131n\u0131 g\u00fc\u00e7lendirme ve bilin\u00e7lendirme kampanyalar\u0131 d\u00fczenleme gerekli\u011fi ifade edilerek \u00fclkede ya\u015fanmakta olan kriz s\u00fcrecinde ortaya \u00e7\u0131kan toplumsal \u015fiddet ve bu \u015fiddetin kad\u0131n ma\u011fdurlar\u0131n\u0131 koruma y\u00f6ntemleri tart\u0131\u015f\u0131ld\u0131.<\/p>\n<p>Toplumsal ve k\u00f6kl\u00fc gelenek g\u00f6reneklere odaklanman\u0131n \u00f6nemine i\u015faret edilen \u00e7al\u0131\u015ftayda, kad\u0131n ile ilgili gelenek ve g\u00f6reneklerin incelenmesi ve kad\u0131n haklar\u0131n\u0131 korumaya ili\u015fkin yasal d\u00fczenlemelerin getirilmesi gere\u011fi vurguland\u0131.<\/p>\n<div id='gallery-1' class='gallery galleryid-44640 gallery-columns-2 gallery-size-medium'><figure class='gallery-item'>\n\t\t\t<div class='gallery-icon landscape'>\n\t\t\t\t<a href='https:\/\/archive.sana.sy\/tr\/wp-content\/uploads\/2015\/08\/Kad\u0131nlar-2.jpg'><img loading=\"lazy\" decoding=\"async\" width=\"300\" height=\"201\" src=\"https:\/\/archive.sana.sy\/tr\/wp-content\/uploads\/2015\/08\/Kad\u0131nlar-2-300x201.jpg\" class=\"attachment-medium size-medium\" alt=\"\" srcset=\"https:\/\/archive.sana.sy\/tr\/wp-content\/uploads\/2015\/08\/Kad\u0131nlar-2-300x201.jpg 300w, https:\/\/archive.sana.sy\/tr\/wp-content\/uploads\/2015\/08\/Kad\u0131nlar-2-150x101.jpg 150w, https:\/\/archive.sana.sy\/tr\/wp-content\/uploads\/2015\/08\/Kad\u0131nlar-2.jpg 500w\" sizes=\"auto, (max-width: 300px) 100vw, 300px\" \/><\/a>\n\t\t\t<\/div><\/figure><figure class='gallery-item'>\n\t\t\t<div class='gallery-icon landscape'>\n\t\t\t\t<a href='https:\/\/archive.sana.sy\/tr\/wp-content\/uploads\/2015\/08\/Kad\u0131nlar-3.jpg'><img loading=\"lazy\" decoding=\"async\" width=\"300\" height=\"160\" src=\"https:\/\/archive.sana.sy\/tr\/wp-content\/uploads\/2015\/08\/Kad\u0131nlar-3-300x160.jpg\" class=\"attachment-medium size-medium\" alt=\"\" srcset=\"https:\/\/archive.sana.sy\/tr\/wp-content\/uploads\/2015\/08\/Kad\u0131nlar-3-300x160.jpg 300w, https:\/\/archive.sana.sy\/tr\/wp-content\/uploads\/2015\/08\/Kad\u0131nlar-3-150x80.jpg 150w, https:\/\/archive.sana.sy\/tr\/wp-content\/uploads\/2015\/08\/Kad\u0131nlar-3.jpg 620w\" sizes=\"auto, (max-width: 300px) 100vw, 300px\" \/><\/a>\n\t\t\t<\/div><\/figure>\n\t\t<\/div>\n\n<p>F.B. &#8211; R.H.<\/p>\n","protected":false},"excerpt":{"rendered":"<p>\u015eAM \u2013 Suriye Aile Kurumu\u2019nun d\u00fcn d\u00fczenledi\u011fi Aile ve N\u00fcfus ba\u015fl\u0131kl\u0131 \u00e7al\u0131\u015ftay kat\u0131l\u0131mc\u0131lar\u0131, 2014 sonras\u0131 ile ilgili Kahire konferans\u0131 sonu\u00e7lar\u0131 \u0131\u015f\u0131\u011f\u0131nda kad\u0131n \u00e7al\u0131\u015fmalar\u0131nda \u00f6ncelikli konular\u0131 tart\u0131\u015ft\u0131lar. BM N\u00fcfus Fonu ile i\u015fbirli\u011fi i\u00e7erisinde d\u00fczenlenen forumda ayr\u0131ca, toplumun en temel unsurlar\u0131ndan biri olmas\u0131 itibariyle kad\u0131n\u0131 g\u00fc\u00e7lendirme ve bilin\u00e7lendirme kampanyalar\u0131 d\u00fczenleme gerekli\u011fi ifade edilerek \u00fclkede ya\u015fanmakta olan kriz &hellip;<\/p>\n","protected":false},"author":1,"featured_media":44643,"comment_status":"closed","ping_status":"closed","sticky":false,"template":"","format":"standard","meta":{"footnotes":""},"categories":[526,479,525,478],"tags":[16380,16379],"class_list":["post-44640","post","type-post","status-publish","format-standard","has-post-thumbnail","","category-haber-ve-raporlar","category-haberler-yerel","category-toplum","category-yerel","tag-2014-sonrasi-ile-ilgili-kahire-konferansi-sonuclari-isiginda-kadin-calismalarinda-oncelikli-konulari-tartistilar","tag-kadinin-bilinclendirilmesi-ve-guclendirilmesi-yontemleri-tartisildi-sam-suriye-aile-kurumunun-dun-duzenledigi-aile-ve-nufus-baslikli-calistay-katilimcilari"],"_links":{"self":[{"href":"https:\/\/archive.sana.sy\/tr\/index.php?rest_route=\/wp\/v2\/posts\/44640","targetHints":{"allow":["GET"]}}],"collection":[{"href":"https:\/\/archive.sana.sy\/tr\/index.php?rest_route=\/wp\/v2\/posts"}],"about":[{"href":"https:\/\/archive.sana.sy\/tr\/index.php?rest_route=\/wp\/v2\/types\/post"}],"author":[{"embeddable":true,"href":"https:\/\/archive.sana.sy\/tr\/index.php?rest_route=\/wp\/v2\/users\/1"}],"replies":[{"embeddable":true,"href":"https:\/\/archive.sana.sy\/tr\/index.php?rest_route=%2Fwp%2Fv2%2Fcomments&post=44640"}],"version-history":[{"count":0,"href":"https:\/\/archive.sana.sy\/tr\/index.php?rest_route=\/wp\/v2\/posts\/44640\/revisions"}],"wp:featuredmedia":[{"embeddable":true,"href":"https:\/\/archive.sana.sy\/tr\/index.php?rest_route=\/wp\/v2\/media\/44643"}],"wp:attachment":[{"href":"https:\/\/archive.sana.sy\/tr\/index.php?rest_route=%2Fwp%2Fv2%2Fmedia&parent=44640"}],"wp:term":[{"taxonomy":"category","embeddable":true,"href":"https:\/\/archive.sana.sy\/tr\/index.php?rest_route=%2Fwp%2Fv2%2Fcategories&post=44640"},{"taxonomy":"post_tag","embeddable":true,"href":"https:\/\/archive.sana.sy\/tr\/index.php?rest_route=%2Fwp%2Fv2%2Ftags&post=44640"}],"curies":[{"name":"wp","href":"https:\/\/api.w.org\/{rel}","templated":true}]}}