{"id":44645,"date":"2015-08-25T11:13:19","date_gmt":"2015-08-25T08:13:19","guid":{"rendered":"http:\/\/www.sana.sy\/tr\/?p=44645"},"modified":"2015-08-25T11:13:19","modified_gmt":"2015-08-25T08:13:19","slug":"sear-suriye-halki-ve-ordusuyla-nihai-zafere-kadar-direnecek","status":"publish","type":"post","link":"https:\/\/archive.sana.sy\/tr\/?p=44645","title":{"rendered":"\u015eear: Suriye Halk\u0131 ve Ordusuyla Nihai Zafere Kadar Direnecek"},"content":{"rendered":"<p>\u015eAM \u2013 \u0130\u00e7i\u015fleri Bakan\u0131 Muhammed el \u015eear, ABD ve Siyonist olu\u015fumun plan ve projeleri kapsam\u0131nda Suriye&#8217;nin maruz kald\u0131\u011f\u0131 vah\u015fi ve barbar sava\u015f\u0131n Suriye halk\u0131n\u0131 ve topraklar\u0131n\u0131 par\u00e7alayarak devleti y\u0131kmay\u0131 ama\u00e7lad\u0131\u011f\u0131n\u0131 dile getirdi.<\/p>\n<p><a href=\"http:\/\/www.sana.sy\/tr\/?attachment_id=44647\" rel=\"attachment wp-att-44647\"><img loading=\"lazy\" decoding=\"async\" class=\" size-medium wp-image-44647 alignright\" src=\"http:\/\/www.sana.sy\/tr\/wp-content\/uploads\/2015\/08\/\u015fear-2-300x201.jpg\" alt=\"\u015fear 2\" width=\"300\" height=\"201\" srcset=\"https:\/\/archive.sana.sy\/tr\/wp-content\/uploads\/2015\/08\/\u015fear-2-300x201.jpg 300w, https:\/\/archive.sana.sy\/tr\/wp-content\/uploads\/2015\/08\/\u015fear-2-150x100.jpg 150w, https:\/\/archive.sana.sy\/tr\/wp-content\/uploads\/2015\/08\/\u015fear-2.jpg 350w\" sizes=\"auto, (max-width: 300px) 100vw, 300px\" \/><\/a>D\u00fcn Emniyet M\u00fcd\u00fcrleri ve Asayi\u015f \u015eube Komiserleri ile bir toplant\u0131 d\u00fczenleyen \u015eear; Suriye&#8217;nin halk\u0131 ve ordusuyla direni\u015finin nihai zafere kadar s\u00fcrece\u011finin alt\u0131n\u0131 \u00e7izerek su\u00e7la m\u00fccadele ve asayi\u015f g\u00fc\u00e7lerinin bu direni\u015fin temel unsurlar\u0131 aras\u0131nda yer ald\u0131\u011f\u0131n\u0131 ibraz etti.<\/p>\n<p>Vatana ba\u011fl\u0131l\u0131k bilincinin g\u00fc\u00e7lendirilmesi ve devlet otoritesinin korunmas\u0131n\u0131n \u00f6nemine dikkat \u00e7eken \u015eear, g\u00f6revini lay\u0131k\u0131yla yerine getiren, su\u00e7la m\u00fccadele ve asayi\u015f g\u00f6revinde ba\u015far\u0131 sa\u011flayan herkesin hakketti\u011fi m\u00fckafata ula\u015faca\u011f\u0131n\u0131 vurgulad\u0131.<\/p>\n<p>F.B. &#8211; R.H.<\/p>\n","protected":false},"excerpt":{"rendered":"<p>\u015eAM \u2013 \u0130\u00e7i\u015fleri Bakan\u0131 Muhammed el \u015eear, ABD ve Siyonist olu\u015fumun plan ve projeleri kapsam\u0131nda Suriye&#8217;nin maruz kald\u0131\u011f\u0131 vah\u015fi ve barbar sava\u015f\u0131n Suriye halk\u0131n\u0131 ve topraklar\u0131n\u0131 par\u00e7alayarak devleti y\u0131kmay\u0131 ama\u00e7lad\u0131\u011f\u0131n\u0131 dile getirdi. D\u00fcn Emniyet M\u00fcd\u00fcrleri ve Asayi\u015f \u015eube Komiserleri ile bir toplant\u0131 d\u00fczenleyen \u015eear; Suriye&#8217;nin halk\u0131 ve ordusuyla direni\u015finin nihai zafere kadar s\u00fcrece\u011finin alt\u0131n\u0131 \u00e7izerek &hellip;<\/p>\n","protected":false},"author":1,"featured_media":44646,"comment_status":"closed","ping_status":"closed","sticky":false,"template":"","format":"standard","meta":{"footnotes":""},"categories":[479,478],"tags":[16382,16381],"class_list":["post-44645","post","type-post","status-publish","format-standard","has-post-thumbnail","","category-haberler-yerel","category-yerel","tag-abd-ve-siyonist-olusumun-plan-ve-projeleri-kapsaminda-suriyenin-maruz-kaldigi-vahsi-ve-barbar-savasin-suriye-halkini-ve-topraklarini-parcalayarak-devleti-yikmayi-amacladigini-dile-getirdi","tag-sear-suriye-halki-ve-ordusuyla-nihai-zafere-kadar-direnecek-sam-icisleri-bakani-muhammed-el-sear"],"_links":{"self":[{"href":"https:\/\/archive.sana.sy\/tr\/index.php?rest_route=\/wp\/v2\/posts\/44645","targetHints":{"allow":["GET"]}}],"collection":[{"href":"https:\/\/archive.sana.sy\/tr\/index.php?rest_route=\/wp\/v2\/posts"}],"about":[{"href":"https:\/\/archive.sana.sy\/tr\/index.php?rest_route=\/wp\/v2\/types\/post"}],"author":[{"embeddable":true,"href":"https:\/\/archive.sana.sy\/tr\/index.php?rest_route=\/wp\/v2\/users\/1"}],"replies":[{"embeddable":true,"href":"https:\/\/archive.sana.sy\/tr\/index.php?rest_route=%2Fwp%2Fv2%2Fcomments&post=44645"}],"version-history":[{"count":0,"href":"https:\/\/archive.sana.sy\/tr\/index.php?rest_route=\/wp\/v2\/posts\/44645\/revisions"}],"wp:featuredmedia":[{"embeddable":true,"href":"https:\/\/archive.sana.sy\/tr\/index.php?rest_route=\/wp\/v2\/media\/44646"}],"wp:attachment":[{"href":"https:\/\/archive.sana.sy\/tr\/index.php?rest_route=%2Fwp%2Fv2%2Fmedia&parent=44645"}],"wp:term":[{"taxonomy":"category","embeddable":true,"href":"https:\/\/archive.sana.sy\/tr\/index.php?rest_route=%2Fwp%2Fv2%2Fcategories&post=44645"},{"taxonomy":"post_tag","embeddable":true,"href":"https:\/\/archive.sana.sy\/tr\/index.php?rest_route=%2Fwp%2Fv2%2Ftags&post=44645"}],"curies":[{"name":"wp","href":"https:\/\/api.w.org\/{rel}","templated":true}]}}