{"id":44671,"date":"2015-08-25T16:32:05","date_gmt":"2015-08-25T13:32:05","guid":{"rendered":"http:\/\/sana.sy\/tr\/?p=44671"},"modified":"2015-08-26T14:22:18","modified_gmt":"2015-08-26T11:22:18","slug":"halk-mesrulugundan-tecrit-edilmis-fransa-baskani-vaazlarini-kendine-saklamalidir","status":"publish","type":"post","link":"https:\/\/archive.sana.sy\/tr\/?p=44671","title":{"rendered":"Halk Me\u015frulu\u011fundan Tecrit Edilmi\u015f Fransa Ba\u015fkan\u0131 Vaazlar\u0131n\u0131 Kendine Saklamal\u0131d\u0131r"},"content":{"rendered":"<p>\u015eAM \u2013 Suriye Arap Cumhuriyeti Fransa devlet ba\u015fkan\u0131 Fransuva Hollande\u2019nin Suriye&#8217;de mevcut durumlara ili\u015fki yapt\u0131\u011f\u0131 ve Suriye&#8217;nin i\u00e7i\u015flerine a\u00e7\u0131k bir m\u00fcdahale niteli\u011fi ta\u015f\u0131yan a\u00e7\u0131klamalar\u0131n\u0131 keskin bir dille k\u0131nad\u0131.<\/p>\n<p>D\u0131\u015fi\u015fleri ve Gurbet\u00e7iler Bakanl\u0131\u011f\u0131nda yetkili bir kaynak bug\u00fcn SANA\u2019ya yapt\u0131\u011f\u0131 a\u00e7\u0131klamada; halk me\u015frulu\u011fundan tecrit edilen ve t\u00fcm politikalar\u0131nda ba\u015far\u0131s\u0131zl\u0131k sorunu ya\u015fayan Fransa devlet ba\u015fkan\u0131n\u0131n, Fransa\u2019n\u0131n d\u00fcnya kamuoyunda kalan mekan\u0131n\u0131 korumak i\u00e7in vaazlar\u0131n\u0131 kendine saklamas\u0131 ve bunlardan ders almas\u0131 gerekti\u011fini ifade etti. Kaynak Hollande\u2019nin Frans\u0131z b\u00fcy\u00fckel\u00e7ilerinin Paris\u2019te d\u00fczenledikleri konferansta yapt\u0131\u011f\u0131 a\u00e7\u0131klamalar\u0131n; Suriye&#8217;de masum halk\u0131n kanlar\u0131n\u0131n ak\u0131t\u0131lmas\u0131nda Frans\u0131z rejimin rol\u00fcne ve ter\u00f6re deste\u011fine bir kan\u0131t te\u015fkil etti\u011fini, deste\u011fini de s\u00fcrd\u00fcrd\u00fc\u011f\u00fcn\u00fc ortaya koydu\u011funu s\u00f6yledi.<\/p>\n<p>Fransa tarihinde en az halk taban\u0131 ve deste\u011fine sahip Hollande\u2019nin bu a\u00e7\u0131klamalar\u0131n\u0131n halklar\u0131n iradesini ve karar\u0131n\u0131 gasp etmeyi kendine caiz k\u0131lan s\u00f6m\u00fcr\u00fc ve hegemonya d\u00fc\u015f\u00fcncesinden t\u00fcremi\u015f oldu\u011funa dikkat \u00e7eken kaynak; Fransa h\u00fck\u00fcmetinin ilke ve tutumlar\u0131n\u0131 ucuz petrol k\u00f6leli\u011fi pazar\u0131nda bedavaya satt\u0131\u011f\u0131na i\u015faret etti. Kaynak Fransa h\u00fck\u00fcmetinin Suriye halk\u0131na d\u00fc\u015fmanc\u0131 bu tutumlar\u0131n\u0131 s\u00fcrd\u00fcrd\u00fc\u011f\u00fc s\u00fcrece siyasi \u00e7\u00f6z\u00fcmde Suriye&#8217;nin Frans\u0131z rol\u00fcn\u00fc kabul etmesinin m\u00fcmk\u00fcn olmad\u0131\u011f\u0131n\u0131 s\u00f6yledi.<\/p>\n<p>Kaynak a\u00e7\u0131klamas\u0131n\u0131n sonunda Suriye halk\u0131n\u0131n g\u00fcn\u00fcm\u00fczde her zamandan daha \u00e7ok ter\u00f6r \u00f6rg\u00fctleri ve destek\u00e7ilerinin ger\u00e7e\u011fini idrak etmi\u015f durumda oldu\u011funu, ulusal egemenlik ve onura da yine her zamandan daha \u00e7ok tutunma azminde oldu\u011funun alt\u0131n\u0131 \u00e7izdi.<\/p>\n<p>A.A. &#8211; M.M.<\/p>\n","protected":false},"excerpt":{"rendered":"<p>\u015eAM \u2013 Suriye Arap Cumhuriyeti Fransa devlet ba\u015fkan\u0131 Fransuva Hollande\u2019nin Suriye&#8217;de mevcut durumlara ili\u015fki yapt\u0131\u011f\u0131 ve Suriye&#8217;nin i\u00e7i\u015flerine a\u00e7\u0131k bir m\u00fcdahale niteli\u011fi ta\u015f\u0131yan a\u00e7\u0131klamalar\u0131n\u0131 keskin bir dille k\u0131nad\u0131. D\u0131\u015fi\u015fleri ve Gurbet\u00e7iler Bakanl\u0131\u011f\u0131nda yetkili bir kaynak bug\u00fcn SANA\u2019ya yapt\u0131\u011f\u0131 a\u00e7\u0131klamada; halk me\u015frulu\u011fundan tecrit edilen ve t\u00fcm politikalar\u0131nda ba\u015far\u0131s\u0131zl\u0131k sorunu ya\u015fayan Fransa devlet ba\u015fkan\u0131n\u0131n, Fransa\u2019n\u0131n d\u00fcnya kamuoyunda &hellip;<\/p>\n","protected":false},"author":1,"featured_media":35220,"comment_status":"closed","ping_status":"closed","sticky":false,"template":"","format":"standard","meta":{"footnotes":""},"categories":[479,478],"tags":[],"class_list":["post-44671","post","type-post","status-publish","format-standard","has-post-thumbnail","","category-haberler-yerel","category-yerel"],"_links":{"self":[{"href":"https:\/\/archive.sana.sy\/tr\/index.php?rest_route=\/wp\/v2\/posts\/44671","targetHints":{"allow":["GET"]}}],"collection":[{"href":"https:\/\/archive.sana.sy\/tr\/index.php?rest_route=\/wp\/v2\/posts"}],"about":[{"href":"https:\/\/archive.sana.sy\/tr\/index.php?rest_route=\/wp\/v2\/types\/post"}],"author":[{"embeddable":true,"href":"https:\/\/archive.sana.sy\/tr\/index.php?rest_route=\/wp\/v2\/users\/1"}],"replies":[{"embeddable":true,"href":"https:\/\/archive.sana.sy\/tr\/index.php?rest_route=%2Fwp%2Fv2%2Fcomments&post=44671"}],"version-history":[{"count":0,"href":"https:\/\/archive.sana.sy\/tr\/index.php?rest_route=\/wp\/v2\/posts\/44671\/revisions"}],"wp:featuredmedia":[{"embeddable":true,"href":"https:\/\/archive.sana.sy\/tr\/index.php?rest_route=\/wp\/v2\/media\/35220"}],"wp:attachment":[{"href":"https:\/\/archive.sana.sy\/tr\/index.php?rest_route=%2Fwp%2Fv2%2Fmedia&parent=44671"}],"wp:term":[{"taxonomy":"category","embeddable":true,"href":"https:\/\/archive.sana.sy\/tr\/index.php?rest_route=%2Fwp%2Fv2%2Fcategories&post=44671"},{"taxonomy":"post_tag","embeddable":true,"href":"https:\/\/archive.sana.sy\/tr\/index.php?rest_route=%2Fwp%2Fv2%2Ftags&post=44671"}],"curies":[{"name":"wp","href":"https:\/\/api.w.org\/{rel}","templated":true}]}}