{"id":4469,"date":"2014-07-03T10:16:53","date_gmt":"2014-07-03T07:16:53","guid":{"rendered":"http:\/\/www.sana.sy\/tr\/?p=4469"},"modified":"2014-07-03T10:57:51","modified_gmt":"2014-07-03T07:57:51","slug":"suriye-ve-iraktaki-krizin-sebebi-hatali-politikadir","status":"publish","type":"post","link":"https:\/\/archive.sana.sy\/tr\/?p=4469","title":{"rendered":"Suriye ve Irak\u2019taki Krizin Sebebi Hatal\u0131 Politikad\u0131r"},"content":{"rendered":"<p><span>TAHRAN &#8211;<\/span> \u0130ran D\u0131\u015fi\u015fleri Bakan\u0131n\u0131n Ortado\u011fu ve Afrika \u0130\u015flerinden Sorumlu Yard\u0131mc\u0131s\u0131 H\u00fcseyin Emir Abd\u00fcllehyan, Suriye ve Irak\u2019\u0131n ge\u00e7ti\u011fi kriz ile bu b\u00f6lgede yay\u0131lan ter\u00f6r\u00fcn b\u00f6lgesel ve uluslararas\u0131 baz\u0131 \u00fclkelerin hatal\u0131 politikalar\u0131ndan do\u011fdu\u011funu belirtti.<\/p>\n<p>Abd\u00fcllehyan Tahran\u2019da \u0130rlanda D\u0131\u015fi\u015fleri Bakan Yard\u0131mc\u0131s\u0131 Pery Robinson ile g\u00f6r\u00fc\u015fmesinde baz\u0131 \u00fclkelerin hatal\u0131 politikalar\u0131n\u0131n b\u00f6lge ve d\u00fcnya g\u00fcvenli\u011fini b\u00fcy\u00fck zarara u\u011fratt\u0131\u011f\u0131n\u0131 a\u00e7\u0131\u0131klad\u0131.<\/p>\n<p>Abd\u00fcllehyan, baz\u0131 \u00fclkelerin radikalizm ve ter\u00f6r\u00fc siyasi rejimleri de\u011fi\u015ftirme edat\u0131 olarak kullanmalar\u0131 yolunun b\u00fcy\u00fck felaket b\u00f6lge ve d\u00fcnyada da istikrars\u0131zl\u0131k unsuru oldu\u011funu belirtti.<\/p>\n<p>Abd\u00fcllehyan, ter\u00f6r fenomeninin b\u00f6lgeyle s\u0131n\u0131rl\u0131 kalmayaca\u011f\u0131ndan uyararak ter\u00f6r ve radikalizm ile m\u00fccadelede ciddi icraatlar al\u0131nmas\u0131na \u00e7a\u011fr\u0131 yapt\u0131.<\/p>\n<p>Kendi y\u00f6n\u00fcnden Robinson, \u00fclkesinin Suriye\u2019de siyasi \u00e7\u00f6z\u00fcm\u00fc destekledi\u011fini, silah g\u00f6nderilmesine de kar\u015f\u0131 \u00e7\u0131kt\u0131\u011f\u0131n\u0131 belirterek ter\u00f6rle m\u00fccadele ve Irak\u2019ta demokrasi y\u00fcr\u00fcy\u00fc\u015f\u00fcn\u00fc destekleme zorunlulu\u011funa i\u015faret etti.<\/p>\n<p>Robinson, b\u00f6lgede radikalizm ve ter\u00f6r\u00fcn yay\u0131lmas\u0131n\u0131n herkesin ortak korkusu oldu\u011funa dikkat \u00e7ekti.<\/p>\n<p>Her iki taraf ayr\u0131ca, ikili ili\u015fkiler ve b\u00f6lgesel konular\u0131 da masaya yat\u0131rd\u0131.<\/p>\n<p>Sermedi: Suriye\u2019ye Kar\u015f\u0131 B\u00fct\u00fcn Enerjilerini Kullananlar Stratejik Hatalar\u0131n\u0131 Anlad\u0131lar<\/p>\n<p><a href=\"http:\/\/www.sana.sy\/tr\/wp-content\/uploads\/2014\/07\/sermedi.jpg\"><img loading=\"lazy\" decoding=\"async\" class=\"alignright wp-image-4474 size-full\" src=\"http:\/\/www.sana.sy\/tr\/wp-content\/uploads\/2014\/07\/sermedi.jpg\" alt=\"sermedi\" width=\"187\" height=\"203\" srcset=\"https:\/\/archive.sana.sy\/tr\/wp-content\/uploads\/2014\/07\/sermedi.jpg 187w, https:\/\/archive.sana.sy\/tr\/wp-content\/uploads\/2014\/07\/sermedi-138x150.jpg 138w\" sizes=\"auto, (max-width: 187px) 100vw, 187px\" \/><\/a>\u00d6te yandan \u0130ran D\u0131\u015fi\u015fleri Bakanl\u0131\u011f\u0131 Vekili Murtaza Sermedi, Suriye h\u00fck\u00fcmetini d\u00fc\u015f\u00fcrmek i\u00e7in siyasi, ekonomik ve silahland\u0131rma edatlar\u0131 ve b\u00fct\u00fcn enerjisini dolduran b\u00f6lgesel ve uluslararas\u0131 \u00fclkelerin bug\u00fcn krizin \u00fczerinden 3 y\u0131ldan fazla bir zaman ge\u00e7mesi ard\u0131ndan stratejik hatas\u0131n\u0131 itiraf etti\u011fini ve Suriye\u2019deki kriz i\u00e7in askeri \u00e7\u00f6z\u00fcm\u00fcn olmayaca\u011f\u0131n\u0131 itiraf ettiklerini belirtti.<\/p>\n<p>\u0130RNA Sermedi\u2019nin \u0130rlanda D\u0131\u015fi\u015fleri Bakan Yard\u0131mc\u0131s\u0131 Pery Robinson ile g\u00f6r\u00fc\u015fmesindeki s\u00f6zlerinden naklen, b\u00f6lgede \u015fiddeti k\u00f6r\u00fcklemek ve planlar\u0131n\u0131 uygulamak i\u00e7in b\u00fcy\u00fck paralar harcayan \u00fclkelerin Suriye ve Irak\u2019tan kendilerine ter\u00f6ristlerin d\u00f6n\u00fc\u015f\u00fcne tan\u0131k olacaklar\u0131n\u0131 ve g\u00fcvenliklerinin tehlikeye maruz kalaca\u011f\u0131n\u0131 g\u00f6receklerine tan\u0131k olacaklar\u0131n\u0131 belirtti.<\/p>\n","protected":false},"excerpt":{"rendered":"<p>TAHRAN &#8211; \u0130ran D\u0131\u015fi\u015fleri Bakan\u0131n\u0131n Ortado\u011fu ve Afrika \u0130\u015flerinden Sorumlu Yard\u0131mc\u0131s\u0131 H\u00fcseyin Emir Abd\u00fcllehyan, Suriye ve Irak\u2019\u0131n ge\u00e7ti\u011fi kriz ile bu b\u00f6lgede yay\u0131lan ter\u00f6r\u00fcn b\u00f6lgesel ve uluslararas\u0131 baz\u0131 \u00fclkelerin hatal\u0131 politikalar\u0131ndan do\u011fdu\u011funu belirtti. Abd\u00fcllehyan Tahran\u2019da \u0130rlanda D\u0131\u015fi\u015fleri Bakan Yard\u0131mc\u0131s\u0131 Pery Robinson ile g\u00f6r\u00fc\u015fmesinde baz\u0131 \u00fclkelerin hatal\u0131 politikalar\u0131n\u0131n b\u00f6lge ve d\u00fcnya g\u00fcvenli\u011fini b\u00fcy\u00fck zarara u\u011fratt\u0131\u011f\u0131n\u0131 a\u00e7\u0131\u0131klad\u0131. &hellip;<\/p>\n","protected":false},"author":1,"featured_media":4470,"comment_status":"closed","ping_status":"closed","sticky":false,"template":"","format":"standard","meta":{"footnotes":""},"categories":[458,459,447],"tags":[974],"class_list":["post-4469","post","type-post","status-publish","format-standard","has-post-thumbnail","","category-dunya1","category-haberler-arap-uluslararasi-politika","category-politika","tag-suriye-ve-iraktaki-krizin-sebebi-hatali-politikadir"],"_links":{"self":[{"href":"https:\/\/archive.sana.sy\/tr\/index.php?rest_route=\/wp\/v2\/posts\/4469","targetHints":{"allow":["GET"]}}],"collection":[{"href":"https:\/\/archive.sana.sy\/tr\/index.php?rest_route=\/wp\/v2\/posts"}],"about":[{"href":"https:\/\/archive.sana.sy\/tr\/index.php?rest_route=\/wp\/v2\/types\/post"}],"author":[{"embeddable":true,"href":"https:\/\/archive.sana.sy\/tr\/index.php?rest_route=\/wp\/v2\/users\/1"}],"replies":[{"embeddable":true,"href":"https:\/\/archive.sana.sy\/tr\/index.php?rest_route=%2Fwp%2Fv2%2Fcomments&post=4469"}],"version-history":[{"count":0,"href":"https:\/\/archive.sana.sy\/tr\/index.php?rest_route=\/wp\/v2\/posts\/4469\/revisions"}],"wp:featuredmedia":[{"embeddable":true,"href":"https:\/\/archive.sana.sy\/tr\/index.php?rest_route=\/wp\/v2\/media\/4470"}],"wp:attachment":[{"href":"https:\/\/archive.sana.sy\/tr\/index.php?rest_route=%2Fwp%2Fv2%2Fmedia&parent=4469"}],"wp:term":[{"taxonomy":"category","embeddable":true,"href":"https:\/\/archive.sana.sy\/tr\/index.php?rest_route=%2Fwp%2Fv2%2Fcategories&post=4469"},{"taxonomy":"post_tag","embeddable":true,"href":"https:\/\/archive.sana.sy\/tr\/index.php?rest_route=%2Fwp%2Fv2%2Ftags&post=4469"}],"curies":[{"name":"wp","href":"https:\/\/api.w.org\/{rel}","templated":true}]}}