{"id":44690,"date":"2015-08-25T23:45:11","date_gmt":"2015-08-25T20:45:11","guid":{"rendered":"http:\/\/sana.sy\/tr\/?p=44690"},"modified":"2015-08-27T12:05:42","modified_gmt":"2015-08-27T09:05:42","slug":"el-esad-krize-iliskin-bir-dizi-meseleyi-aydinlatti","status":"publish","type":"post","link":"https:\/\/archive.sana.sy\/tr\/?p=44690","title":{"rendered":"El Esad Krize \u0130li\u015fkin Bir Dizi Meseleyi Ayd\u0131nlatt\u0131"},"content":{"rendered":"<p>\u015eAM \u2013 Cumhurba\u015fkan\u0131 Be\u015f\u015far el Esad Suriye ve halk\u0131n\u0131n tan\u0131k oldu\u011fu krizin temel cevherinin d\u0131\u015f m\u00fcdahaleler oldu\u011funu, muhtelif \u015fekilleriyle bu d\u0131\u015f m\u00fcdahalelerin son bulmas\u0131 halinde krizin son s\u00fcrece girece\u011fini belirtirken; \u00e7\u00fcnk\u00fc o zaman ter\u00f6rle m\u00fccadelenin kolay olaca\u011f\u0131n\u0131 ifade etti.<\/p>\n<p>L\u00fcbnanl\u0131 el Menar Televizyonu ile bu ak\u015fam yay\u0131nlanan r\u00f6portaj\u0131nda el Suriye&#8217;deki krizin son s\u00fcrecinde oldu\u011fu y\u00f6n\u00fcndeki s\u00f6ylemlere ili\u015fkin soruya cevab\u0131nda, bunun do\u011fru olmad\u0131\u011f\u0131n\u0131 s\u00f6yledi.<\/p>\n<p>Krizin son s\u00fcrecinde oldu\u011funu s\u00f6ylemek i\u00e7in ter\u00f6rist ve ter\u00f6ristlere silah ak\u0131\u015f\u0131na son verilmesi gerekti\u011fini ifade eden el Esad; krizin olduk\u00e7a karma\u015f\u0131k olmas\u0131na ra\u011fmen ter\u00f6re muhtelif t\u00fcr askeri ve mali deste\u011fin kesilmesi \u00f6nemine vurgu yapt\u0131. El Esad Suriye&#8217;de halk\u0131n kanlar\u0131n\u0131n ak\u0131t\u0131lmas\u0131 su\u00e7una ortak olan devletlerin bu su\u00e7a ortak olmaya son vermesi halinde siyasi s\u00fcre\u00e7 veya siyasi \u00e7izgi olarak adland\u0131r\u0131lan di\u011fer meselelerin kolayl\u0131kla \u00e7\u00f6z\u00fclece\u011fini, krizin son s\u00fcrecine girdi\u011fini s\u00f6ylemenin m\u00fcmk\u00fcn olaca\u011f\u0131n\u0131 kaydetti. El Esad \u201ck\u0131sacas\u0131 ter\u00f6re deste\u011fin kesilmesi halinde, cevheri olmayan di\u011fer t\u00fcm meseleleri \u00e7\u00f6zmek kolay olur..\u201d ifadesini kulland\u0131.<\/p>\n<p>Her \u015feye ra\u011fmen genel durumlarda bir de\u011fi\u015fimin oldu\u011funu s\u00f6ylemenin m\u00fcmk\u00fcn oldu\u011funu belirten el Esad; fakat sonu\u00e7lar\u0131n\u0131n hen\u00fcz net bir \u015fekilde g\u00f6r\u00fclmedi\u011fini s\u00f6yledi. El Esad sonu\u00e7 itibar\u0131yla bazen son dakikada bile her \u015feyin de\u011fi\u015febildi\u011fine dikkat \u00e7ekti.<\/p>\n<p><span style=\"color: #0000ff\">Temel Te\u015fvik Halk\u0131n Zafere \u0130nanc\u0131d\u0131r<\/span><\/p>\n<p>El Esad ter\u00f6re kar\u015f\u0131 sava\u015f ve Suriye&#8217;ye y\u00f6nelik haz\u0131rlanan d\u00fc\u015fmanc\u0131 d\u0131\u015f planlar\u0131n \u00e7\u00f6kertilmesinde temel te\u015fvikin Suriye halk\u0131n\u0131n zafere inanc\u0131 oldu\u011funu s\u00f6yledi.<\/p>\n<p>El Esad Suriye halk\u0131n\u0131 zafere inanc\u0131 olmasayd\u0131 Suriye&#8217;nin 4 y\u0131ldan fazla bir s\u00fcredir t\u00fcm bu sald\u0131r\u0131lara kar\u015f\u0131 koymas\u0131 ve m\u00fccadele etmesinin m\u00fcmk\u00fcn olmad\u0131\u011f\u0131n\u0131 belirtti. Suriye halk\u0131n\u0131n vatan\u0131na ve ordusuna ba\u011fl\u0131l\u0131\u011f\u0131n\u0131 d\u00fcnyaya kan\u0131tlad\u0131\u011f\u0131n\u0131 ifade eden el Esad; halk\u0131n deste\u011fi olmaks\u0131z\u0131n hi\u00e7bir devletin ya da y\u00f6netimin veya ordunun bunca uzun zamand\u0131r direnmesinin m\u00fcmk\u00fcn olmad\u0131\u011f\u0131n\u0131 bir kez daha belirtti.<\/p>\n<p><span style=\"color: #0000ff\">\u0130srail&#8217;e Kar\u015f\u0131 Koymak, Edatlar\u0131 Olan Ter\u00f6ristlere Kar\u015f\u0131 Koymay\u0131 Gerektiriyor<\/span><\/p>\n<p><a href=\"http:\/\/www.sana.sy\/tr\/?attachment_id=44695\" rel=\"attachment wp-att-44695\"><img loading=\"lazy\" decoding=\"async\" class=\" size-medium wp-image-44695 alignright\" src=\"http:\/\/www.sana.sy\/tr\/wp-content\/uploads\/2015\/08\/514-300x200.jpg\" alt=\"5\" width=\"300\" height=\"200\" srcset=\"https:\/\/archive.sana.sy\/tr\/wp-content\/uploads\/2015\/08\/514-300x200.jpg 300w, https:\/\/archive.sana.sy\/tr\/wp-content\/uploads\/2015\/08\/514-150x100.jpg 150w, https:\/\/archive.sana.sy\/tr\/wp-content\/uploads\/2015\/08\/514-1024x682.jpg 1024w\" sizes=\"auto, (max-width: 300px) 100vw, 300px\" \/><\/a>El Esad \u0130srail&#8217;in Suriye&#8217;ye sald\u0131r\u0131lar\u0131 ve Suriye yada \u00f6zel olarak Golan topraklar\u0131nda emrivaki bir durum yaratma olas\u0131l\u0131\u011f\u0131na ili\u015fkin soruya cevab\u0131nda; \u0130srail&#8217;in bu sald\u0131r\u0131lar\u0131nda cesaret kayna\u011f\u0131n\u0131n Suriye&#8217;de d\u0131\u015f ba\u011flant\u0131l\u0131 taraflar oldu\u011funu s\u00f6yledi.<\/p>\n<p>Muhalif olarak adland\u0131r\u0131lan kimi taraflar\u0131n kendilerine verilen rol kapsam\u0131nda Suriye&#8217;ye d\u0131\u015f m\u00fcdahale yolu a\u00e7ma \u00e7abas\u0131nda olduklar\u0131na dikkat \u00e7eken el Esad; bu tutumlar\u0131n Suriye&#8217;ye zay\u0131fl\u0131k imaj\u0131 verdi\u011fini ve b\u00f6ylece \u0130srail&#8217;in Suriye&#8217;ye sald\u0131r\u0131 cesareti buldu\u011funu kaydetti. El Esad Suriyeli kimi taraflar\u0131n kendi \u00e7\u0131karlar\u0131 i\u00e7in \u0130srail ile tam bir i\u015fbirli\u011fi i\u00e7inde olduklar\u0131n\u0131 ve \u0130srail&#8217;in vatanlar\u0131na sald\u0131rmas\u0131n\u0131 memnuniyetle kar\u015f\u0131lad\u0131klar\u0131na i\u015faret etti.<\/p>\n<p>\u0130srail&#8217;in Suriye&#8217;ye kar\u015f\u0131 sald\u0131r\u0131lar\u0131n\u0131n ger\u00e7ek edat\u0131n\u0131n ter\u00f6ristler oldu\u011funa dikkat \u00e7eken el Esad; \u0130srail&#8217;e kar\u015f\u0131 koymak i\u00e7in her \u015feyden \u00f6nce edatlar\u0131na kar\u015f\u0131 koyman\u0131n gerekti\u011fini vurgulad\u0131. El Esad \u00f6yle ki \u0130srail&#8217;in edat\u0131 olan bu ter\u00f6ristlerin, \u0130srail&#8217;in bizzat kendisinin yapaca\u011f\u0131 \u015feylerden daha tehlikeli \u015feyler yapt\u0131klar\u0131n\u0131 ifade etti.<\/p>\n<p>\u0130srail ile \u00e7at\u0131\u015fma kurallar\u0131n\u0131n de\u011fi\u015ftirilmesi konusunda ise el Esad; mevcut s\u00fcre\u00e7 i\u00e7inde Suriye ile \u0130srail aras\u0131ndaki s\u0131n\u0131r\u0131n, vatanlar\u0131na yabanc\u0131 sald\u0131r\u0131y\u0131 co\u015fkuyla kar\u015f\u0131layan vatan haini ter\u00f6ristlerden ibaret oldu\u011funu belirtti. El Esad \u015f\u00fcphesiz ki her \u015feyden \u00f6nce bu meseleyi \u00e7\u00f6zmenin \u00f6nemli oldu\u011funu ifade etti.<\/p>\n<p><span style=\"color: #0000ff\">Ter\u00f6r\u00fc Destekleyen Devletler Kendilerini Temsil Eden \u015eahsiyetler Dayat\u0131yor<\/span><\/p>\n<p>Cumhurba\u015fkan\u0131 el Esad krizin siyasi \u00e7\u00f6z\u00fcm\u00fc i\u00e7in \u015fu ana dek gerekli fakt\u00f6rler yada uygun ortam\u0131n bulunmad\u0131\u011f\u0131na i\u015faret etti. Ger\u00e7ekten Suriye halk\u0131na ba\u011fl\u0131 olan Suriyeli ba\u011f\u0131ms\u0131z bir siyasi g\u00fcc\u00fcn de bulunmad\u0131\u011f\u0131n\u0131 s\u00f6yleyen el Esad; Suriye&#8217;de ter\u00f6r\u00fc destekleyen devletlerin her hangi bir diyalogda Suriye halk\u0131n\u0131 de\u011fil de bu devletlerin kendilerini ve onlar\u0131n \u00e7\u0131karlar\u0131n\u0131 temsil eden \u015fahsiyetler dayatmakta olduklar\u0131n\u0131 vurgulad\u0131.<\/p>\n<p><span style=\"color: #0000ff\">Erdo\u011fan, Bir\u00e7ok Hayali Olan ABD Kuklas\u0131ndan \u0130barettir<\/span><\/p>\n<p>ABD konusunda ise el Esad; Washington idaresinin ter\u00f6r\u00fcn zafer elde etmesini istemedi\u011fini, fakat ayn\u0131 zamanda b\u00f6lgede istikrar\u0131n sa\u011flanmas\u0131na f\u0131rsat yaratacak d\u00fczeyde zay\u0131flamas\u0131n\u0131 da istemedi\u011fini belirtti. El Esad; ABD\u2019nin durumlar\u0131n b\u00f6lgede kaosun h\u00fck\u00fcm s\u00fcrmesi ve t\u00fcm devletlerin zay\u0131flamas\u0131 y\u00f6n\u00fcnde kalmas\u0131n\u0131 hedefledi\u011fini ifade etti.<\/p>\n<p>Krizin T\u00fcrkiye&#8217;deki rejim ba\u015fkan\u0131 Recep Tayyip Erdo\u011fan\u2019\u0131n, \u00e7ok say\u0131da hayalleri olan bir kukladan ibaret oldu\u011funu kan\u0131tlad\u0131\u011f\u0131na dikkat \u00e7eken el Esad; bu hayallerinin sonuncusunun da Suriye topraklar\u0131nda \u2018tampon b\u00f6lge\u2019 kurma hayali oldu\u011funu s\u00f6yledi. El Esad fakat Erdo\u011fan\u2019\u0131n, efendisi ABD\u2019nin onay\u0131 olmaks\u0131z\u0131n bu hayalleri pe\u015finde hareket edebilmesinin m\u00fcmk\u00fcn olmad\u0131\u011f\u0131n\u0131 belirtti.<\/p>\n<p><span style=\"color: #0000ff\">Vatan\u0131 Savunman\u0131n Bir\u00e7ok Y\u00f6ntemi Vard\u0131r<\/span><\/p>\n<p>S\u00f6zlerine devam eden el Esad; vatan\u0131 savunman\u0131n sadece silahla olmayaca\u011f\u0131n\u0131 ifade ederken, m\u00fccadele g\u00fcc\u00fcn\u00fc peki\u015ftirecek bir\u00e7ok y\u00f6ntemle vatan\u0131 savunman\u0131n m\u00fcmk\u00fcn oldu\u011funa dikkat \u00e7ekti.<\/p>\n<p>El Esad d\u00fcnyan\u0131n muhtelif b\u00f6lgelerinde ya\u015fayan gurbet\u00e7ilerimizin vatan\u0131 savunma \u00e7abalar\u0131na dikkat \u00e7ekerken normal ya\u015fam\u0131n devam etmesi i\u00e7in g\u00fcn\u00fcbirlik i\u015fini s\u00fcrd\u00fcrenlerin de bir nevi vatan\u0131 savunduklar\u0131n\u0131 ifade etti. Halk\u0131 bilin\u00e7lendirmekle de vatan\u0131n savunuldu\u011funu beliren el Esad; k\u0131sacas\u0131 herkesin kendi konumundan vatan\u0131 savunabilece\u011fini ifade etti.<\/p>\n<p>El Esad dolay\u0131s\u0131yla \u2018vatan kendisini savunanlar\u0131n vatan\u0131d\u0131r\u2019 s\u00f6z\u00fcn\u00fcn yerinde ve do\u011fru oldu\u011funu s\u00f6yledi.<\/p>\n<p><span style=\"color: #0000ff\">Herhangi Bir \u00c7\u00f6z\u00fcmde Karar Suriye Halk\u0131n\u0131n Olmal\u0131d\u0131r<\/span><\/p>\n<p>Cumhurba\u015fkan\u0131 el Esad Suriye&#8217;deki krizin \u00e7\u00f6z\u00fcm\u00fc y\u00f6n\u00fcnde herhangi bir \u00e7aba yada giri\u015fimin kesinlikle Suriye&#8217;nin egemenli\u011fine, ba\u011f\u0131ms\u0131zl\u0131\u011f\u0131na ve toprak b\u00fct\u00fcnl\u00fc\u011f\u00fcne sayg\u0131 g\u00f6stermesi ve korumas\u0131 gerekti\u011finin bir kez daha alt\u0131n\u0131 \u00e7izdi. B\u00f6yle bir \u00e7aba yada giri\u015fimde karar\u0131n mutlak bir \u015fekilde Suriye halk\u0131na ait olmas\u0131 gere\u011fini ifade eden el Esad; ayn\u0131 zamanda ter\u00f6rle m\u00fccadeleye \u00f6ncelik vermesi gerekti\u011fini vurgulad\u0131.<\/p>\n<p>El Esad \u00e7\u00fcnk\u00fc ter\u00f6re son vermeden hi\u00e7bir \u00e7aba ya da \u00e7\u00f6z\u00fcm\u00fcn kesinlikle ba\u015far\u0131l\u0131 olmayaca\u011f\u0131n\u0131 bir kez daha ifade etti.<\/p>\n<p><span style=\"color: #0000ff\">Ben \u2018Siyasi \u00c7\u00f6z\u00fcm\u2019 De\u011fil, \u2018Siyasi S\u00fcre\u00e7\u2019 Diyorum<\/span><\/p>\n<p>Siyasi \u00e7\u00f6z\u00fcmden katinin ne oldu\u011funa ili\u015fkin soruya cevab\u0131nda el Esad; kendisinin \u2018siyasi \u00e7\u00f6z\u00fcm\u2019 yerine \u2018siyasi s\u00fcre\u00e7\u2019 terimini daha do\u011fru buldu\u011funu belirtti.<\/p>\n<p>\u00c7\u00f6z\u00fcm\u00fcn bir dizi ekseni oldu\u011funa i\u015faret eden el Esad; bu eksenlerden birinin de ter\u00f6rle m\u00fccadele oldu\u011funu belirtti. El Esad krizin ba\u015f\u0131nda nedenin siyasi oldu\u011funun \u00f6ne s\u00fcr\u00fcld\u00fc\u011f\u00fcne dikkat \u00e7eken el Esad; bunun do\u011fru olmad\u0131\u011f\u0131n\u0131 bilmesine ra\u011fmen devletin bu y\u00f6nde bir dizi ad\u0131m att\u0131\u011f\u0131n\u0131 hat\u0131rlatt\u0131.<\/p>\n<p>El Esad devletin bu ba\u011flamda anayasay\u0131 de\u011fi\u015ftirmekten ekonomik reformlara kadar bir dizi ad\u0131mlar att\u0131\u011f\u0131n\u0131, fakat her defas\u0131nda yeni iddialarda bulunduklar\u0131n\u0131 s\u00f6yledi. \u015eimdi ise \u00e7\u00f6z\u00fcm i\u00e7in siyasi g\u00fc\u00e7lerle diyalog gere\u011finin \u00f6ne s\u00fcr\u00fcld\u00fc\u011f\u00fcn\u00fc belirten el Esad; Suriye&#8217;nin bunu da kabul etti\u011fini s\u00f6yledi. El Esad fakat Suriye&#8217;nin bu diyalogda ger\u00e7ekten Suriye halk\u0131n\u0131 temsil eden siyasi g\u00fc\u00e7lerin olmas\u0131n\u0131 talep etti\u011fini, \u00e7\u00fcnk\u00fc halk\u0131 temsil etmeyenlerle diyalogun \u00e7\u00f6z\u00fcm sa\u011flamayaca\u011f\u0131n\u0131 belirtti.<\/p>\n<p>S\u00f6zlerine devam eden el Esad siyasi s\u00fcre\u00e7 ve siyasi diyalogun sadece krize \u00e7\u00f6z\u00fcm sa\u011flamak i\u00e7in de\u011fil, ayn\u0131 zamanda Suriye&#8217;yi geli\u015ftirmek ve kalk\u0131nd\u0131rmak i\u00e7in gerekli oldu\u011funun alt\u0131n\u0131 \u00e7izdi.<\/p>\n<p><span style=\"color: #0000ff\">Bu Rol\u00fcn Sonu\u00e7lar\u0131 Hakk\u0131nda Konu\u015fmak \u0130\u00e7in Hen\u00fcz Erken<\/span><\/p>\n<p>Umman Sultanl\u0131\u011f\u0131n\u0131n Suriye&#8217;deki krizin \u00e7\u00f6z\u00fcm\u00fcndeki rol\u00fc ve Muallim\u2019in Umman Sultanl\u0131\u011f\u0131na ziyaretine ili\u015fkin soruya cevab\u0131nda el Esad; Umman Sultanl\u0131\u011f\u0131n\u0131n muhtelif meselelerin \u00e7\u00f6z\u00fcm\u00fcnde \u00f6nemli rol oynad\u0131\u011f\u0131na dikkat \u00e7ekti.<\/p>\n<p>Muallim\u2019in de bulundu\u011fu ziyaretin gayet do\u011fal oldu\u011funu ifade eden el Esad; Umman Sultanl\u0131\u011f\u0131nda yap\u0131lan t\u00fcm temaslar\u0131n, Suriyelilerin \u00e7\u00f6z\u00fcm\u00fcn nas\u0131l olaca\u011f\u0131na ili\u015fkin d\u00fc\u015f\u00fcnceleri hakk\u0131nda bilgi almalar\u0131 amac\u0131 ta\u015f\u0131d\u0131\u011f\u0131n\u0131 belirtti.<\/p>\n<p>El Esad y\u0131llar s\u00fcren kesintiden sonra bu temaslar\u0131n ilk oldu\u011funa i\u015faret ederken; dolay\u0131s\u0131yla sonu\u00e7lar\u0131 ve Umman Sultanl\u0131\u011f\u0131n\u0131n rol\u00fc konusunda bir \u015fey s\u00f6ylemek i\u00e7in zaman\u0131n erken oldu\u011funu s\u00f6yledi.<\/p>\n<p><span style=\"color: #0000ff\">Benim \u0130\u00e7in \u00d6nemli Olan D\u00fc\u015fman Medya De\u011fil, Suriye Halk\u0131d\u0131r<\/span><\/p>\n<p>Son konu\u015fmas\u0131na ili\u015fkin s\u00f6ylentiler ve yanl\u0131\u015f anla\u015f\u0131lmalara ili\u015fkin soruya cevab\u0131nda el Esad; konu\u015fmas\u0131nda gayet net ve a\u00e7\u0131k konu\u015ftu\u011funu s\u00f6yledi.<br \/>\nKonu\u015fmas\u0131nda sava\u015f durumunda askeri firarlar\u0131n artmas\u0131n\u0131n normal oldu\u011funu s\u00f6yledi\u011fini kaydeden el Esad; bunu da \u015fimdi tekrarlayabilece\u011fini ifade etti. El Esad her \u015feye ra\u011fmen kendisinin Suriye halk\u0131yla \u015feffaf konu\u015ftu\u011funu, d\u00fc\u015fman medyan\u0131n ne yazd\u0131\u011f\u0131n\u0131n kendisi i\u00e7in \u00f6nem ta\u015f\u0131mad\u0131\u011f\u0131n\u0131 belirtti.<\/p>\n<p>S\u00f6zlerine devam eden el Esad; konu\u015fmas\u0131nda ordunun bir b\u00f6lgeden \u00e7ekilmesinin pek \u00f6nem ta\u015f\u0131mad\u0131\u011f\u0131na dikkat \u00e7ekmek istedi\u011fini ifade ederken, sonu\u00e7 itibar\u0131yla bunun do\u011fru oldu\u011funun kan\u0131tland\u0131\u011f\u0131na dikkat \u00e7ekti. Ordunun \u00e7ekildi\u011fi baz\u0131 b\u00f6lgelerin k\u0131sa bir s\u00fcre sonra tekrar ordu kontrol\u00fcne ge\u00e7ti\u011fini belirten el Esad; askeri operasyonlarda taktik ve stratejinin \u00f6nemine bir kez daha vurgu yapt\u0131.<\/p>\n<p><span style=\"color: #0000ff\">Onlara G\u00f6re Suriye&#8217;de Ter\u00f6rist Yoktur ve \u00d6len Herkes Masum Sivildir<\/span><\/p>\n<p><a href=\"http:\/\/www.sana.sy\/tr\/?attachment_id=44696\" rel=\"attachment wp-att-44696\"><img loading=\"lazy\" decoding=\"async\" class=\" size-medium wp-image-44696 alignright\" src=\"http:\/\/www.sana.sy\/tr\/wp-content\/uploads\/2015\/08\/169-300x159.jpg\" alt=\"1\" width=\"300\" height=\"159\" srcset=\"https:\/\/archive.sana.sy\/tr\/wp-content\/uploads\/2015\/08\/169-300x160.jpg 300w, https:\/\/archive.sana.sy\/tr\/wp-content\/uploads\/2015\/08\/169-150x80.jpg 150w, https:\/\/archive.sana.sy\/tr\/wp-content\/uploads\/2015\/08\/169-1024x543.jpg 1024w, https:\/\/archive.sana.sy\/tr\/wp-content\/uploads\/2015\/08\/169-620x330.jpg 620w\" sizes=\"auto, (max-width: 300px) 100vw, 300px\" \/><\/a>Bat\u0131l\u0131 devletlerin tamamen tarafs\u0131z bir uluslar aras\u0131 temsilciyi kabul etmelerinin m\u00fcmk\u00fcn olmad\u0131\u011f\u0131na i\u015faret eden el Esad; dolay\u0131s\u0131yla atanan temsilcilerin tarafl\u0131 a\u00e7\u0131klamalar\u0131n\u0131n, kendilerine verilen rol icab\u0131nda oldu\u011funu s\u00f6yledi. El Esad Suriye&#8217;nin de bu durumu iyi bildi\u011fini s\u00f6zlerine ekledi.<\/p>\n<p>Ter\u00f6r\u00fc destekleyenlerin g\u00f6z\u00fcnde Suriye&#8217;de ter\u00f6ristlerin bulunmad\u0131\u011f\u0131na i\u015faret eden el Esad; dolay\u0131s\u0131yla ordunun \u00f6ld\u00fcrd\u00fc\u011f\u00fc herkesin masum sivilden ibaret oldu\u011fu a\u00e7\u0131klamalar\u0131nda bulunduklar\u0131n\u0131 vurgulad\u0131. El Esad fakat bunun mukabilinde ter\u00f6ristlerin hain sald\u0131r\u0131lar\u0131 sonucunda \u015fehit d\u00fc\u015fen vatanda\u015flar\u0131n bu taraflarca g\u00f6rmezden gelindi\u011fine dikkat \u00e7ekti.<\/p>\n<p>Destekledikleri ter\u00f6ristlerin neredeyse g\u00fcn\u00fc birlik olarak Halep\u2019te, \u015eam\u2019da ve daha ba\u015fka b\u00f6lgelerde sivil yerle\u015fim alanlar\u0131n\u0131 geli\u015fi g\u00fczel f\u00fcze ve roket sald\u0131r\u0131lar\u0131na tuttuklar\u0131na dikkat \u00e7eken el Esad; ayn\u0131 zamanda hizmet ve altyap\u0131 \u015febekelerini sistematik bir \u015fekilde hedef alan ter\u00f6r eylemleri kar\u015f\u0131s\u0131nda da sessiz kald\u0131klar\u0131na vurgu yapt\u0131.<\/p>\n<p><span style=\"color: #0000ff\">Ger\u00e7ekleri G\u00f6rmek \u0130\u00e7in K\u0131yaslama Yapmak Gerekiyor<\/span><\/p>\n<p>\u00d6zellikle Rusya&#8217;n\u0131n Suriye&#8217;ye ili\u015fkin tutumu ba\u015fta olmak \u00fczere bas\u0131n a\u00e7\u0131klamalar\u0131ndaki \u00e7arp\u0131tmalara ili\u015fkin soruya cevab\u0131nda el Esad; Rusya&#8217;n\u0131n her daim Suriye&#8217;yi destekleyen tutumunu belirtti\u011fine dikkat \u00e7ekti.<\/p>\n<p>Rusya&#8217;n\u0131n Suriye&#8217;den vazge\u00e7meyece\u011fini s\u00fcrekli olarak belirtmesine ra\u011fmen ABD ba\u015fkan\u0131 Barack Obama\u2019n\u0131n \u2018Rusya ve \u0130ran\u2019\u0131n tutumlar\u0131n\u0131 de\u011fi\u015ftirdi\u011fi iddialar\u0131nda bulundu\u011funa i\u015faret eden el Esad; kimin do\u011fru kimin yanl\u0131\u015f oldu\u011fu g\u00f6rmek i\u00e7in bu devletlerin siyasi tutumlar\u0131 ve tarihlerine d\u00f6nmenin yeterli oldu\u011funu ifade etti.<\/p>\n<p>El Esad Rusya\u2019n\u0131n tutumlar\u0131n\u0131 de\u011ferlendirmek i\u00e7in tarihine g\u00f6z atmak gerekti\u011fini, onun halklarla, devletlerle, dostlarla veya d\u00fc\u015fmanlarla nas\u0131l davrand\u0131\u011f\u0131n\u0131 g\u00f6rmek gerekti\u011fini, bu ba\u011flamlarda ABD ile Rusya aras\u0131nda bir k\u0131yaslama yapmak gerekti\u011fini ifade etti.<\/p>\n<p>S\u00f6zlerine devam eden el Esad; Rusya&#8217;n\u0131n tarihi boyunca ilkeli ve sabit bir tutum izledi\u011fini; Suriye&#8217;nin egemenli\u011fine ve halk\u0131n\u0131n karar\u0131na sayg\u0131 duydu\u011funu belirtti. ABD\u2019nin ise tarihi boyunca gaddar bir politika izledi\u011fine dikkat \u00e7eken el Esad; politika ve tutumlar\u0131nda sabit ve ilkeli olmad\u0131\u011f\u0131n\u0131 s\u00f6yledi. El Esad ABD\u2019nin ayn\u0131 zamanda dostlar\u0131ndan ve m\u00fcttefiklerinden vazge\u00e7en, kendi \u00e7\u0131karlar\u0131 u\u011fruna herkesi satan gaddar bir politikaya sahip oldu\u011funu ifade etti.<\/p>\n<p>El Esad her \u015feye ra\u011fmen Rusya&#8217;n\u0131n bir \u015fah\u0131s\u0131 ya da bir cumhurba\u015fkan\u0131n\u0131 desteklemedi\u011fine dikkat \u00e7ekerken, onun belirli ilkeleri, devletin egemenli\u011fini ve o devletin halk\u0131n\u0131n ba\u011f\u0131ms\u0131z karar\u0131n\u0131 destekledi\u011fini vurgulad\u0131.<\/p>\n<p><span style=\"color: #0000ff\">Rusya Hi\u00e7bir Tarafa Dayatmalarda Bulunmuyor<\/span><\/p>\n<p>Rusya&#8217;n\u0131n Suriye&#8217;de olup bitenleri ayr\u0131nt\u0131lar\u0131yla bildi\u011fini ifade eden el Esad; iki \u00fclke aras\u0131ndaki ili\u015fkilerin d\u00fcr\u00fcst, ilkeli ve \u015feffaf ili\u015fkiler oldu\u011funu s\u00f6yledi. El Esad Rusya&#8217;n\u0131n siyasi g\u00fc\u00e7leri diyaloga \u00e7ekmeye ve sava\u015f \u00e7a\u011fr\u0131lar\u0131n\u0131n \u00f6n\u00fcn\u00fc kesme \u00e7abas\u0131nda oldu\u011funu belirtti.<\/p>\n<p>Sonu\u00e7 itibar\u0131yla Suriyelilerin bizzat kendi aralar\u0131nda oturup her \u015fey \u00fczerine uzla\u015fma sa\u011flamalar\u0131yla gerekti\u011fini ifade eden el Esad; Rusya&#8217;n\u0131n hi\u00e7bir tarafa dayatmalarda bulunmad\u0131\u011f\u0131n\u0131 s\u00f6yledi.<\/p>\n<p>Rusya&#8217;n\u0131n bulundu\u011fu \u00e7abalar\u0131n Moskova 3 ya da Cenevre 3\u2019\u00fc hedefledi\u011fini ifade eden el Esad; her ihtimalde de bunlar\u0131n ortak paydalar\u0131 bulundu\u011funu s\u00f6yledi. El Esad bu ba\u011flamda sadece Rusya&#8217;n\u0131n de\u011fil, ABD ba\u015fta olmak \u00fczere uluslar aras\u0131 g\u00fc\u00e7lerin tutumlar\u0131n\u0131n da \u00f6nemli oldu\u011funa dikkat \u00e7ekti.<\/p>\n<p><span style=\"color: #0000ff\">Egemenlik, Toprak B\u00fct\u00fcnl\u00fc\u011f\u00fc, Ter\u00f6rle M\u00fccadele ve Halk\u0131n Karar\u0131 Temel \u0130lkelerdir<\/span><\/p>\n<p>\u00d6ne s\u00fcr\u00fclecek herhangi bir giri\u015fimde Suriye&#8217;nin ilkelerine ili\u015fkin soruya cevab\u0131nda el Esad; giri\u015fimin kim taraf\u0131ndan \u00f6ne s\u00fcr\u00fcld\u00fc\u011f\u00fcn\u00fcn dikkate al\u0131nmaks\u0131z\u0131n ilkelerin Suriye&#8217;nin egemenli\u011fi, toprak b\u00fct\u00fcnl\u00fc\u011f\u00fc, Suriye&#8217;nin saf ulusalc\u0131 karar\u0131 ve ter\u00f6rle m\u00fccadeleden ibaret oldu\u011funun alt\u0131n\u0131 \u00e7izdi. El Esad bu ilkelerin temelinde \u00f6ne s\u00fcr\u00fclecek her d\u00fc\u015f\u00fcncenin kabul g\u00f6rebilece\u011fini s\u00f6yledi.<\/p>\n<p>Anayasan\u0131n yeniden d\u00fczenlenmesi konusunda ise el Esad; diyalog neticesinde halk\u0131n karar\u0131 olmas\u0131 halinde hi\u00e7bir sak\u0131ncan\u0131n bulunmad\u0131\u011f\u0131n\u0131 belirtti.<\/p>\n<p>Uluslar aras\u0131 denetimde se\u00e7imlerin olmas\u0131 konusunda ise el Esad; bunun ulusal egemenli\u011fe ihlal te\u015fkil etti\u011fini, hi\u00e7bir devletin de Suriye&#8217;ye g\u00fczel davran\u0131\u015f tan\u0131kl\u0131\u011f\u0131 yapma yetkisine sahip olmad\u0131\u011f\u0131n\u0131 ifade etti.<\/p>\n<p>Daha \u00f6nce yap\u0131lan cumhurba\u015fkanl\u0131\u011f\u0131 se\u00e7imlerinde Suriye&#8217;nin bir\u00e7ok devletten se\u00e7im i\u015fbirli\u011fi niteli\u011finde g\u00f6zlemci g\u00f6ndermesini \u00fczerine anla\u015ft\u0131\u011f\u0131na dikkat \u00e7eken el Esad; bundan amac\u0131n denetleme olmad\u0131\u011f\u0131n\u0131 s\u00f6yledi. El Esad sonu\u00e7 itibar\u0131yla Suriye&#8217;nin, dostlar\u0131n tutumlar\u0131n\u0131 peki\u015ftirme amac\u0131yla se\u00e7imlerin demokratik ve \u015feffaf oldu\u011funu kan\u0131tlamada i\u015fbirli\u011fi i\u00e7inde olaca\u011f\u0131n\u0131 belirtti.<\/p>\n<p>S\u00f6zlerine devam eden el Esad; fakat se\u00e7imlerin nezih oldu\u011funun kan\u0131tlanmas\u0131 i\u00e7in Suriye&#8217;nin uluslar aras\u0131 \u00f6rg\u00fctlere izin vermeyece\u011fini ifade ederken, s\u00f6z\u00fc edilen uluslar aras\u0131 \u00f6rg\u00fctlerin tarafs\u0131z ve g\u00fczel davran\u0131\u015fa sahip olduklar\u0131n\u0131 \u00f6nce kendileri ispatlamalar\u0131 gerekti\u011fine dikkat \u00e7ekti.<\/p>\n<p><span style=\"color: #0000ff\">Suriye Anla\u015fman\u0131n Bir Par\u00e7as\u0131 De\u011fildi<\/span><\/p>\n<p>\u0130ran ile imzalanan n\u00fckleer anla\u015fman\u0131n Suriye&#8217;deki krizin \u00e7\u00f6z\u00fcm\u00fcne olumlu ya da olumsuz etkisi konusunda ise el Esad; olumsuz etkisi olmas\u0131n\u0131n m\u00fcmk\u00fcn olmad\u0131\u011f\u0131n\u0131 ifade etti.<\/p>\n<p>El Esad Suriye&#8217;nin bu anla\u015fma i\u00e7in yap\u0131lan m\u00fczakerelerin bir par\u00e7as\u0131 olmad\u0131\u011f\u0131n\u0131 belirtirken, Bat\u0131l\u0131 devletlerin Suriye&#8217;yi n\u00fckleer g\u00f6r\u00fc\u015fmelerin bir par\u00e7as\u0131 haline getirmek i\u00e7in her gayreti ve her y\u00f6ntemi denediklerini a\u00e7\u0131klad\u0131. Bat\u0131l\u0131lar\u0131n \u0130ran\u2019\u0131 Suriye&#8217;ye deste\u011finden cayd\u0131rma kar\u015f\u0131l\u0131\u011f\u0131nda n\u00fckleer taleplerini kabul etme y\u00f6n\u00fcnde ikna etmeye \u00e7al\u0131\u015ft\u0131klar\u0131n\u0131 belirten el Esad; \u0130ran\u2019\u0131n ise herhangi bir meselenin n\u00fckleer anla\u015fma g\u00f6r\u00fc\u015fmelerine dahil edilmesini mutlak bir \u015fekilde reddettiklerini ifade etti.<\/p>\n<p><span style=\"color: #0000ff\">Yeni Bir \u0130ttifakta De\u011fi\u015fiklik Olmayacak<\/span><\/p>\n<p>D\u00fcnyan\u0131n yeni blokla\u015fmalara gebe oldu\u011fu ve Suriye\u2019nin \u0130ran blokuna daha yak\u0131n olabilece\u011fine ili\u015fkin soruya cevab\u0131nda el Esad, Suriye\u2019nin \u0130ran\u2019la 45 y\u0131ld\u0131r m\u00fcttefik oldu\u011funu, Suriye\u2019nin \u0130ran\u2019la yak\u0131nla\u015fmas\u0131n\u0131n yeni bir durum say\u0131lamayaca\u011f\u0131n\u0131 ifade ederek Suriye\u2019yle \u0130ran aras\u0131ndaki ili\u015fkilerin g\u00fc\u00e7l\u00fc ve iki \u00fclkenin m\u00fcttefik oldu\u011funu vurgulad\u0131.<\/p>\n<p>\u201cFarkl\u0131 zamanlarda \u0130ran Suriye\u2019nin, Suriye\u2019de \u0130ran\u2019\u0131n yan\u0131nda durmu\u015ftur. \u0130ran\u2019a zalimce bir sava\u015f a\u00e7\u0131ld\u0131\u011f\u0131 zaman yay\u0131nda durup destek verdik ve bug\u00fcn \u0130ran Suriye\u2019ye a\u00e7\u0131lan zalim sava\u015fta yan\u0131nda durmaktad\u0131r. Dolay\u0131s\u0131yla yeni bir ittifakta hi\u00e7bir yenilik olmayacakt\u0131r. Fakat b\u00f6lgesel yada uluslararas\u0131 koalisyon farkl\u0131 bir konu te\u015fkil etmektedir\u201d dedi.<\/p>\n<p>Suriye\u2019nin bu sava\u015ftan \u0130ran\u2019\u0131n ayr\u0131cal\u0131kl\u0131 rol\u00fcyle zaferle \u00e7\u0131kmas\u0131 halinde zaferi kazanan tarafla siyasi sorunlar\u0131 y\u00f6neten taraf aras\u0131ndaki fark konusunda ise el Esad, fark\u0131n bu ittifak\u0131n uluslararas\u0131 saha \u00fczerindeki etkisinde yatt\u0131\u011f\u0131n\u0131 s\u00f6yledi.<\/p>\n<p>\u0130ran\u2019\u0131n yeni bir uluslararas\u0131 sahada bulundu\u011funu ve uluslararas\u0131 sahada rol oynayabilmesi i\u00e7in bir iki y\u0131l \u00f6nce mevcut olmayan daha geni\u015f ufuklara sahip oldu\u011funu s\u00f6zlerine ekledi.<\/p>\n<p>\u0130ran\u2019\u0131n g\u00fcc\u00fcn\u00fcn Suriye\u2019nin g\u00fcc\u00fcne ve Suriye\u2019nin zaferinin \u0130ran\u2019a zafer olarak yans\u0131yaca\u011f\u0131n\u0131 ifade eden el Esad, bu nedenle ittifak ilkelerinin de\u011fi\u015fmedi\u011fine, meselenin daha fazla yak\u0131nla\u015fmayla alakal\u0131 olmad\u0131\u011f\u0131na, \u00e7\u00fcnk\u00fc iki \u00fclkenin zaten yak\u0131n ve g\u00f6r\u00fc\u015f birli\u011fi i\u00e7inde oldu\u011funa dikkat \u00e7ekti.<\/p>\n<p>El Esad, iki \u00fclkenin direni\u015f eksenini temsil etti\u011fini belirterek temel ilkelerin de\u011fi\u015fmeyece\u011fine fakat taktiksel de\u011fi\u015fimler ve farkl\u0131 sonu\u00e7lar olabilece\u011fine i\u015faret etti.<\/p>\n<p><span style=\"color: #0000ff\">Her Arap Arap Olmad\u0131\u011f\u0131 Gibi Her M\u00fcsl\u00fcman da M\u00fcsl\u00fcman De\u011fildir<\/span><\/p>\n<p>Suriye vatanda\u015f\u0131n\u0131n Arapl\u0131k ve Arap ulusalc\u0131l\u0131\u011f\u0131 konusunda ya\u015fad\u0131\u011f\u0131 hayal k\u0131r\u0131kl\u0131\u011f\u0131 ve bu konudaki gerek\u00e7eleri konusunda ise Cumhurba\u015fkan\u0131 el Esad, ko\u015fullar\u0131n vatanda\u015f\u0131 Arapl\u0131\u011f\u0131 lanetlemeye ve reddetmeye, ger\u00e7ek Arapl\u0131k ile baz\u0131 ger\u00e7eklerin arkas\u0131na saklanan Araplar aras\u0131ndaki fark\u0131 g\u00f6rmemeye itti\u011fini s\u00f6yleyerek \u201c t\u00fcm vatanda\u015flar\u0131n Arap oldu\u011funu zannetmekteler. Fakat kalpleri, ak\u0131llar\u0131, t\u00fcm duygular\u0131 ve \u00e7\u0131karlar\u0131yla bu b\u00f6lgenin \u00e7ok uza\u011f\u0131nda farl\u0131 bir konumdalar tamam\u0131yla ge\u00e7mi\u015fte ve pek \u00e7ok b\u00f6lgede ya\u015fand\u0131\u011f\u0131 gibi \u0130slam\u2019\u0131 kullanan M\u00fcsl\u00fcman Karde\u015fler ve di\u011fer radikal \u0130slamc\u0131 ter\u00f6r gruplar\u0131yla ger\u00e7ek \u0130slam\u2019\u0131 birbirine kar\u0131\u015ft\u0131rma hatas\u0131na d\u00fc\u015f\u00fcld\u00fc. \u0130slam ya da M\u00fcsl\u00fcman kelimesini kullanan herkesin ger\u00e7ek M\u00fcsl\u00fcman oldu\u011funu sand\u0131lar\u201d dedi.<\/p>\n<p>El Esad, Arapl\u0131\u011f\u0131n vazge\u00e7ilmez bir kimlik oldu\u011funu, d\u00fc\u015fman\u0131n kimli\u011fimizi inkar etmemizi istedi\u011fini, davan\u0131n ve s\u00fcrd\u00fcr\u00fclen sava\u015f\u0131n \u00f6z\u00fcn\u00fcn rejimlerin d\u00fc\u015f\u00fcr\u00fclmesi hedefi ta\u015f\u0131mad\u0131\u011f\u0131n\u0131, bunun sadece bir a\u015fama ve ara\u00e7tan ibaret oldu\u011funu belirtti.<\/p>\n<p>\u201cAs\u0131l hedefleri kimli\u011fimize darbe indirmektir ve biz bu d\u00fc\u015f\u00fcnceye ula\u015ft\u0131\u011f\u0131m\u0131z zaman d\u00fc\u015fman\u0131m\u0131za askeri m\u00fcdahaleye ya da ter\u00f6ristlere ihtiya\u00e7 duymayacaklar\u0131 bir hediye sunmaktay\u0131z\u201d diye ekledi.<\/p>\n<p><span style=\"color: #0000ff\">Irak\u2019la D\u00fc\u015fman\u0131n\u0131z Tek ve Sonu\u00e7larda Ayn\u0131 Silahlar\u0131 Birle\u015ftirerek En \u0130yi Sonucu Alabiliriz<\/span><\/p>\n<p>Cumhurba\u015fkan\u0131 el Esad, Irak\u2019taki siyasi hareketli\u011finin ayn\u0131 tehlikeye maruz kalan Suriye ile Irak aras\u0131ndaki koordinasyona etkileri konusunda ise, Irak\u2019la koordinasyonun olumsuz etkilenmeyece\u011fini, Irak\u2019ta sava\u015f g\u00fcc\u00fcn\u00fc bile\u015ftirme konusunda y\u00fcksek bir bilincin bulundu\u011funu belirtti.<\/p>\n<p>El Esad; \u201c\u00e7\u00fcnk\u00fc d\u00fc\u015fman\u0131m\u0131z tek ve sonu\u00e7lar ayn\u0131. Yani Irak\u2019ta olanlar Suriye\u2019ye, Suriye\u2019de olanlar ise Irak\u2019a yans\u0131yacak. Silahlar\u0131m\u0131z birle\u015ftirdi\u011fimiz zaman en iyi sonu\u00e7lara ula\u015fabiliriz. Hizbullah\u2019la L\u00fcbnan\u2019da yapt\u0131\u011f\u0131m\u0131z gibi sava\u015f cephesini birle\u015ftirebiliriz. Tek sahada, daha k\u0131sa zamanda ve daha az k\u00fclfetle en iyi sonucu alabiliriz\u201d diye konu\u015ftu.<\/p>\n<p><span style=\"color: #0000ff\">Temel Fark Me\u015fruluktur<\/span><\/p>\n<p>Hizbullah militanlar\u0131n\u0131n Suriye topraklar\u0131 \u00fczerinde bulunmas\u0131yla di\u011fer taraf\u0131n Suriyeli olmayan Suriye devletiyle ittifak i\u00e7inde yabanc\u0131 militan getirmesi aras\u0131ndaki farka ili\u015fkin soruya yan\u0131t\u0131nda el Esad, \u201c temel fark me\u015fruluktur.<\/p>\n<p>Hizbullah\u2019\u0131 me\u015fru olan, Suriye halk\u0131n\u0131 temsil eden, se\u00e7ilmi\u015f ve halk\u0131n b\u00fcy\u00fck \u00e7o\u011funlu\u011funun deste\u011fine sahip olan Suriye devleti \u00e7a\u011f\u0131rd\u0131. Bu devlet Suriye halk\u0131n\u0131 savunacak bir g\u00fcc\u00fc \u00e7a\u011f\u0131rma hakk\u0131na sahiptir. Fakat di\u011fer g\u00fc\u00e7 ter\u00f6risttir. Suriye halk\u0131n\u0131 \u00f6ld\u00fcrmek i\u00e7in ve Suriye halk\u0131n\u0131n ve bu halk\u0131 temsil eden devletin iradesi d\u0131\u015f\u0131nda geldi\u201d dedi.<\/p>\n<p><span style=\"color: #0000ff\">Direnen Bir Devlet \u0130le Direni\u015f\u00e7i Bir \u0130nsan Aras\u0131ndaki \u0130li\u015fkilerden \u0130barettir<\/span><\/p>\n<p><a href=\"http:\/\/www.sana.sy\/tr\/?attachment_id=44697\" rel=\"attachment wp-att-44697\"><img loading=\"lazy\" decoding=\"async\" class=\" size-medium wp-image-44697 alignright\" src=\"http:\/\/www.sana.sy\/tr\/wp-content\/uploads\/2015\/08\/415-300x163.jpg\" alt=\"4\" width=\"300\" height=\"163\" srcset=\"https:\/\/archive.sana.sy\/tr\/wp-content\/uploads\/2015\/08\/415-300x163.jpg 300w, https:\/\/archive.sana.sy\/tr\/wp-content\/uploads\/2015\/08\/415-150x81.jpg 150w, https:\/\/archive.sana.sy\/tr\/wp-content\/uploads\/2015\/08\/415-1024x555.jpg 1024w\" sizes=\"auto, (max-width: 300px) 100vw, 300px\" \/><\/a>Cumhurba\u015fkan\u0131 el Esad ile Hizbullah lideri Hasan Nasrullah aras\u0131ndaki ki\u015fisel ili\u015fkilere ili\u015fkin soruya cevap veren el Esad, Nasrullah ile g\u00fc\u00e7l\u00fc ili\u015fkiler kurduklar\u0131n\u0131 ve bu ili\u015fkinin 20 y\u0131l\u0131 a\u015fk\u0131n s\u00fcredir devam etti\u011fini s\u00f6yledi.<\/p>\n<p>Bu ili\u015fkilerin d\u00fcr\u00fcstl\u00fc\u011fe, ilkeselli\u011fe ve \u015feffafl\u0131\u011fa dayand\u0131\u011f\u0131n\u0131 ifade eden el Esad Nasrullah\u2019\u0131 d\u00fcr\u00fcst, \u015feffaf, ilkelerine, \u00e7al\u0131\u015ft\u0131\u011f\u0131 ki\u015filere ve dostlar\u0131na ba\u011fl\u0131 bir insan olarak tan\u0131mlad\u0131.<\/p>\n<p>El Esad, \u201cbu ili\u015fkiler direnen bir devlet ile o\u011flunu L\u00fcbnan\u2019\u0131 ve vatan\u0131 savunmak i\u00e7in \u015fehit veren direni\u015f\u00e7i bir insan aras\u0131ndaki ili\u015fkilerden ibarettir\u201d s\u00f6zlerini ekledi.<\/p>\n<p><span style=\"color: #0000ff\">Hi\u00e7 Kimse G\u00fcvence Veremez<\/span><\/p>\n<p>Suriyeli askerlerin ate\u015fkes emrine ba\u011fl\u0131 kal\u0131rken kar\u015f\u0131 tarafta kimin ate\u015fkes karar\u0131 ald\u0131\u011f\u0131na ili\u015fkin soruya yan\u0131t\u0131nda el Esad \u201c ate\u015fkesi terim olarak reddediyoruz \u00e7\u00fcnk\u00fc ate\u015fkes devletle ter\u00f6r gruplar\u0131 aras\u0131nda de\u011fil devletle ordular aras\u0131nda olur. Biz operasyonlar\u0131 durdurmaktan ya da s\u00fckunetten bahsediyoruz.<\/p>\n<p>Temsilcilere hangi grubun ve liderinin ate\u015fkese ba\u011fl\u0131 kalaca\u011f\u0131n\u0131 sordu\u011fumuzda baz\u0131lar\u0131 1200 grup diye yan\u0131t verdi. Dolay\u0131s\u0131yla bu gruplar konusunda ba\u015fka g\u00fc\u00e7lere ba\u011fl\u0131 oldu\u011funu bilmemize ra\u011fmen hi\u00e7 kimse g\u00fcvence veremez ve hi\u00e7bir devlet yada g\u00fc\u00e7 bu gruplara k\u0131sa s\u00fcreli\u011fine \u00e7at\u0131\u015fmalar\u0131 durdurmay\u0131 yada s\u00fck\u00fbnet sa\u011flamay\u0131 dayatamaz\u201d dedi.<\/p>\n<p><span style=\"color: #0000ff\">Akan Kan\u0131 Durduracak Bir Diyalog ve Giri\u015fim \u00d6nceli\u011fimizdir <\/span><\/p>\n<p>Suriye\u2019nin ter\u00f6re destek vermekle su\u00e7lad\u0131\u011f\u0131 taraflar\u0131 kapsayan ter\u00f6rle m\u00fccadele koalisyonunda nas\u0131l yer alaca\u011f\u0131na ili\u015fkin soruya yan\u0131t veren el Esad, Suriyelilerin kan\u0131n\u0131n akmas\u0131n\u0131 durduracak her diyalog, giri\u015fim, koalisyon veya icraat\u0131n Suriye\u2019nin \u00f6ncelikleri aras\u0131nda yer ald\u0131\u011f\u0131n\u0131 s\u00f6yledi.<\/p>\n<p>El Esad s\u00f6zlerine \u015f\u00f6yle devam etti; \u201c\u00f6nemli olan ter\u00f6re kar\u015f\u0131 al\u0131nacak somut sonu\u00e7lard\u0131r ve bu \u00fclkelerin ter\u00f6re kar\u015f\u0131 sava\u015fmas\u0131d\u0131r. Fakat geriye basit bir ihtimal kal\u0131yor bu \u00fclkeler t\u00f6vbe etmi\u015f yada yanl\u0131\u015f yolda oldu\u011funun fark\u0131na varm\u0131\u015f yada belki \u00e7\u0131karlar\u0131 gere\u011fi ter\u00f6r\u00fcn kendi topraklar\u0131na yay\u0131labilece\u011finden endi\u015fe duymaya ba\u015flam\u0131\u015f ve ter\u00f6rle m\u00fccadele karar\u0131 alm\u0131\u015f olabilir. Bizim a\u00e7\u0131m\u0131zdan \u00f6nemli olan ter\u00f6re kar\u015f\u0131 bir koalisyon olu\u015fturulmas\u0131d\u0131r. Bu nedenle Suriye D\u0131\u015fi\u015fleri Bakan\u0131m\u0131z bunu mucize olarak adland\u0131rm\u0131\u015ft\u0131r ve bu mucize ger\u00e7ekle\u015firse reddetmemiz m\u00fcmk\u00fcn de\u011fil.\u201d<\/p>\n<p><span style=\"color: #0000ff\">Ter\u00f6re Destek Veren \u00dclkeler Ter\u00f6rle M\u00fccadele Edemez <\/span><\/p>\n<p><a href=\"http:\/\/www.sana.sy\/tr\/?attachment_id=44702\" rel=\"attachment wp-att-44702\"><img loading=\"lazy\" decoding=\"async\" class=\" size-medium wp-image-44702 alignright\" src=\"http:\/\/www.sana.sy\/tr\/wp-content\/uploads\/2015\/08\/229-300x200.jpg\" alt=\"2\" width=\"300\" height=\"200\" srcset=\"https:\/\/archive.sana.sy\/tr\/wp-content\/uploads\/2015\/08\/229-300x200.jpg 300w, https:\/\/archive.sana.sy\/tr\/wp-content\/uploads\/2015\/08\/229-150x100.jpg 150w, https:\/\/archive.sana.sy\/tr\/wp-content\/uploads\/2015\/08\/229-1024x682.jpg 1024w\" sizes=\"auto, (max-width: 300px) 100vw, 300px\" \/><\/a>Suudi Arabistan\u2019\u0131n Suriye y\u00f6nelik t\u0131rmand\u0131rmas\u0131 ve \u00f6zellikle D\u0131\u015fi\u015fleri Bakan\u0131n\u0131n Suriye ile Suudi Arabistan aras\u0131nda g\u00f6r\u00fc\u015fmelerin oldu\u011funa ili\u015fkin haberlerin ard\u0131ndan gelen a\u00e7\u0131klamalar\u0131 konusunda ise Cumhurba\u015fkan\u0131, medya alg\u0131s\u0131n\u0131n bir a\u011f\u0131rl\u0131\u011f\u0131 olmad\u0131\u011f\u0131n\u0131, \u00fclkelerin tutumlar\u0131n\u0131n belirleyici oldu\u011funu ifade etti.<\/p>\n<p>El Esad, bu \u00fclkeler ter\u00f6re destek verirken yap\u0131lan t\u0131rmand\u0131rman\u0131n ya da t\u0131rmand\u0131rmaman\u0131n ve s\u00f6zle s\u00fck\u00fbneti sa\u011flaman\u0131n hi\u00e7bir anlam\u0131 yok, bizi ilgilendiren bu y\u00f6n\u00fcd\u00fcr \u00e7\u00fcnk\u00fc sonu\u00e7 ayn\u0131d\u0131r diye konu\u015ftu.<\/p>\n<p>Suudi Arabistan\u2019\u0131n t\u0131rmand\u0131rma varken ve yokken Suriye\u2019deki ter\u00f6ristleri destekledi\u011fini ve bu ger\u00e7e\u011fi herkesin bildi\u011fini dolay\u0131s\u0131yla t\u0131rmand\u0131rman\u0131n hi\u00e7bir \u00f6nem ta\u015f\u0131mad\u0131\u011f\u0131n\u0131 s\u00f6zlerine ekledi.<\/p>\n<p>El Esad, Suudi Arabistan D\u0131\u015fi\u015fleri Bakan\u0131n\u0131n s\u00f6z etti\u011fi s\u00f6zl\u00fc t\u0131rmand\u0131rma konusuna de\u011finirken insani medeniyetten nasibini alamam\u0131\u015f bir grup ve kesimden farl\u0131 bir tutumun beklenemeyece\u011fine dikkat \u00e7ekti.<\/p>\n<p>Diyalog sonu\u00e7 verecekse bu diyalogun Suriye ile k\u00f6kleri Suriye\u2019de olan ger\u00e7ek vatansever Suriyeliler aras\u0131nda olmas\u0131 gerekti\u011fine de\u011finen el Esad, kamuoyu \u00fczerinde etkisi olmayan ulusalc\u0131 \u015fahsiyetlerle derin bir diyalog geli\u015ftirmenin ve bu diyalogun sonu\u00e7lar\u0131n\u0131n uygulanmas\u0131n\u0131n anlams\u0131z ve zaman kayb\u0131 oldu\u011funun alt\u0131n\u0131 \u00e7izdi.<\/p>\n<p>Bu nedenle diyalogun ulusalc\u0131 vatansever ve etkili \u015fahsiyetlerle yap\u0131lmas\u0131 gerekti\u011fine i\u015faret ederek diyalog kurduklar\u0131 ki\u015filerin vatansever olmad\u0131klar\u0131n\u0131, bunlar\u0131 Suriye\u2019ye ter\u00f6re destek veren ve diyaloga m\u00fcdahale eden \u00fclkelerin dayatt\u0131\u011f\u0131n\u0131 dile getirdi.<\/p>\n<p><span style=\"color: #0000ff\">Ter\u00f6r\u00fcn Tehlikesini G\u00f6rmemeleri Bundan Daha Tehlikelidir<\/span><\/p>\n<p>ABD\u2019nin Suriyeli muhalifleri e\u011fitmesinin Suriye\u2019nin hesaplar\u0131n\u0131 nas\u0131l etkiledi\u011fi sorusuna yan\u0131t\u0131nda, Suriye\u2019yi hedef alan komplolar zincirinin durmadan devam etti\u011fini ve \u00f6zellikle bu halkas\u0131n\u0131n ter\u00f6r\u00fcn gidi\u015fat\u0131nda \u00f6nemli bir de\u011fi\u015fiklik yaratmad\u0131\u011f\u0131n\u0131 s\u00f6yledi.<\/p>\n<p>ABD bunlar\u0131 e\u011fitmese bile ter\u00f6r\u00fc destekleyen, silahland\u0131ran ve finanse eden ba\u015fka \u00fclkeler var diyen el Esad bundan daha tehlikeli ve endi\u015fe verici olan bat\u0131n\u0131n ve \u00f6zellikle ABD\u2019nin ter\u00f6r tehlikesini g\u00f6rmemesidir vurgusunu yapt\u0131.<\/p>\n<p><span style=\"color: #0000ff\">ABD \u0130ki A\u015famadan Ge\u00e7ti<\/span><\/p>\n<p>Sertlik ve esnekli\u011fin Amerikan tutumunun ve Amerikan siyasetinin ger\u00e7ek y\u00f6n\u00fcn\u00fc yans\u0131tmayan bir pozisyondan ibaret oldu\u011funu belirten Cumhurba\u015fkan\u0131, sertlik ve esneklik \u00e7o\u011fu zaman psikolojik sava\u015ft\u0131r ve bazen ABD\u2019deki lobilere verilmi\u015f bir mesajd\u0131r dolay\u0131s\u0131yla ABD\u2019nin tutumuna ili\u015fkin ger\u00e7ek tabloyu yans\u0131tmaz dedi.<\/p>\n<p>ABD\u2019nin ge\u00e7ti\u011fi iki \u00f6nemli a\u015faman\u0131n bulundu\u011funa de\u011finen el Esad, \u201cABD, devleti y\u0131kman\u0131n ve y\u00f6netim sistemini de\u011fi\u015ftirmenin kolay oldu\u011fu alg\u0131s\u0131n\u0131 yaratan Arap tutumlar\u0131na ya da kendi i\u00e7indeki taraflara aldand\u0131. Fakat tam tersi oldu ve \u015fu an yeni bir a\u015famaya olaylar\u0131 nas\u0131l kontrol edeceklerini bilemedikleri bir a\u015famaya ge\u00e7tiler. Bu bir kay\u0131p a\u015famas\u0131d\u0131r.<\/p>\n<p>Hatalar\u0131n\u0131n fark\u0131na vard\u0131klar\u0131, olumlu y\u00f6nde ilerleyecekleri ve ter\u00f6rle ger\u00e7ekten m\u00fccadele eden \u00fclkelerin yan\u0131nda olacaklar\u0131 bir a\u015famad\u0131r\u201d diye belirtti.<\/p>\n<p>El Esad, Washington y\u00f6netiminin ter\u00f6r\u00fcn zafer elde etmesini istemedi\u011fini fakat ayn\u0131 zamanda b\u00f6lgede istikrar\u0131n sa\u011flanmas\u0131na f\u0131rsat yaratacak d\u00fczeyde zay\u0131flamas\u0131n\u0131 da istemedi\u011fini belirtti.<\/p>\n<p>ABD\u2019nin b\u00f6lgede durumlar\u0131n kaos h\u00fck\u00fcm s\u00fcrecek ve t\u00fcm devletlerin zay\u0131flamas\u0131na olanak sa\u011flayacak \u015fekilde devem etmesini hedefledi\u011fini ifade etti.<\/p>\n<p><span style=\"color: #0000ff\">Ne \u0130ran ne de Rusya Bundan S\u00f6z Etmedi<\/span><\/p>\n<p>\u00d6ne s\u00fcr\u00fclen Suriye\u2019ye kar\u015f\u0131l\u0131k Yemen denklemini de\u011ferlendiren el Esad, bu denklemin bas\u0131nda yer ald\u0131\u011f\u0131n\u0131 dost \u00fclkeler \u0130ran ya da Rusya\u2019n\u0131n bundan s\u00f6z etmedi\u011fini s\u00f6yleyerek birilerinin \u0130ran\u2019la bu konuyu do\u011frudan konu\u015fmu\u015f olabilece\u011fine inanmad\u0131\u011f\u0131n\u0131 ifade etti.<\/p>\n<p><span style=\"color: #0000ff\">T\u00fcrkiye ve \u00dcrd\u00fcn Kendilerinden \u0130stenileni Yap\u0131yor<\/span><\/p>\n<p>T\u00fcrkiye\u2019nin Suriye\u2019de kurmak istedi\u011fi tampon b\u00f6lgenin ciddiyeti yada bunun uygulanabilir olup olmad\u0131\u011f\u0131 konusunda ise Cumhurba\u015fkan\u0131 \u015fu s\u00f6zleri kaydetti \u201cT\u00fcrkiye\u2019deki rejimin ba\u015fkan\u0131 Recep Tayyip Erdo\u011fan padi\u015fah olmak gibi bir\u00e7ok hayali olan bir kukladan ibarettir. Bu hayallerinin sonuncusu da Suriye topraklar\u0131nda tampon b\u00f6lge kurmakt\u0131r. Fakat Erdo\u011fan efendisi ABD onay vermeden bu hayallerinin pe\u015finde ko\u015famaz.\u201d<\/p>\n<p>ABD\u2019nin T\u00fcrkiye\u2019nin Suriye\u2019de tampon b\u00f6lge hususunda kendisine dan\u0131\u015fmad\u0131\u011f\u0131 konusunda inand\u0131r\u0131c\u0131 olmad\u0131\u011f\u0131n\u0131 ve bunun imk\u00e2ns\u0131z oldu\u011funu s\u00f6yleyerek bu g\u00fcn\u00fc kadar verdi\u011fi s\u00f6zleri yerine getirmeyen ABD\u2019ye inanmad\u0131klar\u0131n\u0131 vurgulad\u0131.<\/p>\n<p>\u00dcrd\u00fcn\u2019\u00fcn Suriye\u2019de tampon b\u00f6lge kurmak konusunda Amerikan karar\u0131n\u0131 yerine getirmeye \u00e7al\u0131\u015ft\u0131\u011f\u0131n\u0131 ifade eden el Esad, dolay\u0131s\u0131yla ba\u011f\u0131ms\u0131z olmayan bu \u00fclkelerin kendi d\u00fc\u015f\u00fcnce ve kararlar\u0131n\u0131 de\u011fil kendilerinden isteneni yerine getirmeye \u00e7al\u0131\u015ft\u0131klar\u0131n\u0131 alt\u0131n\u0131 \u00e7izdi.<\/p>\n<p><span style=\"color: #0000ff\">M\u0131s\u0131rla \u0130li\u015fkilerimize \u00d6nem Veriyoruz <\/span><\/p>\n<p><a href=\"http:\/\/www.sana.sy\/tr\/?attachment_id=44703\" rel=\"attachment wp-att-44703\"><img loading=\"lazy\" decoding=\"async\" class=\" size-medium wp-image-44703 alignright\" src=\"http:\/\/www.sana.sy\/tr\/wp-content\/uploads\/2015\/08\/317-300x200.jpg\" alt=\"3\" width=\"300\" height=\"200\" srcset=\"https:\/\/archive.sana.sy\/tr\/wp-content\/uploads\/2015\/08\/317-300x200.jpg 300w, https:\/\/archive.sana.sy\/tr\/wp-content\/uploads\/2015\/08\/317-150x100.jpg 150w, https:\/\/archive.sana.sy\/tr\/wp-content\/uploads\/2015\/08\/317-1024x683.jpg 1024w\" sizes=\"auto, (max-width: 300px) 100vw, 300px\" \/><\/a>M\u0131s\u0131rla Suriye aras\u0131ndaki ili\u015fkileri de\u011ferlendiren el Esad, Suriye\u2019nin M\u0131s\u0131rla ili\u015fkilere \u00f6nem verdi\u011fini, Suriye ile M\u0131s\u0131r aras\u0131ndaki ili\u015fkilerin M\u00fcsl\u00fcman Karde\u015fler yanl\u0131s\u0131 Mursi d\u00f6neminde dahi kesilmedi\u011fini belirterek M\u0131s\u0131r\u2019\u0131n al\u0131\u015f\u0131lagelen ve Suriye\u2019nin arzu etti\u011fi rol\u00fcn\u00fc oynamas\u0131n\u0131 engelleyen bask\u0131lara maruz kald\u0131\u011f\u0131na dikkat \u00e7ekti.<\/p>\n<p>El Esad, M\u0131s\u0131r\u2019\u0131n Suriye yada ba\u015fka bir Arap \u00fclkesine kar\u015f\u0131 hareket noktas\u0131 olmas\u0131n\u0131 arzulamad\u0131klar\u0131n\u0131, dolay\u0131s\u0131yla M\u0131s\u0131r\u2019dan di\u011fer Arap \u00fclkelerine yard\u0131m eden \u00f6nemli, etkin ve karde\u015f \u00fclke rol\u00fcn\u00fc oynamas\u0131n\u0131 istediklerini ifade etti.<\/p>\n<p>Suriye\u2019yle son d\u00f6nemde g\u00f6r\u00fc\u015fen M\u0131s\u0131rl\u0131 \u00fcst d\u00fczey yetkililerin Suriye\u2019nin 4 y\u0131ld\u0131r devam eden ter\u00f6rle m\u00fccadele deneyiminden yaralanmak istediklerini s\u00f6yleyen el- Esad, ayn\u0131 zamanda Suriye\u2019nin M\u0131s\u0131r\u2019\u0131n bu konudaki deneyiminden yararlanmak istedi\u011fine i\u015faret etti.<\/p>\n<p>El Esad, Suriye ile M\u0131s\u0131r aras\u0131ndaki ili\u015fkilerin Arap sahas\u0131nda dengeleri sa\u011flad\u0131\u011f\u0131n\u0131, Suriye\u2019nin M\u0131s\u0131r ordusu ve halk\u0131yla ter\u00f6rle m\u00fccadele konusunda ayn\u0131 hendekte yer ald\u0131\u011f\u0131na vurgu yapt\u0131.<\/p>\n<p><span style=\"color: #0000ff\">Ekonomiyi Yeniden Yap\u0131land\u0131rma ve G\u00fc\u00e7lendirme Olana\u011f\u0131na Sahibiz<\/span><\/p>\n<p>Suriye h\u00fck\u00fcmetinin yeniden imar konusunda projeler uygulamaya ba\u015flad\u0131\u011f\u0131n\u0131 ve bu projelerin sa\u011flam ad\u0131mlarla ilerledi\u011fini s\u00f6yleyerek ayn\u0131 zamanda Suriye\u2019de ya\u015fayan yat\u0131r\u0131mc\u0131lar\u0131n \u00fcretim projeleri ba\u015flatt\u0131\u011f\u0131na i\u015faret etti.<\/p>\n<p>El Esad, Suriye\u2019nin ya\u015fad\u0131\u011f\u0131 t\u00fcm zorluklara ra\u011fmen ekonomisini yeniden kalk\u0131nd\u0131racak ve yeni bir ba\u015flang\u0131\u00e7 yapacak g\u00fc\u00e7 ve imk\u00e2nlara sahip oldu\u011funu belirtirken yap\u0131lan ve yap\u0131lmakta olan yeni idari reformlarla ve bu y\u00f6nde at\u0131lacak ad\u0131mlarla mevcut ko\u015fullarda ekonomik at\u0131l\u0131m yapabilece\u011fine dikkat \u00e7ekti.<\/p>\n<p>R\u00f6portaj\u0131n tam ve orijinal videosu:<\/p>\n<p>https:\/\/www.youtube.com\/watch?v=8Btds2t9dqM<\/p>\n<p>A.A. &#8211; M.M. &#8211; S.\u015e. &#8211; R.H.<\/p>\n","protected":false},"excerpt":{"rendered":"<p>\u015eAM \u2013 Cumhurba\u015fkan\u0131 Be\u015f\u015far el Esad Suriye ve halk\u0131n\u0131n tan\u0131k oldu\u011fu krizin temel cevherinin d\u0131\u015f m\u00fcdahaleler oldu\u011funu, muhtelif \u015fekilleriyle bu d\u0131\u015f m\u00fcdahalelerin son bulmas\u0131 halinde krizin son s\u00fcrece girece\u011fini belirtirken; \u00e7\u00fcnk\u00fc o zaman ter\u00f6rle m\u00fccadelenin kolay olaca\u011f\u0131n\u0131 ifade etti. L\u00fcbnanl\u0131 el Menar Televizyonu ile bu ak\u015fam yay\u0131nlanan r\u00f6portaj\u0131nda el Suriye&#8217;deki krizin son s\u00fcrecinde oldu\u011fu y\u00f6n\u00fcndeki &hellip;<\/p>\n","protected":false},"author":1,"featured_media":44691,"comment_status":"closed","ping_status":"closed","sticky":false,"template":"","format":"standard","meta":{"footnotes":""},"categories":[479,611,605,2554,2555,478],"tags":[16402,16404,3039,16403],"class_list":["post-44690","post","type-post","status-publish","format-standard","has-post-thumbnail","","category-haberler-yerel","category-roportaj","category-sayin-cumhurbaskani","category-suriye-ve-dunya","category-suriye-ve-turkiye","category-yerel","tag-cumhurbaskani-bessar-el-esad","tag-kriz","tag-turkiye","tag-yayinlanan-roportajinda"],"_links":{"self":[{"href":"https:\/\/archive.sana.sy\/tr\/index.php?rest_route=\/wp\/v2\/posts\/44690","targetHints":{"allow":["GET"]}}],"collection":[{"href":"https:\/\/archive.sana.sy\/tr\/index.php?rest_route=\/wp\/v2\/posts"}],"about":[{"href":"https:\/\/archive.sana.sy\/tr\/index.php?rest_route=\/wp\/v2\/types\/post"}],"author":[{"embeddable":true,"href":"https:\/\/archive.sana.sy\/tr\/index.php?rest_route=\/wp\/v2\/users\/1"}],"replies":[{"embeddable":true,"href":"https:\/\/archive.sana.sy\/tr\/index.php?rest_route=%2Fwp%2Fv2%2Fcomments&post=44690"}],"version-history":[{"count":0,"href":"https:\/\/archive.sana.sy\/tr\/index.php?rest_route=\/wp\/v2\/posts\/44690\/revisions"}],"wp:featuredmedia":[{"embeddable":true,"href":"https:\/\/archive.sana.sy\/tr\/index.php?rest_route=\/wp\/v2\/media\/44691"}],"wp:attachment":[{"href":"https:\/\/archive.sana.sy\/tr\/index.php?rest_route=%2Fwp%2Fv2%2Fmedia&parent=44690"}],"wp:term":[{"taxonomy":"category","embeddable":true,"href":"https:\/\/archive.sana.sy\/tr\/index.php?rest_route=%2Fwp%2Fv2%2Fcategories&post=44690"},{"taxonomy":"post_tag","embeddable":true,"href":"https:\/\/archive.sana.sy\/tr\/index.php?rest_route=%2Fwp%2Fv2%2Ftags&post=44690"}],"curies":[{"name":"wp","href":"https:\/\/api.w.org\/{rel}","templated":true}]}}