{"id":44761,"date":"2015-08-26T14:05:16","date_gmt":"2015-08-26T11:05:16","guid":{"rendered":"http:\/\/www.sana.sy\/tr\/?p=44761"},"modified":"2015-08-26T14:05:43","modified_gmt":"2015-08-26T11:05:43","slug":"iside-terorist-orgutleyen-sebeke-cokertildi","status":"publish","type":"post","link":"https:\/\/archive.sana.sy\/tr\/?p=44761","title":{"rendered":"I\u015e\u0130D\u2019e Ter\u00f6rist \u00d6rg\u00fctleyen \u015eebeke \u00c7\u00f6kertildi"},"content":{"rendered":"<p>BEYRUT \u2013 L\u00fcbnan G\u00fcvenlik G\u00fc\u00e7leri kuzeye d\u00fc\u015fen Trablus B\u00f6lgesinde I\u015e\u0130D \u00d6rg\u00fct\u00fc saflar\u0131na ter\u00f6rist \u00f6rg\u00fctleyen 3 ki\u015filik bir \u015febekeyi \u00e7\u00f6kertti.<\/p>\n<p>L\u00fcbnanl\u0131 g\u00fcvenlik g\u00fc\u00e7leri gen\u00e7leri I\u015e\u0130D \u00d6rg\u00fct\u00fcne \u00f6rg\u00fctleyen 3 ki\u015finin ikisinin L\u00fcbnanl\u0131, \u00fc\u00e7\u00fcnc\u00fcs\u00fcn\u00fcn ise \u0130sve\u00e7 oldu\u011funu a\u00e7\u0131klad\u0131. \u015eebekenin gen\u00e7leri \u00f6rg\u00fctlemeleri ard\u0131ndan Suriye ve Irak\u2019ta I\u015e\u0130D\u2019in bulundu\u011fu b\u00f6lgelere ta\u015f\u0131nmalar\u0131n\u0131 temin ettiklerini belirten g\u00fcvenlik kaynaklar\u0131; L\u00fcbnan\u2019da buna benzer bir\u00e7ok \u015febekenin bulundu\u011funu kaydetti.<\/p>\n","protected":false},"excerpt":{"rendered":"<p>BEYRUT \u2013 L\u00fcbnan G\u00fcvenlik G\u00fc\u00e7leri kuzeye d\u00fc\u015fen Trablus B\u00f6lgesinde I\u015e\u0130D \u00d6rg\u00fct\u00fc saflar\u0131na ter\u00f6rist \u00f6rg\u00fctleyen 3 ki\u015filik bir \u015febekeyi \u00e7\u00f6kertti. L\u00fcbnanl\u0131 g\u00fcvenlik g\u00fc\u00e7leri gen\u00e7leri I\u015e\u0130D \u00d6rg\u00fct\u00fcne \u00f6rg\u00fctleyen 3 ki\u015finin ikisinin L\u00fcbnanl\u0131, \u00fc\u00e7\u00fcnc\u00fcs\u00fcn\u00fcn ise \u0130sve\u00e7 oldu\u011funu a\u00e7\u0131klad\u0131. \u015eebekenin gen\u00e7leri \u00f6rg\u00fctlemeleri ard\u0131ndan Suriye ve Irak\u2019ta I\u015e\u0130D\u2019in bulundu\u011fu b\u00f6lgelere ta\u015f\u0131nmalar\u0131n\u0131 temin ettiklerini belirten g\u00fcvenlik kaynaklar\u0131; L\u00fcbnan\u2019da buna benzer bir\u00e7ok &hellip;<\/p>\n","protected":false},"author":1,"featured_media":44762,"comment_status":"closed","ping_status":"closed","sticky":false,"template":"","format":"standard","meta":{"footnotes":""},"categories":[458,459,447],"tags":[],"class_list":["post-44761","post","type-post","status-publish","format-standard","has-post-thumbnail","","category-dunya1","category-haberler-arap-uluslararasi-politika","category-politika"],"_links":{"self":[{"href":"https:\/\/archive.sana.sy\/tr\/index.php?rest_route=\/wp\/v2\/posts\/44761","targetHints":{"allow":["GET"]}}],"collection":[{"href":"https:\/\/archive.sana.sy\/tr\/index.php?rest_route=\/wp\/v2\/posts"}],"about":[{"href":"https:\/\/archive.sana.sy\/tr\/index.php?rest_route=\/wp\/v2\/types\/post"}],"author":[{"embeddable":true,"href":"https:\/\/archive.sana.sy\/tr\/index.php?rest_route=\/wp\/v2\/users\/1"}],"replies":[{"embeddable":true,"href":"https:\/\/archive.sana.sy\/tr\/index.php?rest_route=%2Fwp%2Fv2%2Fcomments&post=44761"}],"version-history":[{"count":0,"href":"https:\/\/archive.sana.sy\/tr\/index.php?rest_route=\/wp\/v2\/posts\/44761\/revisions"}],"wp:featuredmedia":[{"embeddable":true,"href":"https:\/\/archive.sana.sy\/tr\/index.php?rest_route=\/wp\/v2\/media\/44762"}],"wp:attachment":[{"href":"https:\/\/archive.sana.sy\/tr\/index.php?rest_route=%2Fwp%2Fv2%2Fmedia&parent=44761"}],"wp:term":[{"taxonomy":"category","embeddable":true,"href":"https:\/\/archive.sana.sy\/tr\/index.php?rest_route=%2Fwp%2Fv2%2Fcategories&post=44761"},{"taxonomy":"post_tag","embeddable":true,"href":"https:\/\/archive.sana.sy\/tr\/index.php?rest_route=%2Fwp%2Fv2%2Ftags&post=44761"}],"curies":[{"name":"wp","href":"https:\/\/api.w.org\/{rel}","templated":true}]}}