{"id":44764,"date":"2015-08-26T14:21:57","date_gmt":"2015-08-26T11:21:57","guid":{"rendered":"http:\/\/www.sana.sy\/tr\/?p=44764"},"modified":"2015-08-27T14:44:52","modified_gmt":"2015-08-27T11:44:52","slug":"sadece-insanlari-degil-medeniyet-ve-insanligi-hedef-aldiklarini-bir-kez-daha-kanitladilar","status":"publish","type":"post","link":"https:\/\/archive.sana.sy\/tr\/?p=44764","title":{"rendered":"Sadece \u0130nsanlar\u0131 De\u011fil, Medeniyet ve \u0130nsanl\u0131\u011f\u0131 Hedef Ald\u0131klar\u0131n\u0131 Bir Kez Daha Kan\u0131tlad\u0131lar"},"content":{"rendered":"<p>\u015eAM \u2013 D\u0131\u015fi\u015fleri ve Gurbet\u00e7iler Bakanl\u0131\u011f\u0131nda yetkili bir kaynak Suriye&#8217;nin; I\u015e\u0130D tekfircilerinin Homs k\u0131rsal\u0131n\u0131n do\u011fusu Antik Palmira Kentinde Baalshamin Tap\u0131na\u011f\u0131n\u0131 havaya u\u00e7urmas\u0131 ve tarih eser uzman\u0131 Halit el Asaad\u2019\u0131 barbarca katletme eylemlerinden b\u00fcy\u00fck bir \u00f6fke duydu\u011funu belirtti.<\/p>\n<p>Kaynak bug\u00fcn SANA\u2019ya yapt\u0131\u011f\u0131 a\u00e7\u0131klamada; I\u015e\u0130D\u2019in insanl\u0131k ve medeniyet d\u00fc\u015fman\u0131 bu cinayetlerinin az\u0131l\u0131 tekfircilerin insan\u0131, insanl\u0131\u011f\u0131, k\u00fclt\u00fcr\u00fc ve her \u015feyi canice hedef ald\u0131klar\u0131na yeni bir kan\u0131t te\u015fkil etti\u011fine dikkat \u00e7ekti.<\/p>\n<p>Bu gibi cinayetlerin tarihi eserlerin korunmas\u0131, tekfircilere deste\u011fin kesilmesi ve ter\u00f6rle m\u00fccadelede ilgili uluslar aras\u0131 kararlar\u0131n hayata ge\u00e7irilmesinde kimi devletlerin umursamazl\u0131\u011f\u0131n\u0131 ortaya koydu\u011funa dikkat \u00e7eken kaynak; Suriye ve Irak\u2019ta tarihi eserlerin ter\u00f6r sald\u0131r\u0131lar\u0131ndan korunmas\u0131n\u0131 \u00f6ng\u00f6ren G\u00fcvenlik Konseyinin \u00f6zellikle 2199 say\u0131l\u0131 karar\u0131n\u0131n hayata ge\u00e7irilmemesinin I\u015e\u0130D\u2019e te\u015fvik te\u015fkil etti\u011fini ifade etti. Kaynak ter\u00f6rle m\u00fccadele ve tarihi eserlerin korunmas\u0131 y\u00f6n\u00fcnde etkin ad\u0131mlar\u0131n at\u0131lmas\u0131, ter\u00f6r\u00fc destekleyen devletlerin desteklerini kesmelerine zorlanmalar\u0131 \u00f6neminin bir kez daha vurguland\u0131\u011f\u0131na dikkat \u00e7ekti.<\/p>\n<p>Suriye ve halk\u0131n\u0131n tarih boyunca insanl\u0131k ve medeniyete gayet \u00f6nemli kazan\u0131mlar sa\u011flad\u0131\u011f\u0131na i\u015faret eden kaynak; bu kazan\u0131mlar\u0131 koruma ve peki\u015ftirmede her zamandan daha \u00e7ok azimli oldu\u011funu belirtti. Kaynak sadece Suriye ve halk\u0131n\u0131n de\u011fil, t\u00fcm insanl\u0131\u011f\u0131n zenginli\u011fi say\u0131lan ve medeniyete \u0131\u015f\u0131k tutan bu miras\u0131n korunmas\u0131yla birlikte ter\u00f6rle m\u00fccadelede d\u00fcnyan\u0131n t\u00fcm h\u00fcr insanlar\u0131n\u0131 saflar\u0131n\u0131 birle\u015ftirmelerine \u00e7a\u011f\u0131rd\u0131.<\/p>\n","protected":false},"excerpt":{"rendered":"<p>\u015eAM \u2013 D\u0131\u015fi\u015fleri ve Gurbet\u00e7iler Bakanl\u0131\u011f\u0131nda yetkili bir kaynak Suriye&#8217;nin; I\u015e\u0130D tekfircilerinin Homs k\u0131rsal\u0131n\u0131n do\u011fusu Antik Palmira Kentinde Baalshamin Tap\u0131na\u011f\u0131n\u0131 havaya u\u00e7urmas\u0131 ve tarih eser uzman\u0131 Halit el Asaad\u2019\u0131 barbarca katletme eylemlerinden b\u00fcy\u00fck bir \u00f6fke duydu\u011funu belirtti. Kaynak bug\u00fcn SANA\u2019ya yapt\u0131\u011f\u0131 a\u00e7\u0131klamada; I\u015e\u0130D\u2019in insanl\u0131k ve medeniyet d\u00fc\u015fman\u0131 bu cinayetlerinin az\u0131l\u0131 tekfircilerin insan\u0131, insanl\u0131\u011f\u0131, k\u00fclt\u00fcr\u00fc ve &hellip;<\/p>\n","protected":false},"author":1,"featured_media":29621,"comment_status":"closed","ping_status":"closed","sticky":false,"template":"","format":"standard","meta":{"footnotes":""},"categories":[479,478],"tags":[16410,11053,16413,16412,16411],"class_list":["post-44764","post","type-post","status-publish","format-standard","has-post-thumbnail","","category-haberler-yerel","category-yerel","tag-antik-palmira-kentinde-baalshamin-tapinagini","tag-disisleri-ve-gurbetciler-bakanliginda-yetkili-bir-kaynak","tag-medeniyet-ve-insanligi-hedef-aldiklarini-bir-kez-daha-kanitladilar","tag-sadece-insanlari-degil","tag-tarih-eser-uzmani-halit-el-asaad"],"_links":{"self":[{"href":"https:\/\/archive.sana.sy\/tr\/index.php?rest_route=\/wp\/v2\/posts\/44764","targetHints":{"allow":["GET"]}}],"collection":[{"href":"https:\/\/archive.sana.sy\/tr\/index.php?rest_route=\/wp\/v2\/posts"}],"about":[{"href":"https:\/\/archive.sana.sy\/tr\/index.php?rest_route=\/wp\/v2\/types\/post"}],"author":[{"embeddable":true,"href":"https:\/\/archive.sana.sy\/tr\/index.php?rest_route=\/wp\/v2\/users\/1"}],"replies":[{"embeddable":true,"href":"https:\/\/archive.sana.sy\/tr\/index.php?rest_route=%2Fwp%2Fv2%2Fcomments&post=44764"}],"version-history":[{"count":0,"href":"https:\/\/archive.sana.sy\/tr\/index.php?rest_route=\/wp\/v2\/posts\/44764\/revisions"}],"wp:featuredmedia":[{"embeddable":true,"href":"https:\/\/archive.sana.sy\/tr\/index.php?rest_route=\/wp\/v2\/media\/29621"}],"wp:attachment":[{"href":"https:\/\/archive.sana.sy\/tr\/index.php?rest_route=%2Fwp%2Fv2%2Fmedia&parent=44764"}],"wp:term":[{"taxonomy":"category","embeddable":true,"href":"https:\/\/archive.sana.sy\/tr\/index.php?rest_route=%2Fwp%2Fv2%2Fcategories&post=44764"},{"taxonomy":"post_tag","embeddable":true,"href":"https:\/\/archive.sana.sy\/tr\/index.php?rest_route=%2Fwp%2Fv2%2Ftags&post=44764"}],"curies":[{"name":"wp","href":"https:\/\/api.w.org\/{rel}","templated":true}]}}