{"id":44766,"date":"2015-08-26T14:30:39","date_gmt":"2015-08-26T11:30:39","guid":{"rendered":"http:\/\/www.sana.sy\/tr\/?p=44766"},"modified":"2015-08-26T14:30:04","modified_gmt":"2015-08-26T11:30:04","slug":"132-kisi-serbest-birakildi","status":"publish","type":"post","link":"https:\/\/archive.sana.sy\/tr\/?p=44766","title":{"rendered":"132 Ki\u015fi Serbest B\u0131rak\u0131ld\u0131"},"content":{"rendered":"<p>HOMS \u2013 Homs Kentinin bir dizi semtine ek olarak k\u0131rsala d\u00fc\u015fen Resten, Telbise ve Deyr Bealbe b\u00f6lgelerinde silahlar\u0131yla birlikte g\u00fcvenlik g\u00fc\u00e7lerine teslim olan 132 ki\u015finin kanuni durumlar\u0131 yeniden d\u00fczenlenip serbest b\u0131rak\u0131ld\u0131.<\/p>\n<p>SANA muhabiri yerel ulusal uzla\u015fma komitelerinin \u00e7abalar\u0131yla teslim olan bu ki\u015filerin, yanl\u0131\u015f yolda olduklar\u0131n\u0131 ikrar ettiklerini ve vatan kuca\u011f\u0131na d\u00f6nmek istediklerini belirttiklerini s\u00f6yledi.<\/p>\n","protected":false},"excerpt":{"rendered":"<p>HOMS \u2013 Homs Kentinin bir dizi semtine ek olarak k\u0131rsala d\u00fc\u015fen Resten, Telbise ve Deyr Bealbe b\u00f6lgelerinde silahlar\u0131yla birlikte g\u00fcvenlik g\u00fc\u00e7lerine teslim olan 132 ki\u015finin kanuni durumlar\u0131 yeniden d\u00fczenlenip serbest b\u0131rak\u0131ld\u0131. SANA muhabiri yerel ulusal uzla\u015fma komitelerinin \u00e7abalar\u0131yla teslim olan bu ki\u015filerin, yanl\u0131\u015f yolda olduklar\u0131n\u0131 ikrar ettiklerini ve vatan kuca\u011f\u0131na d\u00f6nmek istediklerini belirttiklerini s\u00f6yledi.<\/p>\n","protected":false},"author":1,"featured_media":3290,"comment_status":"closed","ping_status":"closed","sticky":false,"template":"","format":"standard","meta":{"footnotes":""},"categories":[479,575,478],"tags":[16414],"class_list":["post-44766","post","type-post","status-publish","format-standard","has-post-thumbnail","","category-haberler-yerel","category-olaylar-ve-gercekler","category-yerel","tag-132-kisi-serbest-birakildi"],"_links":{"self":[{"href":"https:\/\/archive.sana.sy\/tr\/index.php?rest_route=\/wp\/v2\/posts\/44766","targetHints":{"allow":["GET"]}}],"collection":[{"href":"https:\/\/archive.sana.sy\/tr\/index.php?rest_route=\/wp\/v2\/posts"}],"about":[{"href":"https:\/\/archive.sana.sy\/tr\/index.php?rest_route=\/wp\/v2\/types\/post"}],"author":[{"embeddable":true,"href":"https:\/\/archive.sana.sy\/tr\/index.php?rest_route=\/wp\/v2\/users\/1"}],"replies":[{"embeddable":true,"href":"https:\/\/archive.sana.sy\/tr\/index.php?rest_route=%2Fwp%2Fv2%2Fcomments&post=44766"}],"version-history":[{"count":0,"href":"https:\/\/archive.sana.sy\/tr\/index.php?rest_route=\/wp\/v2\/posts\/44766\/revisions"}],"wp:featuredmedia":[{"embeddable":true,"href":"https:\/\/archive.sana.sy\/tr\/index.php?rest_route=\/wp\/v2\/media\/3290"}],"wp:attachment":[{"href":"https:\/\/archive.sana.sy\/tr\/index.php?rest_route=%2Fwp%2Fv2%2Fmedia&parent=44766"}],"wp:term":[{"taxonomy":"category","embeddable":true,"href":"https:\/\/archive.sana.sy\/tr\/index.php?rest_route=%2Fwp%2Fv2%2Fcategories&post=44766"},{"taxonomy":"post_tag","embeddable":true,"href":"https:\/\/archive.sana.sy\/tr\/index.php?rest_route=%2Fwp%2Fv2%2Ftags&post=44766"}],"curies":[{"name":"wp","href":"https:\/\/api.w.org\/{rel}","templated":true}]}}