{"id":44771,"date":"2015-08-26T15:48:50","date_gmt":"2015-08-26T12:48:50","guid":{"rendered":"http:\/\/www.sana.sy\/tr\/?p=44771"},"modified":"2015-08-26T15:48:50","modified_gmt":"2015-08-26T12:48:50","slug":"egitim-ogretim-yili-belirlenen-zamaninda-baslayacak","status":"publish","type":"post","link":"https:\/\/archive.sana.sy\/tr\/?p=44771","title":{"rendered":"E\u011fitim-\u00d6\u011fretim Y\u0131l\u0131 Belirlenen Zaman\u0131nda Ba\u015flayacak"},"content":{"rendered":"<p>\u015eAM \u2013 E\u011fitim Bakan\u0131 Hezvan el Vez; 2015-2016 e\u011fitim-\u00f6\u011fretim y\u0131l\u0131n\u0131n bu y\u0131l ge\u00e7 ba\u015flayaca\u011f\u0131 y\u00f6n\u00fcndeki spek\u00fclasyonlar\u0131n asl\u0131 ger\u00e7e\u011fi olmad\u0131\u011f\u0131n\u0131 belirtti.<\/p>\n<p>Bakan Vez bug\u00fcn yapt\u0131\u011f\u0131 bas\u0131n a\u00e7\u0131klamas\u0131nda; e\u011fitim-\u00f6\u011fretim sezonunun daha \u00f6nce kararla\u015ft\u0131r\u0131lm\u0131\u015f oldu\u011fu \u00fczere 13 Eyl\u00fcl tarihinde ba\u015flayaca\u011f\u0131n\u0131 vurgularken; bakanl\u0131\u011f\u0131n bunun i\u00e7in gerekli t\u00fcm haz\u0131rl\u0131klar\u0131 tamamlad\u0131\u011f\u0131n\u0131 ifade etti.<\/p>\n<p>Vez e\u011fitim-\u00f6\u011fretim y\u0131l\u0131 ve e\u011fitim s\u00fcreciyle ilgili her bilgiye ula\u015fmada kayna\u011f\u0131n bakanl\u0131\u011f\u0131n resmi web sitesiyle birlikte E\u011fitim Televizyon Kanal\u0131 oldu\u011funa dikkat \u00e7ekti.<\/p>\n","protected":false},"excerpt":{"rendered":"<p>\u015eAM \u2013 E\u011fitim Bakan\u0131 Hezvan el Vez; 2015-2016 e\u011fitim-\u00f6\u011fretim y\u0131l\u0131n\u0131n bu y\u0131l ge\u00e7 ba\u015flayaca\u011f\u0131 y\u00f6n\u00fcndeki spek\u00fclasyonlar\u0131n asl\u0131 ger\u00e7e\u011fi olmad\u0131\u011f\u0131n\u0131 belirtti. Bakan Vez bug\u00fcn yapt\u0131\u011f\u0131 bas\u0131n a\u00e7\u0131klamas\u0131nda; e\u011fitim-\u00f6\u011fretim sezonunun daha \u00f6nce kararla\u015ft\u0131r\u0131lm\u0131\u015f oldu\u011fu \u00fczere 13 Eyl\u00fcl tarihinde ba\u015flayaca\u011f\u0131n\u0131 vurgularken; bakanl\u0131\u011f\u0131n bunun i\u00e7in gerekli t\u00fcm haz\u0131rl\u0131klar\u0131 tamamlad\u0131\u011f\u0131n\u0131 ifade etti. Vez e\u011fitim-\u00f6\u011fretim y\u0131l\u0131 ve e\u011fitim s\u00fcreciyle ilgili her &hellip;<\/p>\n","protected":false},"author":1,"featured_media":44772,"comment_status":"closed","ping_status":"closed","sticky":false,"template":"","format":"standard","meta":{"footnotes":""},"categories":[479,478],"tags":[16417],"class_list":["post-44771","post","type-post","status-publish","format-standard","has-post-thumbnail","","category-haberler-yerel","category-yerel","tag-sam-egitim-bakani-hezvan-el-vez-2015-2016-egitim-ogretim-yilinin-bu-yil-gec-baslayacagi-yonundeki-spekulasyonlarin-asli-gercegi-olmadigini-belirtti"],"_links":{"self":[{"href":"https:\/\/archive.sana.sy\/tr\/index.php?rest_route=\/wp\/v2\/posts\/44771","targetHints":{"allow":["GET"]}}],"collection":[{"href":"https:\/\/archive.sana.sy\/tr\/index.php?rest_route=\/wp\/v2\/posts"}],"about":[{"href":"https:\/\/archive.sana.sy\/tr\/index.php?rest_route=\/wp\/v2\/types\/post"}],"author":[{"embeddable":true,"href":"https:\/\/archive.sana.sy\/tr\/index.php?rest_route=\/wp\/v2\/users\/1"}],"replies":[{"embeddable":true,"href":"https:\/\/archive.sana.sy\/tr\/index.php?rest_route=%2Fwp%2Fv2%2Fcomments&post=44771"}],"version-history":[{"count":0,"href":"https:\/\/archive.sana.sy\/tr\/index.php?rest_route=\/wp\/v2\/posts\/44771\/revisions"}],"wp:featuredmedia":[{"embeddable":true,"href":"https:\/\/archive.sana.sy\/tr\/index.php?rest_route=\/wp\/v2\/media\/44772"}],"wp:attachment":[{"href":"https:\/\/archive.sana.sy\/tr\/index.php?rest_route=%2Fwp%2Fv2%2Fmedia&parent=44771"}],"wp:term":[{"taxonomy":"category","embeddable":true,"href":"https:\/\/archive.sana.sy\/tr\/index.php?rest_route=%2Fwp%2Fv2%2Fcategories&post=44771"},{"taxonomy":"post_tag","embeddable":true,"href":"https:\/\/archive.sana.sy\/tr\/index.php?rest_route=%2Fwp%2Fv2%2Ftags&post=44771"}],"curies":[{"name":"wp","href":"https:\/\/api.w.org\/{rel}","templated":true}]}}