{"id":44774,"date":"2015-08-25T22:00:04","date_gmt":"2015-08-25T19:00:04","guid":{"rendered":"http:\/\/www.sana.sy\/tr\/?p=44774"},"modified":"2015-08-26T15:56:47","modified_gmt":"2015-08-26T12:56:47","slug":"cumhurbaskani-bessar-el-esad-lubnanli-el-menar-televizyonuna-roportaj-veriyor","status":"publish","type":"post","link":"https:\/\/archive.sana.sy\/tr\/?p=44774","title":{"rendered":"Cumhurba\u015fkan\u0131 Be\u015f\u015far el Esad L\u00fcbnanl\u0131 el Menar Televizyonuna R\u00f6portaj Veriyor"},"content":{"rendered":"<p>Cumhurba\u015fkan\u0131 Be\u015f\u015far el Esad L\u00fcbnanl\u0131 el Menar Televizyonuna R\u00f6portaj Veriyor<\/p>\n<div id='gallery-1' class='gallery galleryid-44774 gallery-columns-2 gallery-size-medium'><figure class='gallery-item'>\n\t\t\t<div class='gallery-icon landscape'>\n\t\t\t\t<a href='https:\/\/archive.sana.sy\/tr\/wp-content\/uploads\/2015\/08\/Cumhurba\u015fkan\u0131-Be\u015f\u015far-el-Esad-L\u00fcbnanl\u0131-el-Menar-Televizyonuna-R\u00f6portaj-Veriyor-3.jpg'><img loading=\"lazy\" decoding=\"async\" width=\"300\" height=\"163\" src=\"https:\/\/archive.sana.sy\/tr\/wp-content\/uploads\/2015\/08\/Cumhurba\u015fkan\u0131-Be\u015f\u015far-el-Esad-L\u00fcbnanl\u0131-el-Menar-Televizyonuna-R\u00f6portaj-Veriyor-3-300x163.jpg\" class=\"attachment-medium size-medium\" alt=\"\" srcset=\"https:\/\/archive.sana.sy\/tr\/wp-content\/uploads\/2015\/08\/Cumhurba\u015fkan\u0131-Be\u015f\u015far-el-Esad-L\u00fcbnanl\u0131-el-Menar-Televizyonuna-R\u00f6portaj-Veriyor-3-300x163.jpg 300w, https:\/\/archive.sana.sy\/tr\/wp-content\/uploads\/2015\/08\/Cumhurba\u015fkan\u0131-Be\u015f\u015far-el-Esad-L\u00fcbnanl\u0131-el-Menar-Televizyonuna-R\u00f6portaj-Veriyor-3-150x81.jpg 150w, https:\/\/archive.sana.sy\/tr\/wp-content\/uploads\/2015\/08\/Cumhurba\u015fkan\u0131-Be\u015f\u015far-el-Esad-L\u00fcbnanl\u0131-el-Menar-Televizyonuna-R\u00f6portaj-Veriyor-3-1024x555.jpg 1024w\" sizes=\"auto, (max-width: 300px) 100vw, 300px\" \/><\/a>\n\t\t\t<\/div><\/figure><figure class='gallery-item'>\n\t\t\t<div class='gallery-icon landscape'>\n\t\t\t\t<a href='https:\/\/archive.sana.sy\/tr\/wp-content\/uploads\/2015\/08\/Cumhurba\u015fkan\u0131-Be\u015f\u015far-el-Esad-L\u00fcbnanl\u0131-el-Menar-Televizyonuna-R\u00f6portaj-Veriyor-4.jpg'><img loading=\"lazy\" decoding=\"async\" width=\"300\" height=\"200\" src=\"https:\/\/archive.sana.sy\/tr\/wp-content\/uploads\/2015\/08\/Cumhurba\u015fkan\u0131-Be\u015f\u015far-el-Esad-L\u00fcbnanl\u0131-el-Menar-Televizyonuna-R\u00f6portaj-Veriyor-4-300x200.jpg\" class=\"attachment-medium size-medium\" alt=\"\" srcset=\"https:\/\/archive.sana.sy\/tr\/wp-content\/uploads\/2015\/08\/Cumhurba\u015fkan\u0131-Be\u015f\u015far-el-Esad-L\u00fcbnanl\u0131-el-Menar-Televizyonuna-R\u00f6portaj-Veriyor-4-300x200.jpg 300w, https:\/\/archive.sana.sy\/tr\/wp-content\/uploads\/2015\/08\/Cumhurba\u015fkan\u0131-Be\u015f\u015far-el-Esad-L\u00fcbnanl\u0131-el-Menar-Televizyonuna-R\u00f6portaj-Veriyor-4-150x100.jpg 150w, https:\/\/archive.sana.sy\/tr\/wp-content\/uploads\/2015\/08\/Cumhurba\u015fkan\u0131-Be\u015f\u015far-el-Esad-L\u00fcbnanl\u0131-el-Menar-Televizyonuna-R\u00f6portaj-Veriyor-4-1024x682.jpg 1024w\" sizes=\"auto, (max-width: 300px) 100vw, 300px\" \/><\/a>\n\t\t\t<\/div><\/figure><figure class='gallery-item'>\n\t\t\t<div class='gallery-icon landscape'>\n\t\t\t\t<a href='https:\/\/archive.sana.sy\/tr\/wp-content\/uploads\/2015\/08\/Cumhurba\u015fkan\u0131-Be\u015f\u015far-el-Esad-L\u00fcbnanl\u0131-el-Menar-Televizyonuna-R\u00f6portaj-Veriyor-5.jpg'><img loading=\"lazy\" decoding=\"async\" width=\"300\" height=\"159\" src=\"https:\/\/archive.sana.sy\/tr\/wp-content\/uploads\/2015\/08\/Cumhurba\u015fkan\u0131-Be\u015f\u015far-el-Esad-L\u00fcbnanl\u0131-el-Menar-Televizyonuna-R\u00f6portaj-Veriyor-5-300x159.jpg\" class=\"attachment-medium size-medium\" alt=\"\" srcset=\"https:\/\/archive.sana.sy\/tr\/wp-content\/uploads\/2015\/08\/Cumhurba\u015fkan\u0131-Be\u015f\u015far-el-Esad-L\u00fcbnanl\u0131-el-Menar-Televizyonuna-R\u00f6portaj-Veriyor-5-300x160.jpg 300w, https:\/\/archive.sana.sy\/tr\/wp-content\/uploads\/2015\/08\/Cumhurba\u015fkan\u0131-Be\u015f\u015far-el-Esad-L\u00fcbnanl\u0131-el-Menar-Televizyonuna-R\u00f6portaj-Veriyor-5-150x80.jpg 150w, https:\/\/archive.sana.sy\/tr\/wp-content\/uploads\/2015\/08\/Cumhurba\u015fkan\u0131-Be\u015f\u015far-el-Esad-L\u00fcbnanl\u0131-el-Menar-Televizyonuna-R\u00f6portaj-Veriyor-5-1024x543.jpg 1024w, https:\/\/archive.sana.sy\/tr\/wp-content\/uploads\/2015\/08\/Cumhurba\u015fkan\u0131-Be\u015f\u015far-el-Esad-L\u00fcbnanl\u0131-el-Menar-Televizyonuna-R\u00f6portaj-Veriyor-5-620x330.jpg 620w\" sizes=\"auto, (max-width: 300px) 100vw, 300px\" \/><\/a>\n\t\t\t<\/div><\/figure><figure class='gallery-item'>\n\t\t\t<div class='gallery-icon landscape'>\n\t\t\t\t<a href='https:\/\/archive.sana.sy\/tr\/wp-content\/uploads\/2015\/08\/Cumhurba\u015fkan\u0131-Be\u015f\u015far-el-Esad-L\u00fcbnanl\u0131-el-Menar-Televizyonuna-R\u00f6portaj-Veriyor-2.jpg'><img loading=\"lazy\" decoding=\"async\" width=\"300\" height=\"200\" src=\"https:\/\/archive.sana.sy\/tr\/wp-content\/uploads\/2015\/08\/Cumhurba\u015fkan\u0131-Be\u015f\u015far-el-Esad-L\u00fcbnanl\u0131-el-Menar-Televizyonuna-R\u00f6portaj-Veriyor-2-300x200.jpg\" class=\"attachment-medium size-medium\" alt=\"\" srcset=\"https:\/\/archive.sana.sy\/tr\/wp-content\/uploads\/2015\/08\/Cumhurba\u015fkan\u0131-Be\u015f\u015far-el-Esad-L\u00fcbnanl\u0131-el-Menar-Televizyonuna-R\u00f6portaj-Veriyor-2-300x200.jpg 300w, https:\/\/archive.sana.sy\/tr\/wp-content\/uploads\/2015\/08\/Cumhurba\u015fkan\u0131-Be\u015f\u015far-el-Esad-L\u00fcbnanl\u0131-el-Menar-Televizyonuna-R\u00f6portaj-Veriyor-2-150x100.jpg 150w, https:\/\/archive.sana.sy\/tr\/wp-content\/uploads\/2015\/08\/Cumhurba\u015fkan\u0131-Be\u015f\u015far-el-Esad-L\u00fcbnanl\u0131-el-Menar-Televizyonuna-R\u00f6portaj-Veriyor-2.jpg 1000w\" sizes=\"auto, (max-width: 300px) 100vw, 300px\" \/><\/a>\n\t\t\t<\/div><\/figure>\n\t\t<\/div>\n\n","protected":false},"excerpt":{"rendered":"<p>Cumhurba\u015fkan\u0131 Be\u015f\u015far el Esad L\u00fcbnanl\u0131 el Menar Televizyonuna R\u00f6portaj Veriyor<\/p>\n","protected":false},"author":1,"featured_media":44775,"comment_status":"closed","ping_status":"closed","sticky":false,"template":"","format":"standard","meta":{"footnotes":""},"categories":[6459],"tags":[16418],"class_list":["post-44774","post","type-post","status-publish","format-standard","has-post-thumbnail","","category-sana-fotolarl","tag-cumhurbaskani-bessar-el-esad-lubnanli-el-menar-televizyonuna-roportaj-veriyor"],"_links":{"self":[{"href":"https:\/\/archive.sana.sy\/tr\/index.php?rest_route=\/wp\/v2\/posts\/44774","targetHints":{"allow":["GET"]}}],"collection":[{"href":"https:\/\/archive.sana.sy\/tr\/index.php?rest_route=\/wp\/v2\/posts"}],"about":[{"href":"https:\/\/archive.sana.sy\/tr\/index.php?rest_route=\/wp\/v2\/types\/post"}],"author":[{"embeddable":true,"href":"https:\/\/archive.sana.sy\/tr\/index.php?rest_route=\/wp\/v2\/users\/1"}],"replies":[{"embeddable":true,"href":"https:\/\/archive.sana.sy\/tr\/index.php?rest_route=%2Fwp%2Fv2%2Fcomments&post=44774"}],"version-history":[{"count":0,"href":"https:\/\/archive.sana.sy\/tr\/index.php?rest_route=\/wp\/v2\/posts\/44774\/revisions"}],"wp:featuredmedia":[{"embeddable":true,"href":"https:\/\/archive.sana.sy\/tr\/index.php?rest_route=\/wp\/v2\/media\/44775"}],"wp:attachment":[{"href":"https:\/\/archive.sana.sy\/tr\/index.php?rest_route=%2Fwp%2Fv2%2Fmedia&parent=44774"}],"wp:term":[{"taxonomy":"category","embeddable":true,"href":"https:\/\/archive.sana.sy\/tr\/index.php?rest_route=%2Fwp%2Fv2%2Fcategories&post=44774"},{"taxonomy":"post_tag","embeddable":true,"href":"https:\/\/archive.sana.sy\/tr\/index.php?rest_route=%2Fwp%2Fv2%2Ftags&post=44774"}],"curies":[{"name":"wp","href":"https:\/\/api.w.org\/{rel}","templated":true}]}}