{"id":4478,"date":"2014-07-04T13:15:49","date_gmt":"2014-07-04T10:15:49","guid":{"rendered":"http:\/\/www.sana.sy\/tr\/?p=4478"},"modified":"2014-07-04T19:32:59","modified_gmt":"2014-07-04T16:32:59","slug":"kiralik-teroristler-hedef-alindi-sizma-girisimleri-de-cokertildi","status":"publish","type":"post","link":"https:\/\/archive.sana.sy\/tr\/?p=4478","title":{"rendered":"Kiral\u0131k Ter\u00f6ristler Hedef Al\u0131nd\u0131 S\u0131zma Giri\u015fimleri de \u00c7\u00f6kertildi"},"content":{"rendered":"<p><span style=\"color: #800000\">\u0130LLER \u2013<\/span> Ordu ve silahl\u0131 kuvvetlerimize tabi kahraman birliklerimiz yurdun muhtelif b\u00f6lgelerinde \u00e7okuluslu\u00a0ter\u00f6r gruplar\u0131na y\u00f6nelik askeri operasyonlar\u0131n\u0131 ba\u015far\u0131yla s\u00fcrd\u00fcr\u00fcrken ter\u00f6ristlerin a\u011f\u0131r kay\u0131plar\u0131 da s\u00fcr\u00fcyor.<\/p>\n<p><span style=\"color: #0000ff\">\u015eam K\u0131rsal\u0131nda T\u00fcnel \u015eebekeleri \u0130mha Edildi<\/span><\/p>\n<p>Askeri bir kaynak ordu birliklerimizin \u015eam\u2019\u0131n Cobar Semtindeki Ma\u011fazil B\u00f6lgesinde bir k\u0131sm\u0131 70 metre uzunlu\u011funda ve 14 metre yerin alt\u0131nda olan birbirlerine ba\u011fl\u0131 bir t\u00fcnel \u015febekesini imha ettiklerini belirtti. Kaynak tekfirci ve hain ter\u00f6r \u00e7etelerinin bu t\u00fcnel \u015febekesini yer de\u011fi\u015ftirme, cephane ta\u015f\u0131ma, g\u00fcvenli b\u00f6lgelerde bomba d\u00fczenekleri yerle\u015ftirme ve vatanda\u015flar\u0131 keskin ni\u015fanc\u0131 silahlar\u0131yla hedef almak i\u00e7in kulland\u0131klar\u0131n\u0131 a\u00e7\u0131klarken, t\u00fcnellerde bulunan \u00e7ok say\u0131da ter\u00f6ristin \u00f6ld\u00fcr\u00fcld\u00fc\u011f\u00fcn\u00fc belirtti.<\/p>\n<p>Vatan koruyucular\u0131 ordu birliklerimiz \u015eam k\u0131rsal\u0131n\u0131n Duma B\u00f6lgesindeki Aliye ve el Ub \u00e7iftliklerine ilaveten Do\u011fu \u011euta B\u00f6lgesindeki Meydea \u00c7iftliklerinde bir\u00e7ok ter\u00f6r yuvas\u0131yla birlikte \u00e7ok say\u0131da ter\u00f6risti \u00f6l\u00fc yaral\u0131 d\u00fc\u015f\u00fcrd\u00fc.<\/p>\n<p>Mleyha cephesinde ise ordu birliklerimiz beldenin kuzey ve do\u011fusuna d\u00fc\u015fen tar\u0131m arazilerinde \u00e7ok say\u0131da ter\u00f6risti su\u00e7 edatlar\u0131yla birlikte etkisiz hale getirirken, Kefar Batna ve Ayn Terma Vadisinde bir\u00e7ok ter\u00f6r yuvas\u0131yla birlikte \u00e7ok say\u0131da ter\u00f6risti silah ve ara\u00e7lar\u0131yla birlikte etkisiz hale getirdi.<\/p>\n<p><span style=\"color: #0000ff\">Halep ve K\u0131rsal\u0131nda Ter\u00f6ristlerin A\u011f\u0131r Kay\u0131plar\u0131 S\u00fcr\u00fcyor<\/span><\/p>\n<p>Askeri kaynak SANA\u2019ya a\u00e7\u0131klamas\u0131nda ordu ve silahl\u0131 kuvvetlerimizin Halep ve k\u0131rsal\u0131nda, eski Halep, \u015eaar, Zerbe, Baidin, Sanayi B\u00f6lgesi, Gondol, Meslemiye, Kuveyris, Had\u0131r, Kefar Hamra, Tel Karah, Hureytan, Zahrat Abd Rabbo ve Azzaz\u2019da ter\u00f6ristlerin toplanma merkezlerini hedef ald\u0131\u011f\u0131n\u0131 belirtti.<\/p>\n<p>Kaynak, d\u00fczenlenen operasyonlarda \u00e7ok say\u0131da ter\u00f6ristin \u00f6l\u00fc ve yaral\u0131 d\u00fc\u015f\u00fcr\u00fcld\u00fc\u011f\u00fcn\u00fc, ter\u00f6ristlere ait b\u00fcy\u00fck say\u0131da arac\u0131n imha edildi\u011fini bunun yan\u0131 s\u0131ra Tel Cebin\u2019de bir m\u00fchimmat deposunun da imha edildi\u011fini s\u00f6yledi.<\/p>\n<p><span style=\"color: #0000ff\">Dera\u2019da Ter\u00f6rist Gruplar Hedef Al\u0131nd\u0131 S\u0131zma Giri\u015fimleri de \u00c7\u00f6kertildi<\/span><\/p>\n<p>Ordu ve silahl\u0131 kuvvetlere tabi birliklerimiz Dera k\u0131rsal\u0131n\u0131n bir ka\u00e7 b\u00f6lgesinde \u00e7ok say\u0131da ter\u00f6risti \u00f6l\u00fc ve yaral\u0131 d\u00fc\u015f\u00fcrd\u00fc. Suriye \u00dcrd\u00fcn s\u0131n\u0131r\u0131nda da s\u0131zma giri\u015fimlerini \u00e7\u00f6kertti.<\/p>\n<p>Askeri kaynak SANA\u2019ya a\u00e7\u0131klamas\u0131nda ordu ve silahl\u0131 kuvvetlerimizin Dera k\u0131rsal\u0131 Semlin-Zemrin yol kav\u015fa\u011f\u0131 ve Atman\u2019da silahl\u0131 ter\u00f6r gruplar\u0131n\u0131 hedef ald\u0131\u011f\u0131n\u0131 i\u00e7indeki ter\u00f6ristlerle birlikte bir ara\u00e7lar\u0131n\u0131 da imha ettiklerini belirtti.<\/p>\n<p>Dera Bat\u0131 k\u0131rsal\u0131 Hicce Beldesinin g\u00fcneydo\u011fusunda bir ter\u00f6r grubunu hedef ald\u0131\u011f\u0131n\u0131 baz\u0131 ter\u00f6ristlerle birlikte bir ara\u00e7lar\u0131n\u0131 da imha ettiklerini belirtti.<\/p>\n<p>\u00d6te yandan askeri kaynak SANA\u2019ya a\u00e7\u0131klamas\u0131nda ordu ve silahl\u0131 kuvvetlerimizden bir birli\u011fin silahl\u0131 bir ter\u00f6r grubunun Suriye \u2013 \u00dcrd\u00fcn s\u0131n\u0131r\u0131ndaki Dera k\u0131rsal\u0131n\u0131n T\u0131sya Beldesinde bir askeri kontrol noktas\u0131na do\u011fru s\u0131zma giri\u015fimlerini etkisiz hale getirdi\u011fini ve ter\u00f6rist grup elemanlar\u0131n\u0131 \u00f6l\u00fc ve yaral\u0131 d\u00fc\u015f\u00fcrd\u00fc\u011f\u00fcn\u00fc ifade etti.<\/p>\n<p><span style=\"color: #0000ff\">\u0130dlib K\u0131rsal\u0131nda Yabanc\u0131 Uyruklu Ter\u00f6ristler \u00d6ld\u00fcr\u00fcld\u00fc<\/span><\/p>\n<p>Ordu ve silahl\u0131 kuvvetlere tabi birliklerimiz \u0130dlib k\u0131rsal\u0131nda ter\u00f6ristlerin toplanma merkezleri ve h\u00fccrelerini hedef almas\u0131 sonucunda aralar\u0131nda yabanc\u0131 uyruklular\u0131n bulundu\u011fu \u00e7ok say\u0131da ter\u00f6risti \u00f6l\u00fc ve yaral\u0131 d\u00fc\u015f\u00fcrd\u00fc.<\/p>\n<p>Askeri kaynak SANA\u2019ya a\u00e7\u0131klamas\u0131nda, askeri birliklerin \u0130dlib k\u0131rsal\u0131 Cebel el Zaviye \u015eennan K\u00f6y\u00fc \u00e7evresinde iki h\u00fccreyi hedef alarak aralar\u0131nda yabanc\u0131 uyruklular\u0131n bulundu\u011fu \u00e7ok say\u0131da ter\u00f6risti \u00f6ld\u00fcrd\u00fc\u011f\u00fcn\u00fc bir m\u00fchimmat ve f\u00fcze deposu yan\u0131 s\u0131ra a\u011f\u0131r silahlarla donan\u0131ml\u0131 bir ka\u00e7 arac\u0131 imha etti\u011fini ifade etti.<\/p>\n<p>Kaynak, ordu birliklerinin Hac\u0131 Hammud Mezraas\u0131, Benni\u015f ve Kefarruma\u2019da \u00e7ok say\u0131da ter\u00f6risti \u00f6l\u00fc ve yaral\u0131 d\u00fc\u015f\u00fcrd\u00fc.<\/p>\n<p>\u0130dlib k\u0131rsal\u0131n\u0131n Benni\u015f Kasabas\u0131 kenarlar\u0131nda Nusra Cephesi ve \u2018Ahrar el \u015eam\u2019 olarak bilinen ter\u00f6r \u00e7etelerinin karargahlar\u0131n\u0131 hedef alan ordu birliklerimiz; geneli yabanc\u0131lardan olu\u015fan \u00e7ok say\u0131da ter\u00f6ristle birlikte bir k\u0131sm\u0131 a\u011f\u0131r makineli silahlarla donat\u0131lm\u0131\u015f bir\u00e7ok ara\u00e7lar\u0131n\u0131 da imha etti. Operasyonda ter\u00f6ristlerin bir ila\u00e7 deposu da imha edildi.<\/p>\n<p>Ordu birliklerimiz Muarrat el Masrin Beldesi yak\u0131nlar\u0131nda da ter\u00f6ristlerin k\u00fcmelenme yerlerini hedef al\u0131rken, aralar\u0131nda az\u0131l\u0131 ter\u00f6ristlerin bulundu\u011fu \u00e7ok say\u0131da ter\u00f6risti \u00f6l\u00fc yaral\u0131 d\u00fc\u015f\u00fcrd\u00fc.<\/p>\n","protected":false},"excerpt":{"rendered":"<p>\u0130LLER \u2013 Ordu ve silahl\u0131 kuvvetlerimize tabi kahraman birliklerimiz yurdun muhtelif b\u00f6lgelerinde \u00e7okuluslu\u00a0ter\u00f6r gruplar\u0131na y\u00f6nelik askeri operasyonlar\u0131n\u0131 ba\u015far\u0131yla s\u00fcrd\u00fcr\u00fcrken ter\u00f6ristlerin a\u011f\u0131r kay\u0131plar\u0131 da s\u00fcr\u00fcyor. \u015eam K\u0131rsal\u0131nda T\u00fcnel \u015eebekeleri \u0130mha Edildi Askeri bir kaynak ordu birliklerimizin \u015eam\u2019\u0131n Cobar Semtindeki Ma\u011fazil B\u00f6lgesinde bir k\u0131sm\u0131 70 metre uzunlu\u011funda ve 14 metre yerin alt\u0131nda olan birbirlerine ba\u011fl\u0131 bir t\u00fcnel &hellip;<\/p>\n","protected":false},"author":1,"featured_media":4541,"comment_status":"closed","ping_status":"closed","sticky":false,"template":"","format":"standard","meta":{"footnotes":""},"categories":[575],"tags":[977],"class_list":["post-4478","post","type-post","status-publish","format-standard","has-post-thumbnail","","category-olaylar-ve-gercekler","tag-kiralik-teroristler-hedef-alindi-sizma-girisimleri-de-cokertildi"],"_links":{"self":[{"href":"https:\/\/archive.sana.sy\/tr\/index.php?rest_route=\/wp\/v2\/posts\/4478","targetHints":{"allow":["GET"]}}],"collection":[{"href":"https:\/\/archive.sana.sy\/tr\/index.php?rest_route=\/wp\/v2\/posts"}],"about":[{"href":"https:\/\/archive.sana.sy\/tr\/index.php?rest_route=\/wp\/v2\/types\/post"}],"author":[{"embeddable":true,"href":"https:\/\/archive.sana.sy\/tr\/index.php?rest_route=\/wp\/v2\/users\/1"}],"replies":[{"embeddable":true,"href":"https:\/\/archive.sana.sy\/tr\/index.php?rest_route=%2Fwp%2Fv2%2Fcomments&post=4478"}],"version-history":[{"count":0,"href":"https:\/\/archive.sana.sy\/tr\/index.php?rest_route=\/wp\/v2\/posts\/4478\/revisions"}],"wp:featuredmedia":[{"embeddable":true,"href":"https:\/\/archive.sana.sy\/tr\/index.php?rest_route=\/wp\/v2\/media\/4541"}],"wp:attachment":[{"href":"https:\/\/archive.sana.sy\/tr\/index.php?rest_route=%2Fwp%2Fv2%2Fmedia&parent=4478"}],"wp:term":[{"taxonomy":"category","embeddable":true,"href":"https:\/\/archive.sana.sy\/tr\/index.php?rest_route=%2Fwp%2Fv2%2Fcategories&post=4478"},{"taxonomy":"post_tag","embeddable":true,"href":"https:\/\/archive.sana.sy\/tr\/index.php?rest_route=%2Fwp%2Fv2%2Ftags&post=4478"}],"curies":[{"name":"wp","href":"https:\/\/api.w.org\/{rel}","templated":true}]}}