{"id":44783,"date":"2015-08-26T20:33:22","date_gmt":"2015-08-26T17:33:22","guid":{"rendered":"http:\/\/sana.sy\/tr\/?p=44783"},"modified":"2015-08-27T14:43:23","modified_gmt":"2015-08-27T11:43:23","slug":"dis-baglantili-hainler-ve-tekfircilere-yonelik-operasyonlar-suruyor","status":"publish","type":"post","link":"https:\/\/archive.sana.sy\/tr\/?p=44783","title":{"rendered":"D\u0131\u015f Ba\u011flant\u0131l\u0131 Hainler ve Tekfircilere Y\u00f6nelik Operasyonlar S\u00fcr\u00fcyor"},"content":{"rendered":"<p>\u0130LLER \u2013 Vatan koruyucular\u0131 ordu birliklerimiz T\u00fcrkiye&#8217;deki Erdo\u011fan rejimi, \u0130srail, Suudi kraal\u0131k rejimi, Katar \u015feyhli\u011fi ve daha ba\u015fka d\u0131\u015f g\u00fc\u00e7lere tabi vatan hainleri ve tekfirci ter\u00f6ristlere y\u00f6nelik operasyonlar\u0131n\u0131 ba\u015far\u0131yla s\u00fcrd\u00fcr\u00fcyor.<\/p>\n<p><span style=\"color: #0000ff\">KUNAYTRA:<\/span><\/p>\n<p>Kunaytra k\u0131rsal\u0131nda siyonist \u0130srail ile ba\u011flant\u0131l\u0131 Nusra Cephesi ve daha ba\u015fka adland\u0131rmalar alt\u0131ndaki ter\u00f6r \u00f6rg\u00fctlere kar\u015f\u0131 operasyonlar\u0131n\u0131 s\u00fcrd\u00fcren ordu birliklerimizden bir kaynak; Hmeydiye ve Cebata el Ha\u015fab b\u00f6lgelerinde MOSSAD direktifleriyle faaliyet g\u00f6steren Nusra Cepheli \u00e7ok say\u0131da ter\u00f6ristin \u00f6ld\u00fcr\u00fcld\u00fc\u011f\u00fcn\u00fc belirtti. Kaynak nitelikli operasyonda tekfircilere ait bir dozer ve a\u011f\u0131r silahlar\u0131n imha edildi\u011fini de s\u00f6zlerine ekledi.<\/p>\n<p>Kaynak Kunaytra Kentinin yakla\u015f\u0131k 18 km g\u00fcneydo\u011fusuna d\u00fc\u015fen Biir Acem B\u00f6lgesinde de \u00e7ok say\u0131da ter\u00f6ristin a\u011f\u0131r silahlarla donat\u0131lm\u0131\u015f ara\u00e7lar\u0131yla imha edildiklerini ifade etti.<\/p>\n<p>Bu arada Kunaytra k\u0131rsal\u0131nda geneli yabanc\u0131lardan olu\u015fan ve Kaide \u00d6rg\u00fct\u00fcn\u00fcn Suriye kolu Nusra Cephesi saflar\u0131nda i\u015fgalci \u0130srail&#8217;in destek ve y\u00f6nlendirmeleriyle faaliyet g\u00f6steren tekfirci ter\u00f6ristler bulunuyor.<\/p>\n<p><span style=\"color: #0000ff\">HOMS:<\/span><\/p>\n<p>Homs k\u0131rsal\u0131nda ise askeri bir kaynak ordu birliklerimizin yerel halk\u0131n i\u015fbirli\u011fi ile k\u0131rsal\u0131n do\u011fusu Um Cami ve Mekser el Hisan k\u00f6ylerine sald\u0131rmaya \u00e7al\u0131\u015fan I\u015e\u0130D \u00e7eteleriyle \u00e7at\u0131\u015fmalara girdiklerini s\u00f6yledi. \u00c7at\u0131\u015fmalarda sald\u0131rganlar\u0131n say\u0131, ara\u00e7 ve silahlar\u0131yla a\u011f\u0131r kay\u0131plara u\u011frat\u0131lmalar\u0131 ard\u0131ndan sa\u011f kalanlar\u0131n ka\u00e7t\u0131klar\u0131n\u0131 ifade eden kaynak; ordu birliklerimizin ka\u00e7an tekfircileri kovalamaya devam ettiklerini aktard\u0131.<\/p>\n<p>Bu arada hava g\u00fc\u00e7lerimiz Homs Kentinin yakla\u015f\u0131k 85 km do\u011fusuna d\u00fc\u015fen Karyeteyn Kentinin kuzeyine ilaveten Cezl Petrol Platformunun do\u011fusunda I\u015e\u0130D\u2019in toplanma yerlerini imha etti. Operasyonlarda onlarca tekfirciyle birlikte bir k\u0131sm\u0131 a\u011f\u0131r silahla donat\u0131lm\u0131\u015f bir\u00e7ok arac\u0131n ta\u015f\u0131d\u0131\u011f\u0131 ter\u00f6rist ve cephaneyle birlikte havaya u\u00e7uruldu\u011fu bildirildi.<\/p>\n<p>Ordu birliklerimiz d\u00fcn de hava g\u00fc\u00e7lerimizin i\u015fbirli\u011fi ile Cezl Platformu civarlar\u0131nda I\u015e\u0130D\u2019e ait bir k\u0131sm\u0131 z\u0131rhl\u0131 olan \u00e7ok say\u0131da arac\u0131 imha ederek onlarca tekfirciyi \u00f6l\u00fc yaral\u0131 d\u00fc\u015f\u00fcrm\u00fc\u015flerdi.<\/p>\n<p>Homs k\u0131rsal\u0131n\u0131n kuzeyi Resten B\u00f6lgesinde ise ordu birliklerimiz dakik bilgiler \u00fczerine d\u00fczenledi\u011fi nitelikli operasyonla Um \u015ear\u015fuh K\u00f6y\u00fcnde ter\u00f6r eleba\u015flar\u0131n\u0131n bulundu\u011fu bir karargah\u0131 muhtevalar\u0131yla tamamen imha etti.<\/p>\n<p>Di\u011fer yandan Nusra Cephesi ve \u00e7at\u0131s\u0131 alt\u0131ndaki muhtelif ter\u00f6r \u00f6rg\u00fctlerden y\u00fcksek say\u0131da ter\u00f6ristin Resten Baraj\u0131na sald\u0131r\u0131 giri\u015fiminde bulunduklar\u0131na i\u015faret eden askeri kaynak; baraj\u0131 koruma g\u00fc\u00e7lerimizin sald\u0131rganlar\u0131 b\u00fcy\u00fck kay\u0131plara u\u011fratarak sald\u0131r\u0131y\u0131 \u00e7\u00f6kertmeyi ba\u015fard\u0131klar\u0131n\u0131 belirtti.<\/p>\n<p>Homs iline tabi Tedmur k\u0131rsal\u0131 Vadi Abyad Baraj\u0131n\u0131n \u00e7evresi ve Zekara Vadisinde ise ordu birliklerimiz I\u015e\u0130D ter\u00f6r \u00f6rg\u00fct\u00fcne ait z\u0131rhl\u0131 3 arac\u0131 imha etti.<\/p>\n<p><span style=\"color: #0000ff\">S\u00dcVEYDA:<\/span><\/p>\n<p>\u00d6te yandan ordu birliklerimiz bug\u00fcn erken saatlerde halk savunma g\u00fc\u00e7leriyle i\u015fbirli\u011fi i\u00e7inde S\u00fcveyda Kentinin 38 km do\u011fusuna d\u00fc\u015fen Re\u015fide Su Kuyular\u0131 B\u00f6lgesinde siperlenen I\u015e\u0130D tekfircilerine nitelikli ve h\u0131zl\u0131 bir operasyon d\u00fczenledi. Askeri kaynak operasyonda bir k\u0131sm\u0131 a\u011f\u0131r silahlarla donat\u0131lm\u0131\u015f bir\u00e7ok arac\u0131n imha edildi\u011fini, aralar\u0131nda yabanc\u0131lar\u0131n da bulundu\u011fu bir\u00e7ok tekfircinin de \u00f6ld\u00fcr\u00fcld\u00fc\u011f\u00fcn\u00fc belirtti.<\/p>\n<p>I\u015e\u0130D \u00e7eteleri su kuyular\u0131 b\u00f6lgesini sabote etmeleri ard\u0131ndan cephane depolar\u0131 ve siperlere d\u00f6n\u00fc\u015ft\u00fcrerek civardaki sivil b\u00f6lgelere sald\u0131r\u0131lar\u0131nda ter\u00f6r karargahlar\u0131na d\u00f6n\u00fc\u015ft\u00fcrd\u00fcler.<\/p>\n<p><span style=\"color: #0000ff\">DERA:<\/span><\/p>\n<p>Bu arada S\u00fcveyda il idari s\u0131n\u0131rlar\u0131na yak\u0131n d\u00fc\u015fen Dera k\u0131rsal\u0131n\u0131n kuzeydo\u011fusu Tel \u015eeyh H\u00fcseyin B\u00f6lgesinde ise ordu birliklerimiz ter\u00f6r h\u00fccrelerini hedef alan operasyonlar\u0131nda 6 ter\u00f6risti silah ve ekipmanlar\u0131yla birlikte etkisizle\u015ftirdi.<\/p>\n<p>Dera k\u0131rsal\u0131n\u0131n do\u011fusu Tlul Hleyf B\u00f6lgesinde de tekfirci ve hainlere ait bir \u00e7ok arac\u0131 ta\u015f\u0131d\u0131\u011f\u0131 ter\u00f6rist ve cephaneyle birlikte imha eden ordu birliklerimiz; Dera Beled\u2019\u00een bir\u00e7ok m\u0131nt\u0131kas\u0131nda yine ara\u00e7lar\u0131yla birlikte \u00e7ok say\u0131da ter\u00f6risti etkisizle\u015ftirdi.<\/p>\n<p><span style=\"color: #0000ff\">LAZK\u0130YE:<\/span><\/p>\n<p>Lazkiye k\u0131rsal\u0131n\u0131n kuzeyinde ise hava g\u00fc\u00e7lerimiz T\u00fcrkiye&#8217;deki Erdo\u011fan rejimi taraf\u0131ndan komuta edilip her t\u00fcrl\u00fc deste\u011fi alan Kaide \u00d6rg\u00fct\u00fcn\u00fcn Suriye kolu Nusra Cephesiyle birlikte di\u011fer tekfirci ve hain \u00f6rg\u00fctlerin karargah ve hareketlerini imha etti.<\/p>\n<p>SANA\u2019ya a\u00e7\u0131klama yapan askeri kaynak; \u0130dlib ve Hama il idari s\u0131n\u0131rlar\u0131na yak\u0131n d\u00fc\u015fen Meluha Tepesi, Ketf el Harik, Cub el Ahmar, Semk\u00fcfe ve Merke\u015fliye b\u00f6lgelerinde hava g\u00fc\u00e7lerimizin ter\u00f6ristlere ait karargah ve toplanma yerlerini muhtevalar\u0131yla imha ettiklerini aktard\u0131.<\/p>\n<p>Hava operasyonlar\u0131nda 70\u2019ten fazla ter\u00f6ristin \u00f6l\u00fc 40\u2019tan fazla ter\u00f6ristin de yaral\u0131 d\u00fc\u015f\u00fcr\u00fcld\u00fc\u011f\u00fcn\u00fc belirten kaynak; bir\u00e7ok ara\u00e7lar\u0131 ve b\u00fcy\u00fck miktarda cephanelerinin de imha edildi\u011fini s\u00f6yledi. Kaynak \u00f6ld\u00fcr\u00fclen ter\u00f6ristler aras\u0131nda tehlikeli ve yabanc\u0131lar\u0131n da bulundu\u011funa dikkat \u00e7ekti.<\/p>\n<p>Bilinece\u011fi \u00fczere Lazkiye il idari s\u0131n\u0131rlar\u0131na d\u00fc\u015fen Cub el Ahmar K\u00f6y\u00fc; Erdo\u011fan \u00e7eteleri i\u00e7in Hama k\u0131rsal\u0131n\u0131n \u011eab Vadisi ve \u0130dlib k\u0131rsal\u0131n\u0131n Cisre\u015f\u015fu\u011fur B\u00f6lgesindeki ter\u00f6r eylemlerinin ana merkezi say\u0131l\u0131yor.<\/p>\n<p>Bu arada ter\u00f6r \u00e7eteleri medya ara\u00e7lar\u0131nda Lazkiye k\u0131rsal\u0131nda olduk\u00e7a b\u00fcy\u00fck kay\u0131plar verdiklerini itiraf ederlerken; \u00f6l\u00fc ve yaral\u0131lar\u0131n bir k\u0131sm\u0131n\u0131n yabanc\u0131 oldu\u011funu, yaral\u0131lar\u0131n da tedavi i\u00e7in Erdo\u011fan hastanelerine ta\u015f\u0131nd\u0131\u011f\u0131n\u0131 belirtti.<\/p>\n<p>G\u00fcn\u00fcn ilerleyen saatlerinde a\u00e7\u0131klama yapan bir kaynak; Lazkiye k\u0131rsal\u0131n\u0131n kuzeyi Dvayr el Ekrad, Akko Okulu civar\u0131 ve Kabbane b\u00f6lgelerinde ter\u00f6ristlerin toplanma yerleri ve mevkilerini hedef alan hava g\u00fc\u00e7lerimizin cephane ve ter\u00f6rist ta\u015f\u0131yan ara\u00e7lar\u0131n\u0131 imha ettiklerini bayan etti.<\/p>\n<p>Bu arada ter\u00f6ristler medya ara\u00e7lar\u0131nda \u2018Tevhit ve Cihat T\u00fcmeni\u2019nde Ali Hadad ve Mahir Faht adlar\u0131yla bilinen ter\u00f6r eleba\u015flar\u0131n\u0131n \u00f6ld\u00fcr\u00fcld\u00fcklerini itiraf etti.<\/p>\n<p><span style=\"color: #0000ff\">HAMA:<\/span><\/p>\n<p>Askeri kaynak; ordu birliklerimizin Hama k\u0131rsal\u0131n\u0131n kuzeyi Unkavi, Latamina, Ziyaret, Tel Vasit, Mansura, Tel Zarcem ve Hakora b\u00f6lgelerinde Erdo\u011fan rejiminin komuta ve deste\u011findeki \u2018Fetih Ordusu\u2019na tabi ter\u00f6r \u00f6rg\u00fctlerinden bir\u00e7ok ter\u00f6risti silahlar\u0131yla birlikte imha ettiklerini aktard\u0131.<\/p>\n<p>Hava g\u00fc\u00e7lerimizin Hama k\u0131rsal\u0131n\u0131n kuzeybat\u0131s\u0131 Me\u015fik ve Keston k\u00f6ylerinde ter\u00f6r \u00f6rg\u00fctlerin siper ve hareket eksenlerini hedef ald\u0131klar\u0131n\u0131 belirten kaynak; buralarda da y\u00fcksek say\u0131da ter\u00f6risti \u00f6l\u00fc ve yaral\u0131 d\u00fc\u015f\u00fcrd\u00fcklerini s\u00f6yledi.<\/p>\n<p>Bu arada saha kaynaklar\u0131 SANA\u2019ya a\u00e7\u0131klamalar\u0131nda hava g\u00fc\u00e7lerimizden destek alan ordu birliklerimizin \u011eab Vadisinde ter\u00f6ristlerin karargah ve \u00f6n hatlar\u0131n\u0131 hedef al\u0131rken Fas uyruklu ve \u2018Sukur el \u011eab Birlikleri\u2019 ad\u0131yla bilinen \u00e7etelerin bir eleba\u015f\u0131 olan Zahir el Lakta\u2019n\u0131n aralar\u0131nda bulundu\u011fu bir\u00e7ok ter\u00f6risti \u00f6ld\u00fcrd\u00fcklerini aktard\u0131.<\/p>\n<p><span style=\"color: #0000ff;line-height: 1.5\">HALEP:<\/span><\/p>\n<p>Halep k\u0131rsal\u0131nda ise askeri kaynak ordu birliklerimizin Museybin, Mellah \u00e7iftlikleri ve Han el Asel b\u00f6lgelerinde ter\u00f6ristlerin siper ve karargahlar\u0131n\u0131 imha ederek \u00e7ok say\u0131da ter\u00f6risti \u00f6l\u00fc ve yaral\u0131 d\u00fc\u015f\u00fcrd\u00fcklerini belirtti.<\/p>\n<p><span style=\"color: #0000ff\">\u0130DL\u0130B:<\/span><\/p>\n<p>Askeri kaynak; hava g\u00fc\u00e7lerimizin \u0130dlib k\u0131rsal\u0131 Tel Selmo ve Buvayti k\u00f6ylerine ilaveten Ebu Zuhur Havaliman\u0131 \u00e7evresi ve Ebu Zuhur Beldesinde katil Erdo\u011fan rejimine ba\u011fl\u0131 \u2018Fetih Ordusu\u2019na ait toplanma mevkileri ve destek hatlar\u0131n\u0131 hedef ald\u0131klar\u0131na i\u015faret etti. Kaynak operasyonlarda \u2018Fetih Ordusu\u2019ndan bir\u00e7ok ter\u00f6ristin \u00f6ld\u00fcr\u00fcl\u00fcp ara\u00e7lar\u0131n\u0131n da imha edildi\u011fini s\u00f6zlerine ekledi.<\/p>\n<p>Hava g\u00fc\u00e7lerimizin \u0130dlib k\u0131rsal\u0131n\u0131n g\u00fcneybat\u0131s\u0131 Ehsim, Muatram, Kokeftin, Karkur ve Ziyadiye b\u00f6lgelerinde yine \u2018Fetih Ordusu\u2019 \u00e7etelerinin yuva ve k\u00fcmelenme yerlerini hedef ald\u0131klar\u0131n\u0131 s\u00f6yleyen kaynak; saflar\u0131nda a\u011f\u0131r kay\u0131plara yol a\u00e7t\u0131klar\u0131na dikkat \u00e7ekti.<\/p>\n<p>Kaynak; \u0130dlib k\u0131rsal\u0131 Muarret el Numan Kentinin 5 km g\u00fcneydo\u011fusuna d\u00fc\u015fen Muar \u015emarin Beldesinde de ordu birliklerimizin ter\u00f6ristlerin bir yuvas\u0131n\u0131 muhtevalar\u0131yla birlikte imha ettiklerini s\u00f6yledi.<\/p>\n<p>A.A. &#8211; M.M.<\/p>\n","protected":false},"excerpt":{"rendered":"<p>\u0130LLER \u2013 Vatan koruyucular\u0131 ordu birliklerimiz T\u00fcrkiye&#8217;deki Erdo\u011fan rejimi, \u0130srail, Suudi kraal\u0131k rejimi, Katar \u015feyhli\u011fi ve daha ba\u015fka d\u0131\u015f g\u00fc\u00e7lere tabi vatan hainleri ve tekfirci ter\u00f6ristlere y\u00f6nelik operasyonlar\u0131n\u0131 ba\u015far\u0131yla s\u00fcrd\u00fcr\u00fcyor. KUNAYTRA: Kunaytra k\u0131rsal\u0131nda siyonist \u0130srail ile ba\u011flant\u0131l\u0131 Nusra Cephesi ve daha ba\u015fka adland\u0131rmalar alt\u0131ndaki ter\u00f6r \u00f6rg\u00fctlere kar\u015f\u0131 operasyonlar\u0131n\u0131 s\u00fcrd\u00fcren ordu birliklerimizden bir kaynak; Hmeydiye ve &hellip;<\/p>\n","protected":false},"author":1,"featured_media":44785,"comment_status":"closed","ping_status":"closed","sticky":false,"template":"","format":"standard","meta":{"footnotes":""},"categories":[575],"tags":[16419],"class_list":["post-44783","post","type-post","status-publish","format-standard","has-post-thumbnail","","category-olaylar-ve-gercekler","tag-dis-baglantili-hainler-ve-tekfircilere-yonelik-operasyonlar-suruyor"],"_links":{"self":[{"href":"https:\/\/archive.sana.sy\/tr\/index.php?rest_route=\/wp\/v2\/posts\/44783","targetHints":{"allow":["GET"]}}],"collection":[{"href":"https:\/\/archive.sana.sy\/tr\/index.php?rest_route=\/wp\/v2\/posts"}],"about":[{"href":"https:\/\/archive.sana.sy\/tr\/index.php?rest_route=\/wp\/v2\/types\/post"}],"author":[{"embeddable":true,"href":"https:\/\/archive.sana.sy\/tr\/index.php?rest_route=\/wp\/v2\/users\/1"}],"replies":[{"embeddable":true,"href":"https:\/\/archive.sana.sy\/tr\/index.php?rest_route=%2Fwp%2Fv2%2Fcomments&post=44783"}],"version-history":[{"count":0,"href":"https:\/\/archive.sana.sy\/tr\/index.php?rest_route=\/wp\/v2\/posts\/44783\/revisions"}],"wp:featuredmedia":[{"embeddable":true,"href":"https:\/\/archive.sana.sy\/tr\/index.php?rest_route=\/wp\/v2\/media\/44785"}],"wp:attachment":[{"href":"https:\/\/archive.sana.sy\/tr\/index.php?rest_route=%2Fwp%2Fv2%2Fmedia&parent=44783"}],"wp:term":[{"taxonomy":"category","embeddable":true,"href":"https:\/\/archive.sana.sy\/tr\/index.php?rest_route=%2Fwp%2Fv2%2Fcategories&post=44783"},{"taxonomy":"post_tag","embeddable":true,"href":"https:\/\/archive.sana.sy\/tr\/index.php?rest_route=%2Fwp%2Fv2%2Ftags&post=44783"}],"curies":[{"name":"wp","href":"https:\/\/api.w.org\/{rel}","templated":true}]}}