{"id":44790,"date":"2015-08-26T16:49:10","date_gmt":"2015-08-26T13:49:10","guid":{"rendered":"http:\/\/sana.sy\/tr\/?p=44790"},"modified":"2015-08-26T16:49:10","modified_gmt":"2015-08-26T13:49:10","slug":"tarim-olanaklari-daha-uygun-bir-sekilde-kullanilmalidir","status":"publish","type":"post","link":"https:\/\/archive.sana.sy\/tr\/?p=44790","title":{"rendered":"Tar\u0131m Olanaklar\u0131 Daha Uygun Bir \u015eekilde Kullan\u0131lmal\u0131d\u0131r"},"content":{"rendered":"<p>\u015eAM \u2013 Ba\u015fbakan Vail el Halaki bug\u00fcn D\u00fcnya M\u00fchendislik Birlikleri Federasyonu (WFEO) ve Arap Tar\u0131m M\u00fchendisleri Birli\u011finden bir heyet ile g\u00f6r\u00fc\u015fmesinde ter\u00f6re kar\u015f\u0131 sava\u015fta uluslar aras\u0131 \u00f6rg\u00fct ve federasyonlar\u0131n \u00fcstlerine d\u00fc\u015fen misyonu yerine getirmeleri \u00f6nemine dikkat \u00e7ekti.<\/p>\n<p><a href=\"http:\/\/sana.sy\/tr\/wp-content\/uploads\/2015\/08\/Halaki-1.jpg\"><img loading=\"lazy\" decoding=\"async\" class=\"alignright wp-image-44793 size-medium\" src=\"http:\/\/sana.sy\/tr\/wp-content\/uploads\/2015\/08\/Halaki-1-300x198.jpg\" alt=\"Halaki 1\" width=\"300\" height=\"198\" srcset=\"https:\/\/archive.sana.sy\/tr\/wp-content\/uploads\/2015\/08\/Halaki-1-300x198.jpg 300w, https:\/\/archive.sana.sy\/tr\/wp-content\/uploads\/2015\/08\/Halaki-1-150x99.jpg 150w, https:\/\/archive.sana.sy\/tr\/wp-content\/uploads\/2015\/08\/Halaki-1.jpg 1000w\" sizes=\"auto, (max-width: 300px) 100vw, 300px\" \/><\/a>Halaki g\u00f6r\u00fc\u015fmede Arap devletlerinin sahip olduklar\u0131 tar\u0131m olanaklar\u0131 ve ba\u015far\u0131l\u0131 tar\u0131m fakt\u00f6rlerinin mevcut olmas\u0131na ra\u011fmen bu devletlerin bir k\u0131sm\u0131n\u0131n tar\u0131m sekt\u00f6r\u00fcn\u00fc gerekti\u011fi gibi kullanmad\u0131klar\u0131n\u0131 belirtti. Arap devletlerinde tar\u0131m sekt\u00f6r\u00fcn\u00fcn geli\u015ftirilmesi i\u00e7in Arap Tar\u0131m M\u00fchendisleri Birli\u011fine ciddi bir sorumluluk d\u00fc\u015ft\u00fc\u011f\u00fcne i\u015faret eden Halaki; milli servetin heder edilmemesiyle birlikte g\u0131da g\u00fcvenli\u011finin sa\u011flanmas\u0131n\u0131n ciddi bir \u00f6nem ta\u015f\u0131d\u0131\u011f\u0131n\u0131 belirtti.<\/p>\n<p>Suriye&#8217;de kriz \u00f6ncesinde geli\u015fen tar\u0131m sekt\u00f6r\u00fc ve sa\u011flanan g\u0131da g\u00fcvenli\u011fine \u0131\u015f\u0131k tutan Ba\u015fbakan Halaki; Suriye&#8217;nin uzun y\u0131llar boyunca g\u0131da g\u00fcvenli\u011fi ve sosyal istikrarda model bir ayr\u0131cal\u0131k kazand\u0131\u011f\u0131n\u0131 s\u00f6yledi. Halaki fakat insan haklar\u0131, demokrasi, devrim ve daha benzer adland\u0131rmalar alt\u0131nda Suriye ve halk\u0131n\u0131 hedef alan d\u0131\u015f g\u00fc\u00e7lerin Suriye&#8217;deki hain edatlar\u0131 ve d\u00fcnyan\u0131n her k\u00f6\u015fe buca\u011f\u0131ndan getirdikleri kiral\u0131k ter\u00f6ristlerin ekonomi, altyap\u0131 ve hizmet kurumlar\u0131yla birlikte tar\u0131m sekt\u00f6r\u00fcn\u00fc de sistematik bir \u015fekilde sabote etmeye \u00e7al\u0131\u015ft\u0131klar\u0131n\u0131 vurgulad\u0131.<\/p>\n<p>Halaki D\u00fcnya M\u00fchendislik Birlikleri Federasyonu ve Arap Tar\u0131m M\u00fchendisleri Birli\u011fi heyetinin Suriye ve halk\u0131yla dayan\u0131\u015fma ama\u00e7l\u0131 bulunduklar\u0131 bu ziyaretin takdire \u015fayan oldu\u011funu ifade etti.<\/p>\n<p>G\u00f6r\u00fc\u015fmede D\u00fcnya M\u00fchendislik Birlikleri Federasyonu Ba\u015fkan\u0131 Mervan Abd\u00fclhamit; Suriye halk\u0131n\u0131n lideri ve ordusu etraf\u0131nda kenetlenmesiyle direni\u015f ve m\u00fccadelede bir \u00f6rnek oldu\u011funu t\u00fcm d\u00fcnyaya kan\u0131tlad\u0131\u011f\u0131n\u0131 s\u00f6yledi. Abd\u00fclhamit Suriye halk\u0131n\u0131n bu irade ve kararl\u0131l\u0131\u011f\u0131yla bir\u00e7ok devleti tutumlar\u0131n\u0131 de\u011fi\u015ftirmeye zorlad\u0131\u011f\u0131n\u0131 s\u00f6zlerine ekledi.<\/p>\n<p>Arap Tar\u0131m M\u00fchendisleri Birli\u011finin d\u00f6nem ba\u015fkan\u0131 Abd\u00fcsselam el Debba\u011f ise; t\u00fcm bask\u0131 ve dayatmalara ra\u011fmen Suriye halk\u0131n\u0131n m\u00fccadele azmi ve ya\u015fam iradesinin vatanlar\u0131na, ordular\u0131na ve liderlerine sevgisini kan\u0131tlad\u0131\u011f\u0131n\u0131 ifade etti.<\/p>\n<p>A.A. &#8211; M.M.<\/p>\n","protected":false},"excerpt":{"rendered":"<p>\u015eAM \u2013 Ba\u015fbakan Vail el Halaki bug\u00fcn D\u00fcnya M\u00fchendislik Birlikleri Federasyonu (WFEO) ve Arap Tar\u0131m M\u00fchendisleri Birli\u011finden bir heyet ile g\u00f6r\u00fc\u015fmesinde ter\u00f6re kar\u015f\u0131 sava\u015fta uluslar aras\u0131 \u00f6rg\u00fct ve federasyonlar\u0131n \u00fcstlerine d\u00fc\u015fen misyonu yerine getirmeleri \u00f6nemine dikkat \u00e7ekti. Halaki g\u00f6r\u00fc\u015fmede Arap devletlerinin sahip olduklar\u0131 tar\u0131m olanaklar\u0131 ve ba\u015far\u0131l\u0131 tar\u0131m fakt\u00f6rlerinin mevcut olmas\u0131na ra\u011fmen bu devletlerin bir &hellip;<\/p>\n","protected":false},"author":1,"featured_media":44792,"comment_status":"closed","ping_status":"closed","sticky":false,"template":"","format":"standard","meta":{"footnotes":""},"categories":[485,479,486,478],"tags":[16420],"class_list":["post-44790","post","type-post","status-publish","format-standard","has-post-thumbnail","","category-is-ve-sermaye","category-haberler-yerel","category-haberler-is-ve-sermaye","category-yerel","tag-tarim-olanaklari-daha-uygun-bir-sekilde-kullanilmalidir"],"_links":{"self":[{"href":"https:\/\/archive.sana.sy\/tr\/index.php?rest_route=\/wp\/v2\/posts\/44790","targetHints":{"allow":["GET"]}}],"collection":[{"href":"https:\/\/archive.sana.sy\/tr\/index.php?rest_route=\/wp\/v2\/posts"}],"about":[{"href":"https:\/\/archive.sana.sy\/tr\/index.php?rest_route=\/wp\/v2\/types\/post"}],"author":[{"embeddable":true,"href":"https:\/\/archive.sana.sy\/tr\/index.php?rest_route=\/wp\/v2\/users\/1"}],"replies":[{"embeddable":true,"href":"https:\/\/archive.sana.sy\/tr\/index.php?rest_route=%2Fwp%2Fv2%2Fcomments&post=44790"}],"version-history":[{"count":0,"href":"https:\/\/archive.sana.sy\/tr\/index.php?rest_route=\/wp\/v2\/posts\/44790\/revisions"}],"wp:featuredmedia":[{"embeddable":true,"href":"https:\/\/archive.sana.sy\/tr\/index.php?rest_route=\/wp\/v2\/media\/44792"}],"wp:attachment":[{"href":"https:\/\/archive.sana.sy\/tr\/index.php?rest_route=%2Fwp%2Fv2%2Fmedia&parent=44790"}],"wp:term":[{"taxonomy":"category","embeddable":true,"href":"https:\/\/archive.sana.sy\/tr\/index.php?rest_route=%2Fwp%2Fv2%2Fcategories&post=44790"},{"taxonomy":"post_tag","embeddable":true,"href":"https:\/\/archive.sana.sy\/tr\/index.php?rest_route=%2Fwp%2Fv2%2Ftags&post=44790"}],"curies":[{"name":"wp","href":"https:\/\/api.w.org\/{rel}","templated":true}]}}