{"id":44795,"date":"2015-08-26T17:34:45","date_gmt":"2015-08-26T14:34:45","guid":{"rendered":"http:\/\/sana.sy\/tr\/?p=44795"},"modified":"2015-08-26T17:34:45","modified_gmt":"2015-08-26T14:34:45","slug":"homsta-yakit-istasyonunu-hedef-aldilar","status":"publish","type":"post","link":"https:\/\/archive.sana.sy\/tr\/?p=44795","title":{"rendered":"Homs\u2019ta Yak\u0131t \u0130stasyonunu Hedef Ald\u0131lar"},"content":{"rendered":"<p>HOMS \u2013 Homs k\u0131rsal\u0131n\u0131n kuzeyi Telbise B\u00f6lgesinde bulunan eli kanl\u0131 ter\u00f6ristlerin Homs\u2019taki \u0130n\u015faat Semtinin Yak\u0131t \u0130stasyonunu bir roketle hedef ald\u0131.<\/p>\n<p>Homs Valili\u011finde bir kaynak SANA muhabirine a\u00e7\u0131klamas\u0131nda bug\u00fcn Homs Kentinin \u0130n\u015faat Semtindeki Muammo Yak\u0131t \u0130stasyonunda bir tankerin yak\u0131t bo\u015faltt\u0131\u011f\u0131 s\u0131rada ter\u00f6ristlerin f\u0131rlatt\u0131\u011f\u0131 bir roketin istasyona d\u00fc\u015ft\u00fc\u011f\u00fcn\u00fc belirtti. Kaynak hain sald\u0131r\u0131 sonucunda tankerin havaya u\u00e7mas\u0131yla 5 vatanda\u015f\u0131n \u015fehit, 30 vatanda\u015f\u0131n da yaral\u0131 d\u00fc\u015ft\u00fc\u011f\u00fcn\u00fc; \u0130stasyonda da b\u00fcy\u00fck maddi hasar\u0131n olu\u015ftu\u011funu ifade etti.<\/p>\n<p>M.M. &#8211; A.A.<\/p>\n","protected":false},"excerpt":{"rendered":"<p>HOMS \u2013 Homs k\u0131rsal\u0131n\u0131n kuzeyi Telbise B\u00f6lgesinde bulunan eli kanl\u0131 ter\u00f6ristlerin Homs\u2019taki \u0130n\u015faat Semtinin Yak\u0131t \u0130stasyonunu bir roketle hedef ald\u0131. Homs Valili\u011finde bir kaynak SANA muhabirine a\u00e7\u0131klamas\u0131nda bug\u00fcn Homs Kentinin \u0130n\u015faat Semtindeki Muammo Yak\u0131t \u0130stasyonunda bir tankerin yak\u0131t bo\u015faltt\u0131\u011f\u0131 s\u0131rada ter\u00f6ristlerin f\u0131rlatt\u0131\u011f\u0131 bir roketin istasyona d\u00fc\u015ft\u00fc\u011f\u00fcn\u00fc belirtti. Kaynak hain sald\u0131r\u0131 sonucunda tankerin havaya u\u00e7mas\u0131yla 5 &hellip;<\/p>\n","protected":false},"author":1,"featured_media":44796,"comment_status":"closed","ping_status":"closed","sticky":false,"template":"","format":"standard","meta":{"footnotes":""},"categories":[479,575,478],"tags":[16421],"class_list":["post-44795","post","type-post","status-publish","format-standard","has-post-thumbnail","","category-haberler-yerel","category-olaylar-ve-gercekler","category-yerel","tag-homsta-yakit-istasyonunu-hedef-aldilar"],"_links":{"self":[{"href":"https:\/\/archive.sana.sy\/tr\/index.php?rest_route=\/wp\/v2\/posts\/44795","targetHints":{"allow":["GET"]}}],"collection":[{"href":"https:\/\/archive.sana.sy\/tr\/index.php?rest_route=\/wp\/v2\/posts"}],"about":[{"href":"https:\/\/archive.sana.sy\/tr\/index.php?rest_route=\/wp\/v2\/types\/post"}],"author":[{"embeddable":true,"href":"https:\/\/archive.sana.sy\/tr\/index.php?rest_route=\/wp\/v2\/users\/1"}],"replies":[{"embeddable":true,"href":"https:\/\/archive.sana.sy\/tr\/index.php?rest_route=%2Fwp%2Fv2%2Fcomments&post=44795"}],"version-history":[{"count":0,"href":"https:\/\/archive.sana.sy\/tr\/index.php?rest_route=\/wp\/v2\/posts\/44795\/revisions"}],"wp:featuredmedia":[{"embeddable":true,"href":"https:\/\/archive.sana.sy\/tr\/index.php?rest_route=\/wp\/v2\/media\/44796"}],"wp:attachment":[{"href":"https:\/\/archive.sana.sy\/tr\/index.php?rest_route=%2Fwp%2Fv2%2Fmedia&parent=44795"}],"wp:term":[{"taxonomy":"category","embeddable":true,"href":"https:\/\/archive.sana.sy\/tr\/index.php?rest_route=%2Fwp%2Fv2%2Fcategories&post=44795"},{"taxonomy":"post_tag","embeddable":true,"href":"https:\/\/archive.sana.sy\/tr\/index.php?rest_route=%2Fwp%2Fv2%2Ftags&post=44795"}],"curies":[{"name":"wp","href":"https:\/\/api.w.org\/{rel}","templated":true}]}}