{"id":44801,"date":"2015-08-27T11:49:21","date_gmt":"2015-08-27T08:49:21","guid":{"rendered":"http:\/\/www.sana.sy\/tr\/?p=44801"},"modified":"2015-08-27T11:49:21","modified_gmt":"2015-08-27T08:49:21","slug":"teror-eylemleri-nedeniyle-beldelerini-terk-eden-huseyniye-ahalisi-evlerine-donuyor","status":"publish","type":"post","link":"https:\/\/archive.sana.sy\/tr\/?p=44801","title":{"rendered":"Ter\u00f6r eylemleri nedeniyle beldelerini terk eden H\u00fcseyniye ahalisi evlerine d\u00f6n\u00fcyor"},"content":{"rendered":"<p>Ter\u00f6r eylemleri nedeniyle beldelerini terk eden H\u00fcseyniye ahalisi evlerine d\u00f6n\u00fcyor<\/p>\n","protected":false},"excerpt":{"rendered":"<p>Ter\u00f6r eylemleri nedeniyle beldelerini terk eden H\u00fcseyniye ahalisi evlerine d\u00f6n\u00fcyor<\/p>\n","protected":false},"author":1,"featured_media":44805,"comment_status":"closed","ping_status":"closed","sticky":false,"template":"","format":"standard","meta":{"footnotes":""},"categories":[573],"tags":[16422],"class_list":["post-44801","post","type-post","status-publish","format-standard","has-post-thumbnail","","category-goruntulu-olaylar","tag-teror-eylemleri-nedeniyle-beldelerini-terk-eden-huseyniye-ahalisi-evlerine-donuyor"],"_links":{"self":[{"href":"https:\/\/archive.sana.sy\/tr\/index.php?rest_route=\/wp\/v2\/posts\/44801","targetHints":{"allow":["GET"]}}],"collection":[{"href":"https:\/\/archive.sana.sy\/tr\/index.php?rest_route=\/wp\/v2\/posts"}],"about":[{"href":"https:\/\/archive.sana.sy\/tr\/index.php?rest_route=\/wp\/v2\/types\/post"}],"author":[{"embeddable":true,"href":"https:\/\/archive.sana.sy\/tr\/index.php?rest_route=\/wp\/v2\/users\/1"}],"replies":[{"embeddable":true,"href":"https:\/\/archive.sana.sy\/tr\/index.php?rest_route=%2Fwp%2Fv2%2Fcomments&post=44801"}],"version-history":[{"count":0,"href":"https:\/\/archive.sana.sy\/tr\/index.php?rest_route=\/wp\/v2\/posts\/44801\/revisions"}],"wp:featuredmedia":[{"embeddable":true,"href":"https:\/\/archive.sana.sy\/tr\/index.php?rest_route=\/wp\/v2\/media\/44805"}],"wp:attachment":[{"href":"https:\/\/archive.sana.sy\/tr\/index.php?rest_route=%2Fwp%2Fv2%2Fmedia&parent=44801"}],"wp:term":[{"taxonomy":"category","embeddable":true,"href":"https:\/\/archive.sana.sy\/tr\/index.php?rest_route=%2Fwp%2Fv2%2Fcategories&post=44801"},{"taxonomy":"post_tag","embeddable":true,"href":"https:\/\/archive.sana.sy\/tr\/index.php?rest_route=%2Fwp%2Fv2%2Ftags&post=44801"}],"curies":[{"name":"wp","href":"https:\/\/api.w.org\/{rel}","templated":true}]}}