{"id":4481,"date":"2014-07-03T12:02:13","date_gmt":"2014-07-03T09:02:13","guid":{"rendered":"http:\/\/www.sana.sy\/tr\/?p=4481"},"modified":"2014-07-03T12:02:13","modified_gmt":"2014-07-03T09:02:13","slug":"homs-bati-kirsali-el-husn-beldesinde-silahli-teror-gruplarinin-ektigi-bomba-duzenekleri-ve-mayinlarin-temizlenmesi-toprak-barikatlarin-kaldirilmasi-ve-yollarin-tamamen-acilmasi-ardindan-ahali-beldele","status":"publish","type":"post","link":"https:\/\/archive.sana.sy\/tr\/?p=4481","title":{"rendered":"Homs Bat\u0131 k\u0131rsal\u0131 el Husn Beldesinde silahl\u0131 ter\u00f6r gruplar\u0131n\u0131n ekti\u011fi bomba d\u00fczenekleri ve may\u0131nlar\u0131n temizlenmesi, toprak barikatlar\u0131n kald\u0131r\u0131lmas\u0131 ve yollar\u0131n tamamen a\u00e7\u0131lmas\u0131 ard\u0131ndan ahali Beldelerine geri d\u00f6nmeye ba\u015flad\u0131."},"content":{"rendered":"<p>Homs Bat\u0131 k\u0131rsal\u0131 el Husn Beldesinde silahl\u0131 ter\u00f6r gruplar\u0131n\u0131n ekti\u011fi bomba d\u00fczenekleri ve may\u0131nlar\u0131n temizlenmesi, toprak barikatlar\u0131n kald\u0131r\u0131lmas\u0131 ve yollar\u0131n tamamen a\u00e7\u0131lmas\u0131 ard\u0131ndan ahali Beldelerine geri d\u00f6nmeye ba\u015flad\u0131.<\/p>\n","protected":false},"excerpt":{"rendered":"<p>Homs Bat\u0131 k\u0131rsal\u0131 el Husn Beldesinde silahl\u0131 ter\u00f6r gruplar\u0131n\u0131n ekti\u011fi bomba d\u00fczenekleri ve may\u0131nlar\u0131n temizlenmesi, toprak barikatlar\u0131n kald\u0131r\u0131lmas\u0131 ve yollar\u0131n tamamen a\u00e7\u0131lmas\u0131 ard\u0131ndan ahali Beldelerine geri d\u00f6nmeye ba\u015flad\u0131.<\/p>\n","protected":false},"author":1,"featured_media":0,"comment_status":"closed","ping_status":"closed","sticky":false,"template":"","format":"standard","meta":{"footnotes":""},"categories":[1],"tags":[978,979],"class_list":["post-4481","post","type-post","status-publish","format-standard","","category-news-not-sorted","tag-homs-bati-kirsali-el-husn-beldesinde-silahli-teror-gruplarinin-ektigi-bomba-duzenekleri-ve-mayinlarin-temizlenmesi","tag-toprak-barikatlarin-kaldirilmasi-ve-yollarin-tamamen-acilmasi-ardindan-ahali-beldelerine-geri-donmeye-basladi"],"_links":{"self":[{"href":"https:\/\/archive.sana.sy\/tr\/index.php?rest_route=\/wp\/v2\/posts\/4481","targetHints":{"allow":["GET"]}}],"collection":[{"href":"https:\/\/archive.sana.sy\/tr\/index.php?rest_route=\/wp\/v2\/posts"}],"about":[{"href":"https:\/\/archive.sana.sy\/tr\/index.php?rest_route=\/wp\/v2\/types\/post"}],"author":[{"embeddable":true,"href":"https:\/\/archive.sana.sy\/tr\/index.php?rest_route=\/wp\/v2\/users\/1"}],"replies":[{"embeddable":true,"href":"https:\/\/archive.sana.sy\/tr\/index.php?rest_route=%2Fwp%2Fv2%2Fcomments&post=4481"}],"version-history":[{"count":0,"href":"https:\/\/archive.sana.sy\/tr\/index.php?rest_route=\/wp\/v2\/posts\/4481\/revisions"}],"wp:attachment":[{"href":"https:\/\/archive.sana.sy\/tr\/index.php?rest_route=%2Fwp%2Fv2%2Fmedia&parent=4481"}],"wp:term":[{"taxonomy":"category","embeddable":true,"href":"https:\/\/archive.sana.sy\/tr\/index.php?rest_route=%2Fwp%2Fv2%2Fcategories&post=4481"},{"taxonomy":"post_tag","embeddable":true,"href":"https:\/\/archive.sana.sy\/tr\/index.php?rest_route=%2Fwp%2Fv2%2Ftags&post=4481"}],"curies":[{"name":"wp","href":"https:\/\/api.w.org\/{rel}","templated":true}]}}