{"id":44852,"date":"2015-08-27T13:30:41","date_gmt":"2015-08-27T10:30:41","guid":{"rendered":"http:\/\/www.sana.sy\/tr\/?p=44852"},"modified":"2015-08-27T13:32:28","modified_gmt":"2015-08-27T10:32:28","slug":"financial-times-turkiye-halkinin-erdogana-daha-net-bir-sekilde-dur-deme-firsati-var","status":"publish","type":"post","link":"https:\/\/archive.sana.sy\/tr\/?p=44852","title":{"rendered":"Financial Times: T\u00fcrkiye Halk\u0131n\u0131n Erdo\u011fan\u2019a Daha Net Bir \u015eekilde Dur Deme F\u0131rsat\u0131 Var"},"content":{"rendered":"<p>LONDRA \u2013 \u0130ngiliz Financial Times Gazetesi; T\u00fcrkiye&#8217;deki rejim ba\u015fkan\u0131 Recep Tayip Erdo\u011fan\u2019\u0131n T\u00fcrkiye&#8217;yi idare etme y\u00f6nteminin \u00fclkeyi kaosa s\u00fcr\u00fckledi\u011fini belirterek, bunun tehlikesine dikkat \u00e7ekti.<\/p>\n<p>Gazete \u2018Erdo\u011fan\u2019\u0131n Se\u00e7im Kumar\u0131\u2019 ba\u015fl\u0131kl\u0131 a\u00e7\u0131l\u0131\u015f makalesinde; Erdo\u011fan\u2019\u0131n ald\u0131\u011f\u0131 erken se\u00e7im karar\u0131n\u0131n, ge\u00e7en Haziran ay\u0131nda yap\u0131lan se\u00e7imlerde AKP\u2019nin u\u011frad\u0131\u011f\u0131 hezimet g\u00f6lgesinde geldi\u011fini ifade etti.<\/p>\n<p>Erdo\u011fan ve rejiminin Haziran se\u00e7imlerinden sonra koalisyon kurma \u00e7abalar\u0131n\u0131 \u2018tamamen bir tiyatro oyunu\u2019 olarak nitelendiren \u0130ngiliz gazete; T\u00fcrkiye&#8217;deki ekonominin herhangi bir sallant\u0131y\u0131 kald\u0131racak g\u00fc\u00e7te olmad\u0131\u011f\u0131na dikkat \u00e7ekti.<\/p>\n<p>Gazete T\u00fcrkiye halk\u0131n\u0131n Erdo\u011fan\u2019\u0131n y\u00f6netimi eline ge\u00e7irmesini engelleme ve Haziran se\u00e7imlerinden daha \u00e7ok net bir \u015fekilde ona dur demeleri i\u00e7in erken se\u00e7imlerin uygun bir f\u0131rsat te\u015fkil etti\u011finin alt\u0131n\u0131 \u00e7izdi.<\/p>\n","protected":false},"excerpt":{"rendered":"<p>LONDRA \u2013 \u0130ngiliz Financial Times Gazetesi; T\u00fcrkiye&#8217;deki rejim ba\u015fkan\u0131 Recep Tayip Erdo\u011fan\u2019\u0131n T\u00fcrkiye&#8217;yi idare etme y\u00f6nteminin \u00fclkeyi kaosa s\u00fcr\u00fckledi\u011fini belirterek, bunun tehlikesine dikkat \u00e7ekti. Gazete \u2018Erdo\u011fan\u2019\u0131n Se\u00e7im Kumar\u0131\u2019 ba\u015fl\u0131kl\u0131 a\u00e7\u0131l\u0131\u015f makalesinde; Erdo\u011fan\u2019\u0131n ald\u0131\u011f\u0131 erken se\u00e7im karar\u0131n\u0131n, ge\u00e7en Haziran ay\u0131nda yap\u0131lan se\u00e7imlerde AKP\u2019nin u\u011frad\u0131\u011f\u0131 hezimet g\u00f6lgesinde geldi\u011fini ifade etti. Erdo\u011fan ve rejiminin Haziran se\u00e7imlerinden sonra koalisyon &hellip;<\/p>\n","protected":false},"author":1,"featured_media":44853,"comment_status":"closed","ping_status":"closed","sticky":false,"template":"","format":"standard","meta":{"footnotes":""},"categories":[556,458,459,447,2554,2555],"tags":[16430,16429],"class_list":["post-44852","post","type-post","status-publish","format-standard","has-post-thumbnail","","category-basin","category-dunya1","category-haberler-arap-uluslararasi-politika","category-politika","category-suriye-ve-dunya","category-suriye-ve-turkiye","tag-bunun-tehlikesine-dikkat-cekti","tag-londra-ingiliz-financial-times-gazetesi-turkiyedeki-rejim-baskani-recep-tayip-erdoganin-turkiyeyi-idare-etme-yonteminin-ulkeyi-kaosa-surukledigini-belirterek"],"_links":{"self":[{"href":"https:\/\/archive.sana.sy\/tr\/index.php?rest_route=\/wp\/v2\/posts\/44852","targetHints":{"allow":["GET"]}}],"collection":[{"href":"https:\/\/archive.sana.sy\/tr\/index.php?rest_route=\/wp\/v2\/posts"}],"about":[{"href":"https:\/\/archive.sana.sy\/tr\/index.php?rest_route=\/wp\/v2\/types\/post"}],"author":[{"embeddable":true,"href":"https:\/\/archive.sana.sy\/tr\/index.php?rest_route=\/wp\/v2\/users\/1"}],"replies":[{"embeddable":true,"href":"https:\/\/archive.sana.sy\/tr\/index.php?rest_route=%2Fwp%2Fv2%2Fcomments&post=44852"}],"version-history":[{"count":0,"href":"https:\/\/archive.sana.sy\/tr\/index.php?rest_route=\/wp\/v2\/posts\/44852\/revisions"}],"wp:featuredmedia":[{"embeddable":true,"href":"https:\/\/archive.sana.sy\/tr\/index.php?rest_route=\/wp\/v2\/media\/44853"}],"wp:attachment":[{"href":"https:\/\/archive.sana.sy\/tr\/index.php?rest_route=%2Fwp%2Fv2%2Fmedia&parent=44852"}],"wp:term":[{"taxonomy":"category","embeddable":true,"href":"https:\/\/archive.sana.sy\/tr\/index.php?rest_route=%2Fwp%2Fv2%2Fcategories&post=44852"},{"taxonomy":"post_tag","embeddable":true,"href":"https:\/\/archive.sana.sy\/tr\/index.php?rest_route=%2Fwp%2Fv2%2Ftags&post=44852"}],"curies":[{"name":"wp","href":"https:\/\/api.w.org\/{rel}","templated":true}]}}