{"id":44855,"date":"2015-08-27T14:18:18","date_gmt":"2015-08-27T11:18:18","guid":{"rendered":"http:\/\/www.sana.sy\/tr\/?p=44855"},"modified":"2015-08-27T14:18:18","modified_gmt":"2015-08-27T11:18:18","slug":"hain-saldirilarda-yine-masum-siviller-kurban-gitti","status":"publish","type":"post","link":"https:\/\/archive.sana.sy\/tr\/?p=44855","title":{"rendered":"Hain Sald\u0131r\u0131larda Yine Masum Siviller Kurban Gitti"},"content":{"rendered":"<p>\u015eAM \u2013 Eli kanl\u0131 gaddar ter\u00f6ristler ordu birliklerimizin a\u011f\u0131r darbeleri alt\u0131nda verdikleri kay\u0131plar\u0131n \u00f6fkesini masum sivil insanlar\u0131n \u00fcst\u00fcne kusmaya devam etti.<\/p>\n<p>\u015eam Emniyet M\u00fcd\u00fcrl\u00fc\u011f\u00fcnde bir kaynak SANA\u2019ya yapt\u0131\u011f\u0131 a\u00e7\u0131klamada Cobar B\u00f6lgesinde bulunan hain ve tekfircilerin sabah saatlerinde ba\u015fkent \u015eam\u2019\u0131n bir dizi sivil yerle\u015fim alan\u0131n\u0131 f\u00fcze ve roketlerle hedef ald\u0131klar\u0131n\u0131 belirtti.<\/p>\n<p>Kaynak sald\u0131r\u0131lar sonucunda 7 vatanda\u015f\u0131n yaraland\u0131\u011f\u0131n\u0131, \u00f6zel ve kamu m\u00fclklerde hasar\u0131n olu\u015ftu\u011funu ifade etti.<\/p>\n","protected":false},"excerpt":{"rendered":"<p>\u015eAM \u2013 Eli kanl\u0131 gaddar ter\u00f6ristler ordu birliklerimizin a\u011f\u0131r darbeleri alt\u0131nda verdikleri kay\u0131plar\u0131n \u00f6fkesini masum sivil insanlar\u0131n \u00fcst\u00fcne kusmaya devam etti. \u015eam Emniyet M\u00fcd\u00fcrl\u00fc\u011f\u00fcnde bir kaynak SANA\u2019ya yapt\u0131\u011f\u0131 a\u00e7\u0131klamada Cobar B\u00f6lgesinde bulunan hain ve tekfircilerin sabah saatlerinde ba\u015fkent \u015eam\u2019\u0131n bir dizi sivil yerle\u015fim alan\u0131n\u0131 f\u00fcze ve roketlerle hedef ald\u0131klar\u0131n\u0131 belirtti. Kaynak sald\u0131r\u0131lar sonucunda 7 vatanda\u015f\u0131n &hellip;<\/p>\n","protected":false},"author":1,"featured_media":44858,"comment_status":"closed","ping_status":"closed","sticky":false,"template":"","format":"standard","meta":{"footnotes":""},"categories":[479,575,478],"tags":[16432,16434,16431,16433],"class_list":["post-44855","post","type-post","status-publish","format-standard","has-post-thumbnail","","category-haberler-yerel","category-olaylar-ve-gercekler","category-yerel","tag-cobar-bolgesin","tag-fuze-ve-roketlerle-hedef-aldiklarini","tag-sam-eli-kanli-gaddar-teroristler-ordu-birliklerimizin-agir-darbeleri-altinda-verdikleri-kayiplarin-ofkesini-masum-sivil-insanlarin-ustune-kusmaya-devam-etti","tag-sam-emniyet-mudurlugunde-bir-kaynak"],"_links":{"self":[{"href":"https:\/\/archive.sana.sy\/tr\/index.php?rest_route=\/wp\/v2\/posts\/44855","targetHints":{"allow":["GET"]}}],"collection":[{"href":"https:\/\/archive.sana.sy\/tr\/index.php?rest_route=\/wp\/v2\/posts"}],"about":[{"href":"https:\/\/archive.sana.sy\/tr\/index.php?rest_route=\/wp\/v2\/types\/post"}],"author":[{"embeddable":true,"href":"https:\/\/archive.sana.sy\/tr\/index.php?rest_route=\/wp\/v2\/users\/1"}],"replies":[{"embeddable":true,"href":"https:\/\/archive.sana.sy\/tr\/index.php?rest_route=%2Fwp%2Fv2%2Fcomments&post=44855"}],"version-history":[{"count":0,"href":"https:\/\/archive.sana.sy\/tr\/index.php?rest_route=\/wp\/v2\/posts\/44855\/revisions"}],"wp:featuredmedia":[{"embeddable":true,"href":"https:\/\/archive.sana.sy\/tr\/index.php?rest_route=\/wp\/v2\/media\/44858"}],"wp:attachment":[{"href":"https:\/\/archive.sana.sy\/tr\/index.php?rest_route=%2Fwp%2Fv2%2Fmedia&parent=44855"}],"wp:term":[{"taxonomy":"category","embeddable":true,"href":"https:\/\/archive.sana.sy\/tr\/index.php?rest_route=%2Fwp%2Fv2%2Fcategories&post=44855"},{"taxonomy":"post_tag","embeddable":true,"href":"https:\/\/archive.sana.sy\/tr\/index.php?rest_route=%2Fwp%2Fv2%2Ftags&post=44855"}],"curies":[{"name":"wp","href":"https:\/\/api.w.org\/{rel}","templated":true}]}}