{"id":44857,"date":"2015-08-27T14:58:59","date_gmt":"2015-08-27T11:58:59","guid":{"rendered":"http:\/\/www.sana.sy\/tr\/?p=44857"},"modified":"2015-08-27T14:58:59","modified_gmt":"2015-08-27T11:58:59","slug":"hava-guclerimizin-ogleden-sonra-idlib-ve-hama-kirsallarinin-ankevi-tel-zecrem-ve-kfeyr-bolgelerinde-erdogan-ceteleri-fetih-ordusunun-arac-konvoylari-ve-toplanma-yerlerini-yine-hedef","status":"publish","type":"post","link":"https:\/\/archive.sana.sy\/tr\/?p=44857","title":{"rendered":"Hava g\u00fc\u00e7lerimizin \u00f6\u011fleden sonra \u0130dlib ve Hama k\u0131rsallar\u0131n\u0131n Ankevi, Tel Zecrem ve Kfeyr b\u00f6lgelerinde Erdo\u011fan \u00e7eteleri \u2018Fetih Ordusu\u2019nun ara\u00e7 konvoylar\u0131 ve toplanma yerlerini yine hedef ald\u0131klar\u0131n\u0131 belirten askeri kaynak; bir k\u0131sm\u0131 yabanc\u0131 \u00e7ok say\u0131da ter\u00f6ristin \u00f6ld\u00fcr\u00fcld\u00fc\u011f\u00fcn\u00fc aktard\u0131"},"content":{"rendered":"<p>Hava g\u00fc\u00e7lerimizin \u00f6\u011fleden sonra \u0130dlib ve Hama k\u0131rsallar\u0131n\u0131n Ankevi, Tel Zecrem ve Kfeyr b\u00f6lgelerinde Erdo\u011fan \u00e7eteleri \u2018Fetih Ordusu\u2019nun ara\u00e7 konvoylar\u0131 ve toplanma yerlerini yine hedef ald\u0131klar\u0131n\u0131 belirten askeri kaynak; bir k\u0131sm\u0131 yabanc\u0131 \u00e7ok say\u0131da ter\u00f6ristin \u00f6ld\u00fcr\u00fcld\u00fc\u011f\u00fcn\u00fc aktard\u0131<\/p>\n","protected":false},"excerpt":{"rendered":"<p>Hava g\u00fc\u00e7lerimizin \u00f6\u011fleden sonra \u0130dlib ve Hama k\u0131rsallar\u0131n\u0131n Ankevi, Tel Zecrem ve Kfeyr b\u00f6lgelerinde Erdo\u011fan \u00e7eteleri \u2018Fetih Ordusu\u2019nun ara\u00e7 konvoylar\u0131 ve toplanma yerlerini yine hedef ald\u0131klar\u0131n\u0131 belirten askeri kaynak; bir k\u0131sm\u0131 yabanc\u0131 \u00e7ok say\u0131da ter\u00f6ristin \u00f6ld\u00fcr\u00fcld\u00fc\u011f\u00fcn\u00fc aktard\u0131<\/p>\n","protected":false},"author":1,"featured_media":0,"comment_status":"closed","ping_status":"closed","sticky":false,"template":"","format":"standard","meta":{"footnotes":""},"categories":[1],"tags":[],"class_list":["post-44857","post","type-post","status-publish","format-standard","","category-news-not-sorted"],"_links":{"self":[{"href":"https:\/\/archive.sana.sy\/tr\/index.php?rest_route=\/wp\/v2\/posts\/44857","targetHints":{"allow":["GET"]}}],"collection":[{"href":"https:\/\/archive.sana.sy\/tr\/index.php?rest_route=\/wp\/v2\/posts"}],"about":[{"href":"https:\/\/archive.sana.sy\/tr\/index.php?rest_route=\/wp\/v2\/types\/post"}],"author":[{"embeddable":true,"href":"https:\/\/archive.sana.sy\/tr\/index.php?rest_route=\/wp\/v2\/users\/1"}],"replies":[{"embeddable":true,"href":"https:\/\/archive.sana.sy\/tr\/index.php?rest_route=%2Fwp%2Fv2%2Fcomments&post=44857"}],"version-history":[{"count":0,"href":"https:\/\/archive.sana.sy\/tr\/index.php?rest_route=\/wp\/v2\/posts\/44857\/revisions"}],"wp:attachment":[{"href":"https:\/\/archive.sana.sy\/tr\/index.php?rest_route=%2Fwp%2Fv2%2Fmedia&parent=44857"}],"wp:term":[{"taxonomy":"category","embeddable":true,"href":"https:\/\/archive.sana.sy\/tr\/index.php?rest_route=%2Fwp%2Fv2%2Fcategories&post=44857"},{"taxonomy":"post_tag","embeddable":true,"href":"https:\/\/archive.sana.sy\/tr\/index.php?rest_route=%2Fwp%2Fv2%2Ftags&post=44857"}],"curies":[{"name":"wp","href":"https:\/\/api.w.org\/{rel}","templated":true}]}}