{"id":44894,"date":"2015-08-27T16:30:58","date_gmt":"2015-08-27T13:30:58","guid":{"rendered":"http:\/\/sana.sy\/tr\/?p=44894"},"modified":"2015-08-27T16:30:58","modified_gmt":"2015-08-27T13:30:58","slug":"vatanimizin-elcileri-ve-askerleriyiz","status":"publish","type":"post","link":"https:\/\/archive.sana.sy\/tr\/?p=44894","title":{"rendered":"Vatan\u0131m\u0131z\u0131n El\u00e7ileri ve Askerleriyiz"},"content":{"rendered":"<p>K\u015e\u0130NEV \u2013 Moldova\u2019da okuyan Suriyeli \u00f6\u011frenciler bilgileri ve faaliyetleriyle vatanlar\u0131 Suriye&#8217;yi savunma azimlerini ifade ederken, e\u015fi benzeri g\u00f6r\u00fclmeyen kahramanl\u0131klar\u0131 ve fedakarl\u0131klar\u0131yla zafere ilerleyen ordusuna desteklerini belirttiler.<\/p>\n<p>Suriye Ulusal \u00d6\u011frenci Birli\u011fi Moldova \u015eubesinin d\u00fczenledi\u011fi y\u0131ll\u0131k konferans\u0131nda \u00f6\u011frenciler; onur ve egemenli\u011fi i\u00e7in sava\u015fan Suriye&#8217;nin el\u00e7ileri ve askerleri olduklar\u0131n\u0131 ifade ettiler.<\/p>\n<p>A.A. &#8211; M.M.<\/p>\n","protected":false},"excerpt":{"rendered":"<p>K\u015e\u0130NEV \u2013 Moldova\u2019da okuyan Suriyeli \u00f6\u011frenciler bilgileri ve faaliyetleriyle vatanlar\u0131 Suriye&#8217;yi savunma azimlerini ifade ederken, e\u015fi benzeri g\u00f6r\u00fclmeyen kahramanl\u0131klar\u0131 ve fedakarl\u0131klar\u0131yla zafere ilerleyen ordusuna desteklerini belirttiler. Suriye Ulusal \u00d6\u011frenci Birli\u011fi Moldova \u015eubesinin d\u00fczenledi\u011fi y\u0131ll\u0131k konferans\u0131nda \u00f6\u011frenciler; onur ve egemenli\u011fi i\u00e7in sava\u015fan Suriye&#8217;nin el\u00e7ileri ve askerleri olduklar\u0131n\u0131 ifade ettiler. A.A. &#8211; M.M.<\/p>\n","protected":false},"author":1,"featured_media":44895,"comment_status":"closed","ping_status":"closed","sticky":false,"template":"","format":"standard","meta":{"footnotes":""},"categories":[1],"tags":[16443],"class_list":["post-44894","post","type-post","status-publish","format-standard","has-post-thumbnail","","category-news-not-sorted","tag-vatanimizin-elcileri-ve-askerleriyiz"],"_links":{"self":[{"href":"https:\/\/archive.sana.sy\/tr\/index.php?rest_route=\/wp\/v2\/posts\/44894","targetHints":{"allow":["GET"]}}],"collection":[{"href":"https:\/\/archive.sana.sy\/tr\/index.php?rest_route=\/wp\/v2\/posts"}],"about":[{"href":"https:\/\/archive.sana.sy\/tr\/index.php?rest_route=\/wp\/v2\/types\/post"}],"author":[{"embeddable":true,"href":"https:\/\/archive.sana.sy\/tr\/index.php?rest_route=\/wp\/v2\/users\/1"}],"replies":[{"embeddable":true,"href":"https:\/\/archive.sana.sy\/tr\/index.php?rest_route=%2Fwp%2Fv2%2Fcomments&post=44894"}],"version-history":[{"count":0,"href":"https:\/\/archive.sana.sy\/tr\/index.php?rest_route=\/wp\/v2\/posts\/44894\/revisions"}],"wp:featuredmedia":[{"embeddable":true,"href":"https:\/\/archive.sana.sy\/tr\/index.php?rest_route=\/wp\/v2\/media\/44895"}],"wp:attachment":[{"href":"https:\/\/archive.sana.sy\/tr\/index.php?rest_route=%2Fwp%2Fv2%2Fmedia&parent=44894"}],"wp:term":[{"taxonomy":"category","embeddable":true,"href":"https:\/\/archive.sana.sy\/tr\/index.php?rest_route=%2Fwp%2Fv2%2Fcategories&post=44894"},{"taxonomy":"post_tag","embeddable":true,"href":"https:\/\/archive.sana.sy\/tr\/index.php?rest_route=%2Fwp%2Fv2%2Ftags&post=44894"}],"curies":[{"name":"wp","href":"https:\/\/api.w.org\/{rel}","templated":true}]}}