{"id":44899,"date":"2015-08-27T20:55:33","date_gmt":"2015-08-27T17:55:33","guid":{"rendered":"http:\/\/sana.sy\/tr\/?p=44899"},"modified":"2015-08-27T20:55:33","modified_gmt":"2015-08-27T17:55:33","slug":"kunaytra-ve-hama-kentlerinde-teror-magduru-ailelere-yardim-dagitildi","status":"publish","type":"post","link":"https:\/\/archive.sana.sy\/tr\/?p=44899","title":{"rendered":"Kunaytra ve Hama Kentlerinde Ter\u00f6r Ma\u011fduru Ailelere Yard\u0131m Da\u011f\u0131t\u0131ld\u0131"},"content":{"rendered":"<p>\u0130LLER \u2013Suriye Arap K\u0131z\u0131lay \u00d6rg\u00fct\u00fcn Kunaytra ve Hama \u015fubeleri bug\u00fcn T\u00fcrkiye&#8217;deki rejimin Hama k\u0131rsal\u0131nda destekledi\u011fi, \u0130srail&#8217;in\u2019 de Kunaytra\u2019da destekledi\u011fi ter\u00f6r \u00e7etelerin vah\u015fetinden ka\u00e7an ter\u00f6r ma\u011fduru ailelere insani yard\u0131m paketleri da\u011f\u0131tt\u0131.<\/p>\n<p>Kunaytra Kentinin Kovm B\u00f6lgesinde \u0130nsani Yard\u0131m Komisyonun alt komitesi ile Suriye Arap K\u0131z\u0131lay \u00d6rg\u00fct\u00fc i\u015fbirli\u011fi i\u00e7inde ter\u00f6r eylemlerinden ka\u00e7an ailelere 904 adet insan\u0131 yard\u0131m paketi da\u011f\u0131tt\u0131.<\/p>\n<p>SANA\u2019ya a\u00e7\u0131klama yapan Suriye K\u0131z\u0131lay\u2019\u0131n Kunaytra \u0130l \u015eube M\u00fcd\u00fcr\u00fc Cuma Hasan; insani yard\u0131m da\u011f\u0131tt\u0131m \u00e7al\u0131\u015fmalar\u0131n\u0131n daha \u00f6nce haz\u0131rlanan listeler ve \u00e7izelgelere g\u00f6re ya\u011f\u0131ld\u0131\u011f\u0131n\u0131 ifade etti.<\/p>\n<p>\u00d6te yandan Hama k\u0131rsal\u0131n\u0131n bat\u0131s\u0131 Misyaf B\u00f6lgesine tabi Mahruse Beldesi ve Hazzane K\u00f6y\u00fcnde Suriye K\u0131z\u0131lay \u00d6rg\u00fct\u00fcyle Mahruse Belediye Meclisinin i\u015fbirli\u011fi ile yine ter\u00f6r ma\u011fdurlar\u0131na 300 insan\u0131 yard\u0131m paketi da\u011f\u0131t\u0131ld\u0131.<\/p>\n<p>M.M. &#8211; A.A.<\/p>\n","protected":false},"excerpt":{"rendered":"<p>\u0130LLER \u2013Suriye Arap K\u0131z\u0131lay \u00d6rg\u00fct\u00fcn Kunaytra ve Hama \u015fubeleri bug\u00fcn T\u00fcrkiye&#8217;deki rejimin Hama k\u0131rsal\u0131nda destekledi\u011fi, \u0130srail&#8217;in\u2019 de Kunaytra\u2019da destekledi\u011fi ter\u00f6r \u00e7etelerin vah\u015fetinden ka\u00e7an ter\u00f6r ma\u011fduru ailelere insani yard\u0131m paketleri da\u011f\u0131tt\u0131. Kunaytra Kentinin Kovm B\u00f6lgesinde \u0130nsani Yard\u0131m Komisyonun alt komitesi ile Suriye Arap K\u0131z\u0131lay \u00d6rg\u00fct\u00fc i\u015fbirli\u011fi i\u00e7inde ter\u00f6r eylemlerinden ka\u00e7an ailelere 904 adet insan\u0131 yard\u0131m paketi &hellip;<\/p>\n","protected":false},"author":1,"featured_media":41065,"comment_status":"closed","ping_status":"closed","sticky":false,"template":"","format":"standard","meta":{"footnotes":""},"categories":[479,478],"tags":[16444],"class_list":["post-44899","post","type-post","status-publish","format-standard","has-post-thumbnail","","category-haberler-yerel","category-yerel","tag-kunaytra-ve-hama-kentlerinde-teror-magduru-ailelere-yardim-dagitildi"],"_links":{"self":[{"href":"https:\/\/archive.sana.sy\/tr\/index.php?rest_route=\/wp\/v2\/posts\/44899","targetHints":{"allow":["GET"]}}],"collection":[{"href":"https:\/\/archive.sana.sy\/tr\/index.php?rest_route=\/wp\/v2\/posts"}],"about":[{"href":"https:\/\/archive.sana.sy\/tr\/index.php?rest_route=\/wp\/v2\/types\/post"}],"author":[{"embeddable":true,"href":"https:\/\/archive.sana.sy\/tr\/index.php?rest_route=\/wp\/v2\/users\/1"}],"replies":[{"embeddable":true,"href":"https:\/\/archive.sana.sy\/tr\/index.php?rest_route=%2Fwp%2Fv2%2Fcomments&post=44899"}],"version-history":[{"count":0,"href":"https:\/\/archive.sana.sy\/tr\/index.php?rest_route=\/wp\/v2\/posts\/44899\/revisions"}],"wp:featuredmedia":[{"embeddable":true,"href":"https:\/\/archive.sana.sy\/tr\/index.php?rest_route=\/wp\/v2\/media\/41065"}],"wp:attachment":[{"href":"https:\/\/archive.sana.sy\/tr\/index.php?rest_route=%2Fwp%2Fv2%2Fmedia&parent=44899"}],"wp:term":[{"taxonomy":"category","embeddable":true,"href":"https:\/\/archive.sana.sy\/tr\/index.php?rest_route=%2Fwp%2Fv2%2Fcategories&post=44899"},{"taxonomy":"post_tag","embeddable":true,"href":"https:\/\/archive.sana.sy\/tr\/index.php?rest_route=%2Fwp%2Fv2%2Ftags&post=44899"}],"curies":[{"name":"wp","href":"https:\/\/api.w.org\/{rel}","templated":true}]}}