{"id":4491,"date":"2014-07-03T12:00:16","date_gmt":"2014-07-03T09:00:16","guid":{"rendered":"http:\/\/www.sana.sy\/tr\/?p=4491"},"modified":"2014-07-04T14:12:10","modified_gmt":"2014-07-04T11:12:10","slug":"homsda-400-kglik-patlayici-yuklu-arac-etkisiz-hale-getirildi","status":"publish","type":"post","link":"https:\/\/archive.sana.sy\/tr\/?p=4491","title":{"rendered":"400 Kg\u2019l\u0131k Patlay\u0131c\u0131 Y\u00fckl\u00fc Ara\u00e7 Etkisiz Hale Getirildi"},"content":{"rendered":"<p><span style=\"color: #800000\">HOMS \u2013<\/span>\u00a0G\u00fcvenlik\u00a0birimleri bug\u00fcn ter\u00f6ristlerin Homs Kenti Ermeniler Semtindeki ticaret merkezlerine yak\u0131n bir yerde parkettikleri\u00a0patlay\u0131c\u0131 madde y\u00fckl\u00fc bir arac\u0131 etkisiz hale getirdi.<\/p>\n<p>Homs Valili\u011finde bir kaynak SANA muhabirine a\u00e7\u0131klamas\u0131nda, yetkili birimlerin ahalinin i\u015fbirli\u011fiyle ter\u00f6ristlerin, ara\u00e7 ve vatanda\u015flar\u0131n yo\u011fun bir \u015fekilde bulundu\u011fu i\u015fyerleri\u00a0yak\u0131nlar\u0131nda parkettikleri\u00a0400 kg\u2019l\u0131k patlay\u0131c\u0131 madde y\u00fckl\u00fc bir arac\u0131 bulmalar\u0131 ard\u0131ndan\u00a0patlay\u0131c\u0131 d\u00fczene\u011finin bomba imha ekipleri taraf\u0131ndan etkisiz hale getirildi\u011fini s\u00f6yledi.<\/p>\n<p><a href=\"http:\/\/www.sana.sy\/tr\/wp-content\/uploads\/2014\/07\/araba-5.jpg\"><img loading=\"lazy\" decoding=\"async\" class=\"aligncenter wp-image-4496 size-full\" src=\"http:\/\/www.sana.sy\/tr\/wp-content\/uploads\/2014\/07\/araba-5.jpg\" alt=\"araba 5\" width=\"620\" height=\"330\" srcset=\"https:\/\/archive.sana.sy\/tr\/wp-content\/uploads\/2014\/07\/araba-5.jpg 620w, https:\/\/archive.sana.sy\/tr\/wp-content\/uploads\/2014\/07\/araba-5-150x79.jpg 150w, https:\/\/archive.sana.sy\/tr\/wp-content\/uploads\/2014\/07\/araba-5-300x160.jpg 300w\" sizes=\"auto, (max-width: 620px) 100vw, 620px\" \/><\/a> <a href=\"http:\/\/www.sana.sy\/tr\/wp-content\/uploads\/2014\/07\/araba-4.jpg\"><img loading=\"lazy\" decoding=\"async\" class=\"aligncenter wp-image-4495 size-full\" src=\"http:\/\/www.sana.sy\/tr\/wp-content\/uploads\/2014\/07\/araba-4.jpg\" alt=\"araba 4\" width=\"620\" height=\"330\" srcset=\"https:\/\/archive.sana.sy\/tr\/wp-content\/uploads\/2014\/07\/araba-4.jpg 620w, https:\/\/archive.sana.sy\/tr\/wp-content\/uploads\/2014\/07\/araba-4-150x79.jpg 150w, https:\/\/archive.sana.sy\/tr\/wp-content\/uploads\/2014\/07\/araba-4-300x160.jpg 300w\" sizes=\"auto, (max-width: 620px) 100vw, 620px\" \/><\/a> <a href=\"http:\/\/www.sana.sy\/tr\/wp-content\/uploads\/2014\/07\/araba-3.jpg\"><img loading=\"lazy\" decoding=\"async\" class=\"aligncenter wp-image-4494 size-full\" src=\"http:\/\/www.sana.sy\/tr\/wp-content\/uploads\/2014\/07\/araba-3.jpg\" alt=\"araba 3\" width=\"620\" height=\"330\" srcset=\"https:\/\/archive.sana.sy\/tr\/wp-content\/uploads\/2014\/07\/araba-3.jpg 620w, https:\/\/archive.sana.sy\/tr\/wp-content\/uploads\/2014\/07\/araba-3-150x79.jpg 150w, https:\/\/archive.sana.sy\/tr\/wp-content\/uploads\/2014\/07\/araba-3-300x160.jpg 300w\" sizes=\"auto, (max-width: 620px) 100vw, 620px\" \/><\/a> <a href=\"http:\/\/www.sana.sy\/tr\/wp-content\/uploads\/2014\/07\/araba-2.jpg\"><img loading=\"lazy\" decoding=\"async\" class=\"aligncenter wp-image-4493 size-full\" src=\"http:\/\/www.sana.sy\/tr\/wp-content\/uploads\/2014\/07\/araba-2.jpg\" alt=\"araba 2\" width=\"620\" height=\"330\" srcset=\"https:\/\/archive.sana.sy\/tr\/wp-content\/uploads\/2014\/07\/araba-2.jpg 620w, https:\/\/archive.sana.sy\/tr\/wp-content\/uploads\/2014\/07\/araba-2-150x79.jpg 150w, https:\/\/archive.sana.sy\/tr\/wp-content\/uploads\/2014\/07\/araba-2-300x160.jpg 300w\" sizes=\"auto, (max-width: 620px) 100vw, 620px\" \/><\/a><\/p>\n","protected":false},"excerpt":{"rendered":"<p>HOMS \u2013\u00a0G\u00fcvenlik\u00a0birimleri bug\u00fcn ter\u00f6ristlerin Homs Kenti Ermeniler Semtindeki ticaret merkezlerine yak\u0131n bir yerde parkettikleri\u00a0patlay\u0131c\u0131 madde y\u00fckl\u00fc bir arac\u0131 etkisiz hale getirdi. Homs Valili\u011finde bir kaynak SANA muhabirine a\u00e7\u0131klamas\u0131nda, yetkili birimlerin ahalinin i\u015fbirli\u011fiyle ter\u00f6ristlerin, ara\u00e7 ve vatanda\u015flar\u0131n yo\u011fun bir \u015fekilde bulundu\u011fu i\u015fyerleri\u00a0yak\u0131nlar\u0131nda parkettikleri\u00a0400 kg\u2019l\u0131k patlay\u0131c\u0131 madde y\u00fckl\u00fc bir arac\u0131 bulmalar\u0131 ard\u0131ndan\u00a0patlay\u0131c\u0131 d\u00fczene\u011finin bomba imha ekipleri taraf\u0131ndan &hellip;<\/p>\n","protected":false},"author":1,"featured_media":4492,"comment_status":"closed","ping_status":"closed","sticky":false,"template":"","format":"standard","meta":{"footnotes":""},"categories":[575],"tags":[982],"class_list":["post-4491","post","type-post","status-publish","format-standard","has-post-thumbnail","","category-olaylar-ve-gercekler","tag-homsda-400-kglik-patlayici-yuklu-arac-etkisiz-hale-getirildi"],"_links":{"self":[{"href":"https:\/\/archive.sana.sy\/tr\/index.php?rest_route=\/wp\/v2\/posts\/4491","targetHints":{"allow":["GET"]}}],"collection":[{"href":"https:\/\/archive.sana.sy\/tr\/index.php?rest_route=\/wp\/v2\/posts"}],"about":[{"href":"https:\/\/archive.sana.sy\/tr\/index.php?rest_route=\/wp\/v2\/types\/post"}],"author":[{"embeddable":true,"href":"https:\/\/archive.sana.sy\/tr\/index.php?rest_route=\/wp\/v2\/users\/1"}],"replies":[{"embeddable":true,"href":"https:\/\/archive.sana.sy\/tr\/index.php?rest_route=%2Fwp%2Fv2%2Fcomments&post=4491"}],"version-history":[{"count":0,"href":"https:\/\/archive.sana.sy\/tr\/index.php?rest_route=\/wp\/v2\/posts\/4491\/revisions"}],"wp:featuredmedia":[{"embeddable":true,"href":"https:\/\/archive.sana.sy\/tr\/index.php?rest_route=\/wp\/v2\/media\/4492"}],"wp:attachment":[{"href":"https:\/\/archive.sana.sy\/tr\/index.php?rest_route=%2Fwp%2Fv2%2Fmedia&parent=4491"}],"wp:term":[{"taxonomy":"category","embeddable":true,"href":"https:\/\/archive.sana.sy\/tr\/index.php?rest_route=%2Fwp%2Fv2%2Fcategories&post=4491"},{"taxonomy":"post_tag","embeddable":true,"href":"https:\/\/archive.sana.sy\/tr\/index.php?rest_route=%2Fwp%2Fv2%2Ftags&post=4491"}],"curies":[{"name":"wp","href":"https:\/\/api.w.org\/{rel}","templated":true}]}}