{"id":44912,"date":"2015-08-28T11:50:05","date_gmt":"2015-08-28T08:50:05","guid":{"rendered":"http:\/\/www.sana.sy\/tr\/?p=44912"},"modified":"2015-08-28T11:50:05","modified_gmt":"2015-08-28T08:50:05","slug":"program-cocuklarda-kendine-guven-ve-bilinci-guclendirmeyi-hedefliyor","status":"publish","type":"post","link":"https:\/\/archive.sana.sy\/tr\/?p=44912","title":{"rendered":"Program \u00c7ocuklarda Kendine G\u00fcven ve Bilinci G\u00fc\u00e7lendirmeyi Hedefliyor"},"content":{"rendered":"<p>\u015eAM \u2013 \u015eam E\u011fitim ve Rehabilitasyon M\u00fcd\u00fcrl\u00fc\u011f\u00fc, ge\u00e7ici ikame merkezlerinde bulunan \u00e7ocuklarda kendilerine g\u00fcven duygusu ve bilincini geli\u015ftirmek amac\u0131yla haz\u0131rlad\u0131\u011f\u0131 program kapsam\u0131nda d\u00fcn \u015eam\u2019\u0131n Mezze semtinde bulunan ge\u00e7ici ikame merkezindeki 8 ile 16 ya\u015flar\u0131 aras\u0131nda olan \u00e7ocuklar i\u00e7in bir etkinlik d\u00fczenledi.<\/p>\n<p>Sanatsal, spor, d\u00fc\u015f\u00fcnsel, sosyal ve ulusal bir\u00e7ok alanda d\u00fczenlenen e\u011flence-e\u011fitim odakl\u0131 faaliyetlere kat\u0131lan \u00e7ocuklar bu program\u0131n kendilerini ifade etmeleri i\u00e7in bir f\u0131rsat te\u015fkil etti\u011fini dile getirerek b\u00f6ylesi bir programa dahil olmaktan duyduklar\u0131 mutlulu\u011fu belirttiler.<\/p>\n<p>\u015eam Valili\u011fi Sa\u011fl\u0131k Ofisi Y\u00fcr\u00fctme Kurulu \u00dcyesi Ammar Kelu, program\u0131n, ge\u00e7ici ikame merkezlerinde ya\u015fayan \u00e7ocuklara her \u015feyden \u00f6nce psikolojik destek vermeyi ama\u00e7lad\u0131\u011f\u0131na i\u015faret ederek program kapsam\u0131nda d\u00fczenlenen etkinliklerde \u00e7ocuklar\u0131n hayallerini, \u00f6zlemlerini ve gelece\u011fe ili\u015fkin beklentilerini \u00e7e\u015fitli y\u00f6ntemlerle ifade etme \u015fans\u0131 bulduklar\u0131n\u0131 belirtti.<\/p>\n<p>https:\/\/www.youtube.com\/watch?v=iN_HrDYWhaQ<\/p>\n<p>F.B. &#8211; R.H.<\/p>\n","protected":false},"excerpt":{"rendered":"<p>\u015eAM \u2013 \u015eam E\u011fitim ve Rehabilitasyon M\u00fcd\u00fcrl\u00fc\u011f\u00fc, ge\u00e7ici ikame merkezlerinde bulunan \u00e7ocuklarda kendilerine g\u00fcven duygusu ve bilincini geli\u015ftirmek amac\u0131yla haz\u0131rlad\u0131\u011f\u0131 program kapsam\u0131nda d\u00fcn \u015eam\u2019\u0131n Mezze semtinde bulunan ge\u00e7ici ikame merkezindeki 8 ile 16 ya\u015flar\u0131 aras\u0131nda olan \u00e7ocuklar i\u00e7in bir etkinlik d\u00fczenledi. Sanatsal, spor, d\u00fc\u015f\u00fcnsel, sosyal ve ulusal bir\u00e7ok alanda d\u00fczenlenen e\u011flence-e\u011fitim odakl\u0131 faaliyetlere kat\u0131lan \u00e7ocuklar &hellip;<\/p>\n","protected":false},"author":1,"featured_media":44913,"comment_status":"closed","ping_status":"closed","sticky":false,"template":"","format":"standard","meta":{"footnotes":""},"categories":[516,511],"tags":[16448],"class_list":["post-44912","post","type-post","status-publish","format-standard","has-post-thumbnail","","category-haberler-kultur-ve-sanat","category-kultur-ve-sanat","tag-program-cocuklarda-kendine-guven-ve-bilinci-guclendirmeyi-hedefliyor-sam-sam-egitim-ve-rehabilitasyon-mudurlugu"],"_links":{"self":[{"href":"https:\/\/archive.sana.sy\/tr\/index.php?rest_route=\/wp\/v2\/posts\/44912","targetHints":{"allow":["GET"]}}],"collection":[{"href":"https:\/\/archive.sana.sy\/tr\/index.php?rest_route=\/wp\/v2\/posts"}],"about":[{"href":"https:\/\/archive.sana.sy\/tr\/index.php?rest_route=\/wp\/v2\/types\/post"}],"author":[{"embeddable":true,"href":"https:\/\/archive.sana.sy\/tr\/index.php?rest_route=\/wp\/v2\/users\/1"}],"replies":[{"embeddable":true,"href":"https:\/\/archive.sana.sy\/tr\/index.php?rest_route=%2Fwp%2Fv2%2Fcomments&post=44912"}],"version-history":[{"count":0,"href":"https:\/\/archive.sana.sy\/tr\/index.php?rest_route=\/wp\/v2\/posts\/44912\/revisions"}],"wp:featuredmedia":[{"embeddable":true,"href":"https:\/\/archive.sana.sy\/tr\/index.php?rest_route=\/wp\/v2\/media\/44913"}],"wp:attachment":[{"href":"https:\/\/archive.sana.sy\/tr\/index.php?rest_route=%2Fwp%2Fv2%2Fmedia&parent=44912"}],"wp:term":[{"taxonomy":"category","embeddable":true,"href":"https:\/\/archive.sana.sy\/tr\/index.php?rest_route=%2Fwp%2Fv2%2Fcategories&post=44912"},{"taxonomy":"post_tag","embeddable":true,"href":"https:\/\/archive.sana.sy\/tr\/index.php?rest_route=%2Fwp%2Fv2%2Ftags&post=44912"}],"curies":[{"name":"wp","href":"https:\/\/api.w.org\/{rel}","templated":true}]}}