{"id":44915,"date":"2015-08-28T20:30:35","date_gmt":"2015-08-28T17:30:35","guid":{"rendered":"http:\/\/sana.sy\/tr\/?p=44915"},"modified":"2015-08-28T20:29:37","modified_gmt":"2015-08-28T17:29:37","slug":"turkiye-isid-ve-diger-teroristleri-desteklemekle-uygar-ulkeler-listesinden-cikti","status":"publish","type":"post","link":"https:\/\/archive.sana.sy\/tr\/?p=44915","title":{"rendered":"T\u00fcrkiye I\u015e\u0130D ve Di\u011fer Ter\u00f6ristleri Desteklemekle Uygar \u00dclkeler Listesinden \u00c7\u0131kt\u0131"},"content":{"rendered":"<p>PRAG \u2013 \u00c7ek Cumhuriyetinde tan\u0131nm\u0131\u015f bariz avukat Klara Samkova \u2018rejiminin \u00f6zellikle I\u015e\u0130D ter\u00f6r \u00f6rg\u00fct\u00fc ba\u015fta olmak \u00fczere ter\u00f6ristleri desteklemekle T\u00fcrkiye&#8217;nin uygar ve medeni devletler listesinden \u00e7\u0131kt\u0131\u011f\u0131n\u0131\u2019 belirtti.<\/p>\n<p>\u00c7ek televizyonu ile m\u00fclakat\u0131nda Samkova Avrupa Birli\u011fini, \u2018tutum ve davran\u0131\u015flar\u0131 kabul edilmeyecek hale gelen T\u00fcrkiye&#8217;deki rejime ikazda bulunmas\u0131na \u00e7a\u011f\u0131r\u0131rken NATO pakt\u0131ndan at\u0131lmas\u0131 i\u00e7in etkin ve ciddi icraatlar al\u0131nmas\u0131 gerekti\u011fini ifade etti.<\/p>\n<p>Samkova T\u00fcrkiye&#8217;deki rejimin Suriyeli m\u00fclteciler meselesini ekonomik ve politik olarak \u015fiddetli bir \u015fekilde kullanmas\u0131na kar\u015f\u0131 uyar\u0131da bulundu. Erdo\u011fan rejiminin Avrupa\u2019ya ak\u0131n eden Suriyeli m\u00fcltecileri koz olarak kullanabilece\u011fini ifade eden Samkova; bu meselenin \u00f6n\u00fcne ge\u00e7mek i\u00e7in ter\u00f6rle m\u00fccadele ve ter\u00f6re deste\u011fin kesilmesinin yeterli olaca\u011f\u0131n\u0131 s\u00f6yledi.<\/p>\n<p>AB\u2019nin de ter\u00f6rle m\u00fccadele y\u00f6n\u00fcndeki tutum ve politikalar\u0131n\u0131 ele\u015ftiren Samkova; bu y\u00f6nde etkin bir ad\u0131m atmad\u0131\u011f\u0131 gibi ter\u00f6r\u00fc destekleyen T\u00fcrkiye&#8217;deki rejim konusunda da herhangi bir \u00f6nlem almad\u0131\u011f\u0131n\u0131 belirtti. Samkova T\u00fcrkiye&#8217;deki rejimin I\u015e\u0130D ve di\u011fer ter\u00f6r \u00f6rg\u00fctlere kar\u015f\u0131 etkin bir m\u00fccadele veren taraflara sald\u0131rd\u0131\u011f\u0131na da dikkat \u00e7ekti.<\/p>\n<p>Samkova \u00c7ek Cumhuriyetinde bariz bir avukat olmas\u0131n\u0131n yan\u0131nda siyasi \u015fahsiyetlerden biri say\u0131l\u0131yor.<\/p>\n<p>A.A. &#8211; M.M.<\/p>\n","protected":false},"excerpt":{"rendered":"<p>PRAG \u2013 \u00c7ek Cumhuriyetinde tan\u0131nm\u0131\u015f bariz avukat Klara Samkova \u2018rejiminin \u00f6zellikle I\u015e\u0130D ter\u00f6r \u00f6rg\u00fct\u00fc ba\u015fta olmak \u00fczere ter\u00f6ristleri desteklemekle T\u00fcrkiye&#8217;nin uygar ve medeni devletler listesinden \u00e7\u0131kt\u0131\u011f\u0131n\u0131\u2019 belirtti. \u00c7ek televizyonu ile m\u00fclakat\u0131nda Samkova Avrupa Birli\u011fini, \u2018tutum ve davran\u0131\u015flar\u0131 kabul edilmeyecek hale gelen T\u00fcrkiye&#8217;deki rejime ikazda bulunmas\u0131na \u00e7a\u011f\u0131r\u0131rken NATO pakt\u0131ndan at\u0131lmas\u0131 i\u00e7in etkin ve ciddi icraatlar al\u0131nmas\u0131 &hellip;<\/p>\n","protected":false},"author":1,"featured_media":44916,"comment_status":"closed","ping_status":"closed","sticky":false,"template":"","format":"standard","meta":{"footnotes":""},"categories":[458,459,447,2554,2555],"tags":[16449],"class_list":["post-44915","post","type-post","status-publish","format-standard","has-post-thumbnail","","category-dunya1","category-haberler-arap-uluslararasi-politika","category-politika","category-suriye-ve-dunya","category-suriye-ve-turkiye","tag-turkiye-isid-ve-diger-teroristleri-desteklemekle-uygar-ulkeler-listesinden-cikti"],"_links":{"self":[{"href":"https:\/\/archive.sana.sy\/tr\/index.php?rest_route=\/wp\/v2\/posts\/44915","targetHints":{"allow":["GET"]}}],"collection":[{"href":"https:\/\/archive.sana.sy\/tr\/index.php?rest_route=\/wp\/v2\/posts"}],"about":[{"href":"https:\/\/archive.sana.sy\/tr\/index.php?rest_route=\/wp\/v2\/types\/post"}],"author":[{"embeddable":true,"href":"https:\/\/archive.sana.sy\/tr\/index.php?rest_route=\/wp\/v2\/users\/1"}],"replies":[{"embeddable":true,"href":"https:\/\/archive.sana.sy\/tr\/index.php?rest_route=%2Fwp%2Fv2%2Fcomments&post=44915"}],"version-history":[{"count":0,"href":"https:\/\/archive.sana.sy\/tr\/index.php?rest_route=\/wp\/v2\/posts\/44915\/revisions"}],"wp:featuredmedia":[{"embeddable":true,"href":"https:\/\/archive.sana.sy\/tr\/index.php?rest_route=\/wp\/v2\/media\/44916"}],"wp:attachment":[{"href":"https:\/\/archive.sana.sy\/tr\/index.php?rest_route=%2Fwp%2Fv2%2Fmedia&parent=44915"}],"wp:term":[{"taxonomy":"category","embeddable":true,"href":"https:\/\/archive.sana.sy\/tr\/index.php?rest_route=%2Fwp%2Fv2%2Fcategories&post=44915"},{"taxonomy":"post_tag","embeddable":true,"href":"https:\/\/archive.sana.sy\/tr\/index.php?rest_route=%2Fwp%2Fv2%2Ftags&post=44915"}],"curies":[{"name":"wp","href":"https:\/\/api.w.org\/{rel}","templated":true}]}}