{"id":44922,"date":"2015-08-29T11:36:37","date_gmt":"2015-08-29T08:36:37","guid":{"rendered":"http:\/\/www.sana.sy\/tr\/?p=44922"},"modified":"2015-08-29T11:36:37","modified_gmt":"2015-08-29T08:36:37","slug":"isid-tunelinde-kimyasal-gaz-maskeleri-bulundu","status":"publish","type":"post","link":"https:\/\/archive.sana.sy\/tr\/?p=44922","title":{"rendered":"I\u015e\u0130D T\u00fcnelinde Kimyasal Gaz Maskeleri Bulundu"},"content":{"rendered":"<p>HASEKE \u2013 Haseke Kentinin Gveyran Semtinde halk savunma g\u00fc\u00e7lerimiz d\u00fcn; I\u015e\u0130D tekfircilerinin bu ay\u0131n ba\u015flar\u0131nda semtten \u00e7\u0131kmadan \u00f6nce kulland\u0131klar\u0131 bir t\u00fcneli ele ge\u00e7irdi.<\/p>\n<p>Haseke Valili\u011finde bir kaynak SANA muhabirine a\u00e7\u0131klamalar\u0131nda halk savunma g\u00fc\u00e7lerimizin t\u00fcnelde I\u015e\u0130D \u00e7etelerine ait kimyasal silahlardan korunma maskeleriyle birlikte her biri 150 kg a\u011f\u0131rl\u0131\u011f\u0131nda iki adet bomba d\u00fczene\u011fi ele ge\u00e7irdiklerini s\u00f6yledi. Kaynak t\u00fcnelde ayr\u0131ca muhtelif t\u00fcr silah ve m\u00fchimmat\u0131n da ele ge\u00e7irildi\u011fini s\u00f6zlerine ekledi.<\/p>\n<p>Bu arada uluslararas\u0131 medya raporlar\u0131 I\u015e\u0130D\u2019in bir\u00e7ok b\u00f6lgede kimyasal silah kulland\u0131\u011f\u0131n\u0131 belirtirken, tekfircilerin en son ge\u00e7en hafta Halep k\u0131rsal\u0131n\u0131n Marei Kentini bir dizi kimyasal f\u00fczeyle hedef ald\u0131klar\u0131 kaydedildi.<\/p>\n","protected":false},"excerpt":{"rendered":"<p>HASEKE \u2013 Haseke Kentinin Gveyran Semtinde halk savunma g\u00fc\u00e7lerimiz d\u00fcn; I\u015e\u0130D tekfircilerinin bu ay\u0131n ba\u015flar\u0131nda semtten \u00e7\u0131kmadan \u00f6nce kulland\u0131klar\u0131 bir t\u00fcneli ele ge\u00e7irdi. Haseke Valili\u011finde bir kaynak SANA muhabirine a\u00e7\u0131klamalar\u0131nda halk savunma g\u00fc\u00e7lerimizin t\u00fcnelde I\u015e\u0130D \u00e7etelerine ait kimyasal silahlardan korunma maskeleriyle birlikte her biri 150 kg a\u011f\u0131rl\u0131\u011f\u0131nda iki adet bomba d\u00fczene\u011fi ele ge\u00e7irdiklerini s\u00f6yledi. Kaynak &hellip;<\/p>\n","protected":false},"author":1,"featured_media":44926,"comment_status":"closed","ping_status":"closed","sticky":false,"template":"","format":"standard","meta":{"footnotes":""},"categories":[479,575,478],"tags":[],"class_list":["post-44922","post","type-post","status-publish","format-standard","has-post-thumbnail","","category-haberler-yerel","category-olaylar-ve-gercekler","category-yerel"],"_links":{"self":[{"href":"https:\/\/archive.sana.sy\/tr\/index.php?rest_route=\/wp\/v2\/posts\/44922","targetHints":{"allow":["GET"]}}],"collection":[{"href":"https:\/\/archive.sana.sy\/tr\/index.php?rest_route=\/wp\/v2\/posts"}],"about":[{"href":"https:\/\/archive.sana.sy\/tr\/index.php?rest_route=\/wp\/v2\/types\/post"}],"author":[{"embeddable":true,"href":"https:\/\/archive.sana.sy\/tr\/index.php?rest_route=\/wp\/v2\/users\/1"}],"replies":[{"embeddable":true,"href":"https:\/\/archive.sana.sy\/tr\/index.php?rest_route=%2Fwp%2Fv2%2Fcomments&post=44922"}],"version-history":[{"count":0,"href":"https:\/\/archive.sana.sy\/tr\/index.php?rest_route=\/wp\/v2\/posts\/44922\/revisions"}],"wp:featuredmedia":[{"embeddable":true,"href":"https:\/\/archive.sana.sy\/tr\/index.php?rest_route=\/wp\/v2\/media\/44926"}],"wp:attachment":[{"href":"https:\/\/archive.sana.sy\/tr\/index.php?rest_route=%2Fwp%2Fv2%2Fmedia&parent=44922"}],"wp:term":[{"taxonomy":"category","embeddable":true,"href":"https:\/\/archive.sana.sy\/tr\/index.php?rest_route=%2Fwp%2Fv2%2Fcategories&post=44922"},{"taxonomy":"post_tag","embeddable":true,"href":"https:\/\/archive.sana.sy\/tr\/index.php?rest_route=%2Fwp%2Fv2%2Ftags&post=44922"}],"curies":[{"name":"wp","href":"https:\/\/api.w.org\/{rel}","templated":true}]}}