{"id":44965,"date":"2015-08-29T20:30:35","date_gmt":"2015-08-29T17:30:35","guid":{"rendered":"http:\/\/sana.sy\/tr\/?p=44965"},"modified":"2015-08-30T16:10:29","modified_gmt":"2015-08-30T13:10:29","slug":"teroristlere-ait-arac-ve-karargahlar-muhtevalariyla-imha-edildi","status":"publish","type":"post","link":"https:\/\/archive.sana.sy\/tr\/?p=44965","title":{"rendered":"Ter\u00f6ristlere Ait Ara\u00e7 ve Karargahlar Muhtevalar\u0131yla \u0130mha Edildi"},"content":{"rendered":"<p>\u0130LLER \u2013 Hava g\u00fc\u00e7lerimizin deste\u011fi ile ordu birliklerimiz bug\u00fcn de ba\u015fta Erdo\u011fan rejimi taraf\u0131ndan desteklenen ve Suudi rejimi taraf\u0131ndan finanse edilen geneli yabanc\u0131 tekfircilerden olu\u015fan \u2018Fetih Ordusu\u2019 ve di\u011fer ter\u00f6r \u00f6rg\u00fctleri a\u011f\u0131r kay\u0131plara u\u011fratmaya devam etti.<\/p>\n<p><span style=\"color: #0000ff\">\u0130DL\u0130B:<\/span><\/p>\n<p>\u0130dlib k\u0131rsal\u0131nda Suudi rejimi ve katil Erdo\u011fan rejiminin destekleyip komuta ettikleri \u2018Fetih Ordusu\u2019nun destek hatlar\u0131 ve ara\u00e7 konvoylar\u0131n\u0131 imha eden hava g\u00fc\u00e7lerimiz aralar\u0131nda tehlikeli ve yabanc\u0131 ter\u00f6ristlerin bulundu\u011fu y\u00fcksek say\u0131da ter\u00f6risti \u00f6l\u00fc yaral\u0131 d\u00fc\u015f\u00fcrd\u00fc.<\/p>\n<p>SANA\u2019ya a\u00e7\u0131klama yapan askeri bir kaynak hava g\u00fc\u00e7lerimizin \u0130dlib iline tabi Cisre\u015f\u015fu\u011fur k\u0131rsal\u0131n\u0131n Karkur ve Kiniset Nahle K\u00f6y\u00fc civar\u0131nda bir k\u0131sm\u0131 a\u011f\u0131r silahlarla donat\u0131lm\u0131\u015f \u00e7ok say\u0131da arac\u0131 ta\u015f\u0131d\u0131klar\u0131 cephane ve ter\u00f6ristlerle birlikte imha ettiklerini belirtti.<\/p>\n<p>Hava g\u00fc\u00e7lerimizin \u0130dlib k\u0131rsal\u0131n\u0131n g\u00fcneyi Ariha Kentinde de yine \u2018Fetih Ordusu\u2019nun karargah ve toplanma yerlerini imha ettiklerini aktaran kaynak, burada da \u00e7ok say\u0131da ter\u00f6risti ara\u00e7 ve cephaneleriyle etkisizle\u015ftirdiklerini s\u00f6yledi.<\/p>\n<p>\u0130dlib k\u0131rsal\u0131n\u0131n g\u00fcneydo\u011fusu Ebu el Zuhur B\u00f6lgesindeki Teria ve \u015euveyha k\u00f6ylerinde ise ordu birliklerimiz b\u00fcy\u00fck \u00e7o\u011funlu\u011fu \u2018Fetih Ordusu\u2019nun ana bile\u015fenlerinden biri say\u0131lan Nusra Cephesine tabi \u00e7ok say\u0131da ter\u00f6risti \u00f6l\u00fc yaral\u0131 d\u00fc\u015f\u00fcrd\u00fc.<\/p>\n<p>Ebu el Zuhur Havaliman\u0131ndaki ordu birliklerimiz ise hava g\u00fc\u00e7lerimizin deste\u011fi ile havaliman\u0131 civar\u0131nda geneli Nusra Cephesine tabi olan onlarca ter\u00f6risti \u00f6l\u00fc yaral\u0131 d\u00fc\u015f\u00fcr\u00fcrken, z\u0131rhl\u0131 ara\u00e7 ve a\u011f\u0131r silahlarla donat\u0131lm\u0131\u015f pikaplar\u0131n\u0131 imha etti.<\/p>\n<p>Ter\u00f6r \u00f6rg\u00fctleri medya ara\u00e7lar\u0131nda Ebu el Zuhur Havaliman\u0131 civar\u0131nda olduk\u00e7a b\u00fcy\u00fck kay\u0131plar verdiklerini itiraf etti.<\/p>\n<p>G\u00fcn\u00fcn ilerleyen saatlerinde a\u00e7\u0131klama yapan bir kaynak; hava g\u00fc\u00e7lerimizin \u0130dlib k\u0131rsal\u0131 Ebu Zuhur Havaliman\u0131 civar\u0131, Kfeyir, Cisre\u015f\u015fu\u011fur ve \u0130\u015ftebrak b\u00f6lgelerinde \u2018Fetih Ordusu\u2019ndan bir\u00e7ok ter\u00f6risti \u00f6ld\u00fcrd\u00fcklerine i\u015faret etti.<\/p>\n<p><span style=\"color: #0000ff\">HAMA:<\/span><\/p>\n<p>SANA\u2019ya a\u00e7\u0131klama yapan askeri kaynak hava g\u00fc\u00e7lerimizin Hama k\u0131rsallar\u0131n\u0131n Zeyzun \u0130stasyonu yak\u0131nlar\u0131na ilaveten Yeni Zeyzun, Enkavi ve Zakkum k\u00f6ylerinde tekfirci ve kiral\u0131k \u00e7etelerden olu\u015fan \u2018Fetih Ordusu\u2019nun ara\u00e7lar\u0131n\u0131 ve toplanma yerlerini imha ettiklerini s\u00f6yledi. Kaynak hava operasyonlar\u0131nda bir k\u0131sm\u0131 yabanc\u0131 olan \u00e7ok say\u0131da ter\u00f6ristle birlikte baz\u0131lar\u0131 a\u011f\u0131r silahlarla donat\u0131lm\u0131\u015f bir\u00e7ok arac\u0131n imha edildi\u011fini s\u00f6zlerine ekledi.<\/p>\n<p>Ordu birliklerimiz Hama k\u0131rsal\u0131 Ziyara ve Hamidiye b\u00f6lgelerinde yine \u2018Fetih Ordusu\u2019na ait toplanma yerleri ve mevkileri hedef almalar\u0131yla \u00e7ok say\u0131da ter\u00f6risti \u00f6l\u00fc ve yaral\u0131 d\u00fc\u015f\u00fcrd\u00fc.<\/p>\n<p><span style=\"color: #0000ff\">LAZK\u0130YE:<\/span><\/p>\n<p>Lazkiye k\u0131rsal\u0131n\u0131n uzak kuzeydo\u011fusunda Hama ve \u0130dlib il idari s\u0131n\u0131rlar\u0131na yak\u0131n b\u00f6lgelerde yine Erdo\u011fan ve Suudi rejimleri taraf\u0131ndan desteklenen \u2018Fetih Ordusu\u2019nun toplanma yerleri ve ara\u00e7lar\u0131n\u0131 imha eden hava g\u00fc\u00e7lerimiz; saha kaynaklar\u0131n\u0131n bildirdi\u011fine g\u00f6re \u00e7ok say\u0131da ter\u00f6risti b\u00fcy\u00fck miktarda cephaneyle birlikte etkisizle\u015ftirdi.<\/p>\n<p>Saha kaynaklar\u0131 Lazkiye Kentinin yakla\u015f\u0131k 60 km kuzeydo\u011fusuna d\u00fc\u015fen Rabia Nahiyesi kenarlar\u0131nda ordu birliklerimizin s\u0131cak temasa girdi\u011fi ter\u00f6ristlerden 6\u2019s\u0131n\u0131 te\u00e7hizatlar\u0131yla birlikte etkisizle\u015ftirdiklerini belirtti.<\/p>\n<p>Ordu birliklerimiz ayr\u0131ca Kensabba civar\u0131 \u015ealaf Kalesi b\u00f6lgelerinde \u00e7ok say\u0131da ter\u00f6risti ekipmanlar\u0131yla birlikte etkisizle\u015ftirdi.<\/p>\n<p>Lazkiye k\u0131rsal\u0131n\u0131n kuzeyi ve kuzeydo\u011fusunda Erdo\u011fan rejiminin tam deste\u011fi ve Suudi rejiminin finans\u0131yla T\u00fcrkiye topraklar\u0131nda e\u011fitilmeleri ard\u0131ndan vah\u015fi ter\u00f6r eylemlerinde bulunmak i\u00e7in Suriye&#8217;ye g\u00f6nderilen geneli yabanc\u0131lardan olu\u015fan ter\u00f6r \u00f6rg\u00fctleri bulunuyor.<\/p>\n<p>Hava g\u00fc\u00e7lerimiz Lazkiye k\u0131rsal\u0131n\u0131n kuzeyi Selma ve Ruvyset el Kale b\u00f6lgelerinde ter\u00f6ristlerin toplanma yerlerini hedef alarak onlarca ter\u00f6risti \u00f6l\u00fc ve yaral\u0131 d\u00fc\u015f\u00fcrd\u00fc.<\/p>\n<p><span style=\"color: #0000ff\">HOMS:<\/span><\/p>\n<p>Homs k\u0131rsal\u0131n\u0131n do\u011fusunda I\u015e\u0130D tekfircilerine kar\u015f\u0131 hava operasyonlar\u0131n\u0131 s\u00fcrd\u00fcren hava g\u00fc\u00e7lerimiz Suhna Kentinde toplanma yerleri ve ara\u00e7lar\u0131n\u0131 imha etmeleriyle \u00e7ok say\u0131da ter\u00f6risti ara\u00e7 ve cephaneleriyle etkisizle\u015ftirdi.<\/p>\n<p>G\u00fcn i\u00e7erisinde a\u00e7\u0131klama yapan askeri bir kaynak; hava g\u00fc\u00e7lerimizin Homs Kentinin 73 km do\u011fusuna yak\u0131n d\u00fc\u015fen Cub el Cerrah Nahiyesine tabi Um Tuvyni ve Orta Lic k\u00f6ylerinde I\u015e\u0130D\u2019in yuva ve k\u00fcmelenme yerlerini hedef almalar\u0131na e\u015f zamanl\u0131 olarak Tedmur Kentinde I\u015e\u0130D\u2019in mevkilerine y\u00f6nelik operasyonlar\u0131n\u0131 s\u00fcrd\u00fcrd\u00fcklerini bayan etti. Kaynak; operasyonlarda I\u015e\u0130D ter\u00f6r \u00f6rg\u00fct\u00fcnden y\u00fcksek say\u0131da ter\u00f6ristin \u00f6ld\u00fcr\u00fcl\u00fcp ara\u00e7, silah ve m\u00fchimmatlar\u0131n\u0131n da imha edildi\u011fine dikkat \u00e7ekti.<\/p>\n<p>Yan\u0131 s\u0131ra ordu birliklerimizin Homs Kentinin 85 km do\u011fusuna d\u00fc\u015fen Karyetin Kentine ilaveten Masik Vadisi ve Ebu Havadit Vadisinde I\u015e\u0130D\u2019in siper ve mevkilerini hedef ald\u0131klar\u0131n\u0131 belirten kaynak; buralarda da onlarca ter\u00f6risti \u00f6l\u00fc ve yaral\u0131 d\u00fc\u015f\u00fcr\u00fcp a\u011f\u0131r makineli silahlarla donat\u0131lm\u0131\u015f ara\u00e7lar\u0131n\u0131 imha ettiklerini aktard\u0131.<\/p>\n<p>Homs k\u0131rsal\u0131n\u0131n kuzeyi Ayn H\u00fcseyin K\u00f6y\u00fcnde ise ordu birliklerimizin Nusra Cephesinin karargahlar\u0131n\u0131 muhtevalar\u0131yla birlikte imha ettiklerini s\u00f6yleyen kaynak; Resten Kentinde Nusra Cephesine ait bir t\u00fcneli tahrip ederken en az 10 ter\u00f6risti \u00f6ld\u00fcrd\u00fcklerini belirtti.<\/p>\n<p><span style=\"color: #0000ff\">DERA:<\/span><\/p>\n<p>Ordu birliklerimiz Dera k\u0131rsal\u0131n\u0131n do\u011fusu Busra el \u015eam Kentinde \u0130srail ve \u00dcrd\u00fcn destekli ter\u00f6ristlere y\u00f6nelik nitelikli bir operasyonda en az\u0131ndan 10 ter\u00f6risti \u00f6l\u00fc, bir\u00e7ok ter\u00f6risti de yaral\u0131 d\u00fc\u015f\u00fcrd\u00fc.<\/p>\n<p>Dera Beled\u2019in muhtelif b\u00f6lgelerinde ise ordu birliklerimiz Nusra Cephesi ve di\u011fer radikal \u00f6rg\u00fctlerinden y\u00fcksek say\u0131da ter\u00f6risti \u00f6l\u00fc ve yaral\u0131 d\u00fc\u015f\u00fcrd\u00fc.<\/p>\n<p><span style=\"color: #0000ff\">HALEP:<\/span><\/p>\n<p>\u00d6te yandan askeri kaynak; Halep k\u0131rsal\u0131n\u0131n g\u00fcneybat\u0131s\u0131 Benyamin ve Han Toman K\u00f6y\u00fcnde katil Erdo\u011fan rejimine ba\u011fl\u0131 ter\u00f6r \u00f6rg\u00fctlerin siper ve mevkilerine kar\u015f\u0131 nitelikli operasyonlar\u0131n\u0131 s\u00fcrd\u00fcren ordu birliklerimizin bir\u00e7ok ter\u00f6rist \u00f6ld\u00fcr\u00fcp havzalar\u0131ndaki silah ve m\u00fchimmatlar\u0131 imha ettiklerini aktard\u0131.<\/p>\n<p>Ordu birliklerimizin Halep k\u0131rsal\u0131 Mansura K\u00f6y\u00fc ve Bilimsel Ara\u015ft\u0131rmalar Merkezi \u00e7evresine ilaveten Dehhul Tepesi ve Neyreb Havaliman\u0131 bat\u0131s\u0131nda ter\u00f6ristlerin yuva ve hareketlenmelerini imha ettiklerini belirten kaynak; saflar\u0131nda a\u011f\u0131r kay\u0131plara yol a\u00e7t\u0131klar\u0131na dikkat \u00e7ekti.<\/p>\n<p>Kaynak; ordu birliklerimizin Halep k\u0131rsal\u0131n\u0131n kuzeyi Hreytan Beldesinde de yine T\u00fcrkiye\u2019deki rejimden destek hatlar\u0131n\u0131 hedef al\u0131rken buralarda da \u00e7ok say\u0131da ter\u00f6risti \u00f6l\u00fc ve yaral\u0131 d\u00fc\u015f\u00fcrd\u00fcklerini s\u00f6yledi.<\/p>\n<p>Halep k\u0131rsal\u0131n\u0131n do\u011fusunda da ordu birliklerimizin Havac\u0131l\u0131k Akademisi civar\u0131nda I\u015e\u0130D ter\u00f6r \u00f6rg\u00fct\u00fcne ait bir k\u0131sm\u0131 a\u011f\u0131r makineli silahla donat\u0131lm\u0131\u015f ara\u00e7lara ilaveten silah ve m\u00fchimmatlar\u0131 imha ettiklerini aktaran kaynak; \u00e7ok say\u0131da ter\u00f6risti \u00f6l\u00fc ve yaral\u0131 d\u00fc\u015f\u00fcrd\u00fcklerini s\u00f6zlerine ekledi.<\/p>\n<p>Bu arada Halep Kentinin Beni Zeyd, Kerm el Cebel ve Tel \u015eeyh Sait semtlerine Nusra Cephesinin vatanda\u015flara ait evleri y\u0131kma ve hendek a\u00e7mada kulland\u0131klar\u0131 bir dozeri imha eden ordu birliklerimiz buralarda da bir\u00e7ok ter\u00f6risti \u00f6l\u00fc ve yaral\u0131 d\u00fc\u015f\u00fcrd\u00fc.<\/p>\n<p><span style=\"color: #0000ff\">S\u00dcVEYDA:<\/span><\/p>\n<p>Di\u011fer yandan ordu birliklerimiz halk savunma g\u00fc\u00e7leriyle i\u015fbirli\u011fi i\u00e7inde S\u00fcveyda k\u0131rsal\u0131n\u0131n kuzeyi Rudayma el Liva ile Lahisa k\u00f6yleri aras\u0131 K\u00fc Hedar b\u00f6lgesinde Dera il idari s\u0131n\u0131rlar\u0131na d\u00fc\u015fen L\u00fccat B\u00f6lgesinden a\u00e7\u0131k \u00e7\u00f6le s\u0131zmaya \u00e7al\u0131\u015fan ter\u00f6ristlerle s\u0131cak temasa girdi.<\/p>\n<p>S\u00fcveyda valili\u011finde bir kaynak \u00e7at\u0131\u015fmada ter\u00f6ristlerin b\u00fcy\u00fck \u00e7o\u011funlu\u011funun \u00f6ld\u00fcr\u00fcld\u00fc\u011f\u00fcn\u00fc ifade ederken, havzalar\u0131nda bulunan muhtelif t\u00fcr a\u011f\u0131r ve hafif silahlara da el konuldu\u011funu belirtti. Kaynak ordu birliklerimizin sa\u011f ka\u00e7an ter\u00f6ristleri kovalama operasyonlar\u0131 s\u00fcrd\u00fcrd\u00fcklerini ifade etti.<\/p>\n<div id='gallery-1' class='gallery galleryid-44965 gallery-columns-2 gallery-size-medium'><figure class='gallery-item'>\n\t\t\t<div class='gallery-icon landscape'>\n\t\t\t\t<a href='https:\/\/archive.sana.sy\/tr\/wp-content\/uploads\/2015\/08\/S\u00fcveyda-15.jpg'><img loading=\"lazy\" decoding=\"async\" width=\"300\" height=\"195\" src=\"https:\/\/archive.sana.sy\/tr\/wp-content\/uploads\/2015\/08\/S\u00fcveyda-15-300x195.jpg\" class=\"attachment-medium size-medium\" alt=\"\" srcset=\"https:\/\/archive.sana.sy\/tr\/wp-content\/uploads\/2015\/08\/S\u00fcveyda-15-300x195.jpg 300w, https:\/\/archive.sana.sy\/tr\/wp-content\/uploads\/2015\/08\/S\u00fcveyda-15-150x98.jpg 150w, https:\/\/archive.sana.sy\/tr\/wp-content\/uploads\/2015\/08\/S\u00fcveyda-15-1024x667.jpg 1024w\" sizes=\"auto, (max-width: 300px) 100vw, 300px\" \/><\/a>\n\t\t\t<\/div><\/figure><figure class='gallery-item'>\n\t\t\t<div class='gallery-icon landscape'>\n\t\t\t\t<a href='https:\/\/archive.sana.sy\/tr\/wp-content\/uploads\/2015\/08\/S\u00fcveyda-23.jpg'><img loading=\"lazy\" decoding=\"async\" width=\"300\" height=\"186\" src=\"https:\/\/archive.sana.sy\/tr\/wp-content\/uploads\/2015\/08\/S\u00fcveyda-23-300x186.jpg\" class=\"attachment-medium size-medium\" alt=\"\" srcset=\"https:\/\/archive.sana.sy\/tr\/wp-content\/uploads\/2015\/08\/S\u00fcveyda-23-300x186.jpg 300w, https:\/\/archive.sana.sy\/tr\/wp-content\/uploads\/2015\/08\/S\u00fcveyda-23-150x93.jpg 150w, https:\/\/archive.sana.sy\/tr\/wp-content\/uploads\/2015\/08\/S\u00fcveyda-23-1024x634.jpg 1024w\" sizes=\"auto, (max-width: 300px) 100vw, 300px\" \/><\/a>\n\t\t\t<\/div><\/figure>\n\t\t<\/div>\n\n<p><span style=\"color: #0000ff\">\u015eAM KIRSALI:<\/span><\/p>\n<p>\u015eam k\u0131rsal\u0131n\u0131n do\u011fu \u011euta B\u00f6lgesinde Haresta, Duma, Irbin, Hammuriye ve Zemelke b\u00f6lgelerinde tekfirci ve vatan hainlerinin toplanma yerlerini muhtevalar\u0131yla imha eden hava g\u00fc\u00e7lerimiz aralar\u0131nda tehlikeli isimlerin bulundu\u011fu \u00e7ok say\u0131da ter\u00f6risti te\u00e7hizatlar\u0131yla birlikte etkisizle\u015ftirdi.<\/p>\n<p>\u015eam k\u0131rsal\u0131n\u0131n g\u00fcneybat\u0131s\u0131 Dareyya Kentinin yan\u0131 s\u0131ra \u015eam\u2019\u0131n bat\u0131 k\u0131rsal\u0131 Zebdani\u2019de operasyonlar\u0131 kapsam\u0131nda ordu birliklerimiz buralarda da bir\u00e7ok ter\u00f6risti \u00f6l\u00fc yaral\u0131 d\u00fc\u015f\u00fcrd\u00fc.<\/p>\n<div id='gallery-2' class='gallery galleryid-44965 gallery-columns-2 gallery-size-medium'><figure class='gallery-item'>\n\t\t\t<div class='gallery-icon landscape'>\n\t\t\t\t<a href='https:\/\/archive.sana.sy\/tr\/wp-content\/uploads\/2015\/08\/\u062a\u0642\u0631\u064a\u0631-\u0627\u0644\u0632\u0628\u062f\u0627\u0646\u064a-29-08-2015.Still002.jpg'><img loading=\"lazy\" decoding=\"async\" width=\"300\" height=\"185\" src=\"https:\/\/archive.sana.sy\/tr\/wp-content\/uploads\/2015\/08\/\u062a\u0642\u0631\u064a\u0631-\u0627\u0644\u0632\u0628\u062f\u0627\u0646\u064a-29-08-2015.Still002-300x185.jpg\" class=\"attachment-medium size-medium\" alt=\"\" aria-describedby=\"gallery-2-45075\" srcset=\"https:\/\/archive.sana.sy\/tr\/wp-content\/uploads\/2015\/08\/\u062a\u0642\u0631\u064a\u0631-\u0627\u0644\u0632\u0628\u062f\u0627\u0646\u064a-29-08-2015.Still002-300x185.jpg 300w, https:\/\/archive.sana.sy\/tr\/wp-content\/uploads\/2015\/08\/\u062a\u0642\u0631\u064a\u0631-\u0627\u0644\u0632\u0628\u062f\u0627\u0646\u064a-29-08-2015.Still002-150x93.jpg 150w, https:\/\/archive.sana.sy\/tr\/wp-content\/uploads\/2015\/08\/\u062a\u0642\u0631\u064a\u0631-\u0627\u0644\u0632\u0628\u062f\u0627\u0646\u064a-29-08-2015.Still002.jpg 703w\" sizes=\"auto, (max-width: 300px) 100vw, 300px\" \/><\/a>\n\t\t\t<\/div>\n\t\t\t\t<figcaption class='wp-caption-text gallery-caption' id='gallery-2-45075'>\n\t\t\t\t1\n\t\t\t\t<\/figcaption><\/figure><figure class='gallery-item'>\n\t\t\t<div class='gallery-icon landscape'>\n\t\t\t\t<a href='https:\/\/archive.sana.sy\/tr\/wp-content\/uploads\/2015\/08\/\u062a\u0642\u0631\u064a\u0631-\u0627\u0644\u0632\u0628\u062f\u0627\u0646\u064a-29-08-2015.Still003.jpg'><img loading=\"lazy\" decoding=\"async\" width=\"300\" height=\"182\" src=\"https:\/\/archive.sana.sy\/tr\/wp-content\/uploads\/2015\/08\/\u062a\u0642\u0631\u064a\u0631-\u0627\u0644\u0632\u0628\u062f\u0627\u0646\u064a-29-08-2015.Still003-300x182.jpg\" class=\"attachment-medium size-medium\" alt=\"\" aria-describedby=\"gallery-2-45076\" srcset=\"https:\/\/archive.sana.sy\/tr\/wp-content\/uploads\/2015\/08\/\u062a\u0642\u0631\u064a\u0631-\u0627\u0644\u0632\u0628\u062f\u0627\u0646\u064a-29-08-2015.Still003-300x182.jpg 300w, https:\/\/archive.sana.sy\/tr\/wp-content\/uploads\/2015\/08\/\u062a\u0642\u0631\u064a\u0631-\u0627\u0644\u0632\u0628\u062f\u0627\u0646\u064a-29-08-2015.Still003-150x91.jpg 150w, https:\/\/archive.sana.sy\/tr\/wp-content\/uploads\/2015\/08\/\u062a\u0642\u0631\u064a\u0631-\u0627\u0644\u0632\u0628\u062f\u0627\u0646\u064a-29-08-2015.Still003.jpg 720w\" sizes=\"auto, (max-width: 300px) 100vw, 300px\" \/><\/a>\n\t\t\t<\/div>\n\t\t\t\t<figcaption class='wp-caption-text gallery-caption' id='gallery-2-45076'>\n\t\t\t\t2\n\t\t\t\t<\/figcaption><\/figure><figure class='gallery-item'>\n\t\t\t<div class='gallery-icon landscape'>\n\t\t\t\t<a href='https:\/\/archive.sana.sy\/tr\/wp-content\/uploads\/2015\/08\/\u062a\u0642\u0631\u064a\u0631-\u0627\u0644\u0632\u0628\u062f\u0627\u0646\u064a-29-08-2015.Still006.jpg'><img loading=\"lazy\" decoding=\"async\" width=\"300\" height=\"185\" src=\"https:\/\/archive.sana.sy\/tr\/wp-content\/uploads\/2015\/08\/\u062a\u0642\u0631\u064a\u0631-\u0627\u0644\u0632\u0628\u062f\u0627\u0646\u064a-29-08-2015.Still006-300x185.jpg\" class=\"attachment-medium size-medium\" alt=\"\" aria-describedby=\"gallery-2-45077\" srcset=\"https:\/\/archive.sana.sy\/tr\/wp-content\/uploads\/2015\/08\/\u062a\u0642\u0631\u064a\u0631-\u0627\u0644\u0632\u0628\u062f\u0627\u0646\u064a-29-08-2015.Still006-300x185.jpg 300w, https:\/\/archive.sana.sy\/tr\/wp-content\/uploads\/2015\/08\/\u062a\u0642\u0631\u064a\u0631-\u0627\u0644\u0632\u0628\u062f\u0627\u0646\u064a-29-08-2015.Still006-150x92.jpg 150w, https:\/\/archive.sana.sy\/tr\/wp-content\/uploads\/2015\/08\/\u062a\u0642\u0631\u064a\u0631-\u0627\u0644\u0632\u0628\u062f\u0627\u0646\u064a-29-08-2015.Still006.jpg 701w\" sizes=\"auto, (max-width: 300px) 100vw, 300px\" \/><\/a>\n\t\t\t<\/div>\n\t\t\t\t<figcaption class='wp-caption-text gallery-caption' id='gallery-2-45077'>\n\t\t\t\t3\n\t\t\t\t<\/figcaption><\/figure><figure class='gallery-item'>\n\t\t\t<div class='gallery-icon landscape'>\n\t\t\t\t<a href='https:\/\/archive.sana.sy\/tr\/wp-content\/uploads\/2015\/08\/\u062a\u0642\u0631\u064a\u0631-\u0627\u0644\u0632\u0628\u062f\u0627\u0646\u064a-29-08-2015.Still007.jpg'><img loading=\"lazy\" decoding=\"async\" width=\"300\" height=\"185\" src=\"https:\/\/archive.sana.sy\/tr\/wp-content\/uploads\/2015\/08\/\u062a\u0642\u0631\u064a\u0631-\u0627\u0644\u0632\u0628\u062f\u0627\u0646\u064a-29-08-2015.Still007-300x185.jpg\" class=\"attachment-medium size-medium\" alt=\"\" aria-describedby=\"gallery-2-45078\" srcset=\"https:\/\/archive.sana.sy\/tr\/wp-content\/uploads\/2015\/08\/\u062a\u0642\u0631\u064a\u0631-\u0627\u0644\u0632\u0628\u062f\u0627\u0646\u064a-29-08-2015.Still007-300x185.jpg 300w, https:\/\/archive.sana.sy\/tr\/wp-content\/uploads\/2015\/08\/\u062a\u0642\u0631\u064a\u0631-\u0627\u0644\u0632\u0628\u062f\u0627\u0646\u064a-29-08-2015.Still007-150x92.jpg 150w, https:\/\/archive.sana.sy\/tr\/wp-content\/uploads\/2015\/08\/\u062a\u0642\u0631\u064a\u0631-\u0627\u0644\u0632\u0628\u062f\u0627\u0646\u064a-29-08-2015.Still007.jpg 709w\" sizes=\"auto, (max-width: 300px) 100vw, 300px\" \/><\/a>\n\t\t\t<\/div>\n\t\t\t\t<figcaption class='wp-caption-text gallery-caption' id='gallery-2-45078'>\n\t\t\t\t4\n\t\t\t\t<\/figcaption><\/figure><figure class='gallery-item'>\n\t\t\t<div class='gallery-icon landscape'>\n\t\t\t\t<a href='https:\/\/archive.sana.sy\/tr\/wp-content\/uploads\/2015\/08\/\u062a\u0642\u0631\u064a\u0631-\u0627\u0644\u0632\u0628\u062f\u0627\u0646\u064a-29-08-2015.Still008.jpg'><img loading=\"lazy\" decoding=\"async\" width=\"300\" height=\"184\" src=\"https:\/\/archive.sana.sy\/tr\/wp-content\/uploads\/2015\/08\/\u062a\u0642\u0631\u064a\u0631-\u0627\u0644\u0632\u0628\u062f\u0627\u0646\u064a-29-08-2015.Still008-300x184.jpg\" class=\"attachment-medium size-medium\" alt=\"\" aria-describedby=\"gallery-2-45079\" srcset=\"https:\/\/archive.sana.sy\/tr\/wp-content\/uploads\/2015\/08\/\u062a\u0642\u0631\u064a\u0631-\u0627\u0644\u0632\u0628\u062f\u0627\u0646\u064a-29-08-2015.Still008-300x184.jpg 300w, https:\/\/archive.sana.sy\/tr\/wp-content\/uploads\/2015\/08\/\u062a\u0642\u0631\u064a\u0631-\u0627\u0644\u0632\u0628\u062f\u0627\u0646\u064a-29-08-2015.Still008-150x92.jpg 150w, https:\/\/archive.sana.sy\/tr\/wp-content\/uploads\/2015\/08\/\u062a\u0642\u0631\u064a\u0631-\u0627\u0644\u0632\u0628\u062f\u0627\u0646\u064a-29-08-2015.Still008.jpg 709w\" sizes=\"auto, (max-width: 300px) 100vw, 300px\" \/><\/a>\n\t\t\t<\/div>\n\t\t\t\t<figcaption class='wp-caption-text gallery-caption' id='gallery-2-45079'>\n\t\t\t\t5\n\t\t\t\t<\/figcaption><\/figure><figure class='gallery-item'>\n\t\t\t<div class='gallery-icon landscape'>\n\t\t\t\t<a href='https:\/\/archive.sana.sy\/tr\/wp-content\/uploads\/2015\/08\/\u062a\u0642\u0631\u064a\u0631-\u0627\u0644\u0632\u0628\u062f\u0627\u0646\u064a-29-08-2015.Still009.jpg'><img loading=\"lazy\" decoding=\"async\" width=\"300\" height=\"182\" src=\"https:\/\/archive.sana.sy\/tr\/wp-content\/uploads\/2015\/08\/\u062a\u0642\u0631\u064a\u0631-\u0627\u0644\u0632\u0628\u062f\u0627\u0646\u064a-29-08-2015.Still009-300x182.jpg\" class=\"attachment-medium size-medium\" alt=\"\" aria-describedby=\"gallery-2-45080\" srcset=\"https:\/\/archive.sana.sy\/tr\/wp-content\/uploads\/2015\/08\/\u062a\u0642\u0631\u064a\u0631-\u0627\u0644\u0632\u0628\u062f\u0627\u0646\u064a-29-08-2015.Still009-300x182.jpg 300w, https:\/\/archive.sana.sy\/tr\/wp-content\/uploads\/2015\/08\/\u062a\u0642\u0631\u064a\u0631-\u0627\u0644\u0632\u0628\u062f\u0627\u0646\u064a-29-08-2015.Still009-150x91.jpg 150w, https:\/\/archive.sana.sy\/tr\/wp-content\/uploads\/2015\/08\/\u062a\u0642\u0631\u064a\u0631-\u0627\u0644\u0632\u0628\u062f\u0627\u0646\u064a-29-08-2015.Still009.jpg 720w\" sizes=\"auto, (max-width: 300px) 100vw, 300px\" \/><\/a>\n\t\t\t<\/div>\n\t\t\t\t<figcaption class='wp-caption-text gallery-caption' id='gallery-2-45080'>\n\t\t\t\t6\n\t\t\t\t<\/figcaption><\/figure><figure class='gallery-item'>\n\t\t\t<div class='gallery-icon landscape'>\n\t\t\t\t<a href='https:\/\/archive.sana.sy\/tr\/wp-content\/uploads\/2015\/08\/\u062a\u0642\u0631\u064a\u0631-\u0627\u0644\u0632\u0628\u062f\u0627\u0646\u064a-29-08-2015.Still010.jpg'><img loading=\"lazy\" decoding=\"async\" width=\"300\" height=\"183\" src=\"https:\/\/archive.sana.sy\/tr\/wp-content\/uploads\/2015\/08\/\u062a\u0642\u0631\u064a\u0631-\u0627\u0644\u0632\u0628\u062f\u0627\u0646\u064a-29-08-2015.Still010-300x183.jpg\" class=\"attachment-medium size-medium\" alt=\"\" aria-describedby=\"gallery-2-45081\" srcset=\"https:\/\/archive.sana.sy\/tr\/wp-content\/uploads\/2015\/08\/\u062a\u0642\u0631\u064a\u0631-\u0627\u0644\u0632\u0628\u062f\u0627\u0646\u064a-29-08-2015.Still010-300x183.jpg 300w, https:\/\/archive.sana.sy\/tr\/wp-content\/uploads\/2015\/08\/\u062a\u0642\u0631\u064a\u0631-\u0627\u0644\u0632\u0628\u062f\u0627\u0646\u064a-29-08-2015.Still010-150x91.jpg 150w, https:\/\/archive.sana.sy\/tr\/wp-content\/uploads\/2015\/08\/\u062a\u0642\u0631\u064a\u0631-\u0627\u0644\u0632\u0628\u062f\u0627\u0646\u064a-29-08-2015.Still010.jpg 712w\" sizes=\"auto, (max-width: 300px) 100vw, 300px\" \/><\/a>\n\t\t\t<\/div>\n\t\t\t\t<figcaption class='wp-caption-text gallery-caption' id='gallery-2-45081'>\n\t\t\t\t7\n\t\t\t\t<\/figcaption><\/figure><figure class='gallery-item'>\n\t\t\t<div class='gallery-icon landscape'>\n\t\t\t\t<a href='https:\/\/archive.sana.sy\/tr\/wp-content\/uploads\/2015\/08\/\u062a\u0642\u0631\u064a\u0631-\u0627\u0644\u0632\u0628\u062f\u0627\u0646\u064a-29-08-2015.Still011.jpg'><img loading=\"lazy\" decoding=\"async\" width=\"300\" height=\"182\" src=\"https:\/\/archive.sana.sy\/tr\/wp-content\/uploads\/2015\/08\/\u062a\u0642\u0631\u064a\u0631-\u0627\u0644\u0632\u0628\u062f\u0627\u0646\u064a-29-08-2015.Still011-300x182.jpg\" class=\"attachment-medium size-medium\" alt=\"\" aria-describedby=\"gallery-2-45082\" srcset=\"https:\/\/archive.sana.sy\/tr\/wp-content\/uploads\/2015\/08\/\u062a\u0642\u0631\u064a\u0631-\u0627\u0644\u0632\u0628\u062f\u0627\u0646\u064a-29-08-2015.Still011-300x182.jpg 300w, https:\/\/archive.sana.sy\/tr\/wp-content\/uploads\/2015\/08\/\u062a\u0642\u0631\u064a\u0631-\u0627\u0644\u0632\u0628\u062f\u0627\u0646\u064a-29-08-2015.Still011-150x91.jpg 150w, https:\/\/archive.sana.sy\/tr\/wp-content\/uploads\/2015\/08\/\u062a\u0642\u0631\u064a\u0631-\u0627\u0644\u0632\u0628\u062f\u0627\u0646\u064a-29-08-2015.Still011.jpg 720w\" sizes=\"auto, (max-width: 300px) 100vw, 300px\" \/><\/a>\n\t\t\t<\/div>\n\t\t\t\t<figcaption class='wp-caption-text gallery-caption' id='gallery-2-45082'>\n\t\t\t\t8\n\t\t\t\t<\/figcaption><\/figure><figure class='gallery-item'>\n\t\t\t<div class='gallery-icon landscape'>\n\t\t\t\t<a href='https:\/\/archive.sana.sy\/tr\/wp-content\/uploads\/2015\/08\/\u062a\u0642\u0631\u064a\u0631-\u0627\u0644\u0632\u0628\u062f\u0627\u0646\u064a-29-08-2015.Still012.jpg'><img loading=\"lazy\" decoding=\"async\" width=\"300\" height=\"184\" src=\"https:\/\/archive.sana.sy\/tr\/wp-content\/uploads\/2015\/08\/\u062a\u0642\u0631\u064a\u0631-\u0627\u0644\u0632\u0628\u062f\u0627\u0646\u064a-29-08-2015.Still012-300x184.jpg\" class=\"attachment-medium size-medium\" alt=\"\" srcset=\"https:\/\/archive.sana.sy\/tr\/wp-content\/uploads\/2015\/08\/\u062a\u0642\u0631\u064a\u0631-\u0627\u0644\u0632\u0628\u062f\u0627\u0646\u064a-29-08-2015.Still012-300x184.jpg 300w, https:\/\/archive.sana.sy\/tr\/wp-content\/uploads\/2015\/08\/\u062a\u0642\u0631\u064a\u0631-\u0627\u0644\u0632\u0628\u062f\u0627\u0646\u064a-29-08-2015.Still012-150x92.jpg 150w, https:\/\/archive.sana.sy\/tr\/wp-content\/uploads\/2015\/08\/\u062a\u0642\u0631\u064a\u0631-\u0627\u0644\u0632\u0628\u062f\u0627\u0646\u064a-29-08-2015.Still012.jpg 711w\" sizes=\"auto, (max-width: 300px) 100vw, 300px\" \/><\/a>\n\t\t\t<\/div><\/figure>\n\t\t<\/div>\n\n<p>A.A. &#8211; M.M. &#8211; R.H.<\/p>\n","protected":false},"excerpt":{"rendered":"<p>\u0130LLER \u2013 Hava g\u00fc\u00e7lerimizin deste\u011fi ile ordu birliklerimiz bug\u00fcn de ba\u015fta Erdo\u011fan rejimi taraf\u0131ndan desteklenen ve Suudi rejimi taraf\u0131ndan finanse edilen geneli yabanc\u0131 tekfircilerden olu\u015fan \u2018Fetih Ordusu\u2019 ve di\u011fer ter\u00f6r \u00f6rg\u00fctleri a\u011f\u0131r kay\u0131plara u\u011fratmaya devam etti. \u0130DL\u0130B: \u0130dlib k\u0131rsal\u0131nda Suudi rejimi ve katil Erdo\u011fan rejiminin destekleyip komuta ettikleri \u2018Fetih Ordusu\u2019nun destek hatlar\u0131 ve ara\u00e7 konvoylar\u0131n\u0131 &hellip;<\/p>\n","protected":false},"author":1,"featured_media":44966,"comment_status":"closed","ping_status":"closed","sticky":false,"template":"","format":"standard","meta":{"footnotes":""},"categories":[575],"tags":[16451],"class_list":["post-44965","post","type-post","status-publish","format-standard","has-post-thumbnail","","category-olaylar-ve-gercekler","tag-teroristlere-ait-arac-ve-karargahlar-muhtevalariyla-imha-edildi"],"_links":{"self":[{"href":"https:\/\/archive.sana.sy\/tr\/index.php?rest_route=\/wp\/v2\/posts\/44965","targetHints":{"allow":["GET"]}}],"collection":[{"href":"https:\/\/archive.sana.sy\/tr\/index.php?rest_route=\/wp\/v2\/posts"}],"about":[{"href":"https:\/\/archive.sana.sy\/tr\/index.php?rest_route=\/wp\/v2\/types\/post"}],"author":[{"embeddable":true,"href":"https:\/\/archive.sana.sy\/tr\/index.php?rest_route=\/wp\/v2\/users\/1"}],"replies":[{"embeddable":true,"href":"https:\/\/archive.sana.sy\/tr\/index.php?rest_route=%2Fwp%2Fv2%2Fcomments&post=44965"}],"version-history":[{"count":0,"href":"https:\/\/archive.sana.sy\/tr\/index.php?rest_route=\/wp\/v2\/posts\/44965\/revisions"}],"wp:featuredmedia":[{"embeddable":true,"href":"https:\/\/archive.sana.sy\/tr\/index.php?rest_route=\/wp\/v2\/media\/44966"}],"wp:attachment":[{"href":"https:\/\/archive.sana.sy\/tr\/index.php?rest_route=%2Fwp%2Fv2%2Fmedia&parent=44965"}],"wp:term":[{"taxonomy":"category","embeddable":true,"href":"https:\/\/archive.sana.sy\/tr\/index.php?rest_route=%2Fwp%2Fv2%2Fcategories&post=44965"},{"taxonomy":"post_tag","embeddable":true,"href":"https:\/\/archive.sana.sy\/tr\/index.php?rest_route=%2Fwp%2Fv2%2Ftags&post=44965"}],"curies":[{"name":"wp","href":"https:\/\/api.w.org\/{rel}","templated":true}]}}